{"id":10175,"date":"2021-08-08T01:28:55","date_gmt":"2021-08-08T04:28:55","guid":{"rendered":"https:\/\/agendadelsur.com\/?p=10175"},"modified":"2021-08-08T01:30:03","modified_gmt":"2021-08-08T04:30:03","slug":"jorge-cafrune","status":"publish","type":"post","link":"https:\/\/agendadelsur.com\/index.php\/2021\/08\/08\/jorge-cafrune\/","title":{"rendered":"Jorge Cafrune"},"content":{"rendered":"\n<p class=\"has-vivid-red-color has-text-color\"><strong><em>Jorge Antonio Cafrune Herrera naci\u00f3 en El Carmen, provincia de Jujuy un 8 de agosto de 1937 el seno de una familia argentina de t\u00edpicas costumbres gauchescas y antepasados de or\u00edgenes \u00e1rabes<\/em><\/strong><\/p>\n\n\n\n<p>El Turco, fue uno de los cantantes folcl\u00f3ricos argentinos m\u00e1s populares de su tiempo, adem\u00e1s de un incansable investigador, recopilador y difusor de la cultura nacional.<\/p>\n\n\n\n<p>Comenz\u00f3 su carrera con el grupo, \u00abLos Cantores del Alba\u00bb a fines de los a\u00f1os &#8217;50. Luego &nbsp;Cafrune decide continuar su camino como solista.<\/p>\n\n\n\n<p>En 1962 &nbsp;participa del Festival de Cosqu\u00edn, consagr\u00e1ndose por elecci\u00f3n del p\u00fablico como primera revelaci\u00f3n. Luego vendr\u00eda su primer disco y la consagraci\u00f3n definitiva con nuevas presentaciones en radio, televisi\u00f3n y teatros, adem\u00e1s de largas giras en las que siempre prefer\u00eda los pueblos peque\u00f1os a las grandes ciudades. Fue en uno de esos pueblitos, Huanguel\u00e9n, en la provincia de Buenos Aires, donde conoci\u00f3 y promovi\u00f3 a un joven cantor llamado Jos\u00e9 Larralde. En este per\u00edodo tambi\u00e9n sigui\u00f3 present\u00e1ndose cada a\u00f1o en Cosqu\u00edn y all\u00ed, en 1965, sin conocimiento de la organizaci\u00f3n present\u00f3 a una cantante tucumana llamada Mercedes Sosa.<\/p>\n\n\n\n<p>En 1967 presenta la gira \u00abDe a caballo por mi Patria\u00bb, en homenaje al Chacho Pe\u00f1aloza. En esta gira Cafrune recorri\u00f3 el pa\u00eds al estilo de los viejos gauchos, llevando su arte y su mensaje a todos los rincones.<\/p>\n\n\n\n<p>A mediados de los a\u00f1os 70 y a diferencia de otros artistas comprometidos, que se exiliaron cuando comenzaron las amenazas y las prohibiciones, Cafrune reconocido por su afinidad al Peronismo, decidi\u00f3 quedarse y seguir haciendo lo que mejor sab\u00eda hacer: cantar y opinar cantando y haciendo. Fue as\u00ed que en el festival de Cosqu\u00edn de enero de 1978 cuando su p\u00fablico le pidi\u00f3 una canci\u00f3n que estaba prohibida, Zamba de mi Esperanza, Cafrune accedi\u00f3 argumentando que &#8220;aunque no est\u00e1 en el repertorio autorizado, si mi pueblo me la pide, la voy a cantar&#8221;. Seg\u00fan un testimonio de Teresa Celia Meschiati eso fue demasiado para los militares, y en el tristemente c\u00e9lebre centro de concentraci\u00f3n clandestino cordob\u00e9s de La Perla, el entonces teniente primero Carlos Enrique Villanueva opin\u00f3 que \u201chab\u00eda que matarlo para prevenir a los otros\u201d.<\/p>\n\n\n\n<div class=\"wp-block-image\"><figure class=\"aligncenter size-large is-resized\"><img decoding=\"async\" src=\"https:\/\/agendadelsur.com\/wp-content\/uploads\/2021\/08\/Sin-titulo-1-1.jpg\" alt=\"\" class=\"wp-image-10176\" width=\"-297\" height=\"-213\" srcset=\"https:\/\/agendadelsur.com\/wp-content\/uploads\/2021\/08\/Sin-titulo-1-1.jpg 934w, https:\/\/agendadelsur.com\/wp-content\/uploads\/2021\/08\/Sin-titulo-1-1-300x215.jpg 300w, https:\/\/agendadelsur.com\/wp-content\/uploads\/2021\/08\/Sin-titulo-1-1-768x550.jpg 768w\" sizes=\"(max-width: 934px) 100vw, 934px\" \/><\/figure><\/div>\n\n\n\n<p>El 31 de enero de 1978, a modo de homenaje a Jos\u00e9 de San Mart\u00edn, Cafrune emprendi\u00f3 una traves\u00eda a caballo para llevar desde Plaza de Mayo hasta Yapey\u00fa, lugar de nacimiento del libertador, un cofre con tierra de Boulogne-sur-Mer, lugar de su fallecimiento. Esa noche, a poco de salir, fue embestido a la altura de Benav\u00eddez por una camioneta Rastrojero conducida por un joven de 19 o 20 a\u00f1os, H\u00e9ctor Emilio D\u00edaz. Cafrune falleci\u00f3 ese mismo d\u00eda a la medianoche. Si bien se cree que se habr\u00eda tratado de un asesinato planificado por parte de la dictadura militar y ordenado por coronel Carlos Enrique Villanueva, el hecho nunca fue esclarecido completamente y qued\u00f3 solo como un accidente.<\/p>\n\n\n\n<p><strong>Bonus Track<\/strong><\/p>\n\n\n\n<p><strong><em>An\u00e9cdota de Facundo Cabral y Jorge Cafrune, en Espa\u00f1a.<\/em><\/strong><\/p>\n\n\n\n<p><strong><em>Est\u00e1bamos en Espa\u00f1a con Jorge Cafrune. Conocimos a una condesa, era la primera vez que conoc\u00edamos a una condesa de verdad.<\/em><\/strong><\/p>\n\n\n\n<p><strong><em>Es una princesa de verdad, es decir: blanca, in\u00fatil y aburrida.<\/em><\/strong><\/p>\n\n\n\n<p><strong><em>El turco Cafrune, la miraba. La condesa lo miraba al turco. Estaba tan asombrado uno como otro&#8230;<\/em><\/strong><\/p>\n\n\n\n<p><strong><em>El se\u00f1or que nos la presento, dijo: Es una gran mujer! Acaba de donar un terreno de su familia para que la alcald\u00eda de Sevilla haga un parque p\u00fablico.<\/em><\/strong><\/p>\n\n\n\n<p><strong><em>Y el turco Cafrune, sin dejar de mirarla a los ojos, le pregunt\u00f3: \u00bfDon\u00f3 o devolvi\u00f3?<\/em><\/strong><\/p>\n\n\n\n<figure class=\"wp-block-table\"><table><tbody><tr><td>LA CAUTIVA:  <a href=\"https:\/\/www.youtube.com\/watch?v=1SNhN9msuIk\">https:\/\/www.youtube.com\/watch?v=1SNhN9msuIk<\/a> &nbsp;<\/td><\/tr><\/tbody><\/table><\/figure>\n","protected":false},"excerpt":{"rendered":"<p>Jorge Antonio Cafrune Herrera naci\u00f3 en El Carmen, provincia de Jujuy un 8 de agosto de 1937 el seno de una familia argentina de t\u00edpicas costumbres gauchescas y antepasados de or\u00edgenes \u00e1rabes El Turco, fue uno de los cantantes folcl\u00f3ricos argentinos m\u00e1s populares de su tiempo, adem\u00e1s de un incansable investigador, recopilador y difusor de [&hellip;]<\/p>\n","protected":false},"author":2,"featured_media":10177,"comment_status":"closed","ping_status":"open","sticky":false,"template":"","format":"standard","meta":{"footnotes":""},"categories":[16,9],"tags":[],"_links":{"self":[{"href":"https:\/\/agendadelsur.com\/index.php\/wp-json\/wp\/v2\/posts\/10175"}],"collection":[{"href":"https:\/\/agendadelsur.com\/index.php\/wp-json\/wp\/v2\/posts"}],"about":[{"href":"https:\/\/agendadelsur.com\/index.php\/wp-json\/wp\/v2\/types\/post"}],"author":[{"embeddable":true,"href":"https:\/\/agendadelsur.com\/index.php\/wp-json\/wp\/v2\/users\/2"}],"replies":[{"embeddable":true,"href":"https:\/\/agendadelsur.com\/index.php\/wp-json\/wp\/v2\/comments?post=10175"}],"version-history":[{"count":2,"href":"https:\/\/agendadelsur.com\/index.php\/wp-json\/wp\/v2\/posts\/10175\/revisions"}],"predecessor-version":[{"id":10179,"href":"https:\/\/agendadelsur.com\/index.php\/wp-json\/wp\/v2\/posts\/10175\/revisions\/10179"}],"wp:featuredmedia":[{"embeddable":true,"href":"https:\/\/agendadelsur.com\/index.php\/wp-json\/wp\/v2\/media\/10177"}],"wp:attachment":[{"href":"https:\/\/agendadelsur.com\/index.php\/wp-json\/wp\/v2\/media?parent=10175"}],"wp:term":[{"taxonomy":"category","embeddable":true,"href":"https:\/\/agendadelsur.com\/index.php\/wp-json\/wp\/v2\/categories?post=10175"},{"taxonomy":"post_tag","embeddable":true,"href":"https:\/\/agendadelsur.com\/index.php\/wp-json\/wp\/v2\/tags?post=10175"}],"curies":[{"name":"wp","href":"https:\/\/api.w.org\/{rel}","templated":true}]}}