{"id":10397,"date":"2021-08-14T23:21:10","date_gmt":"2021-08-15T02:21:10","guid":{"rendered":"https:\/\/agendadelsur.com\/?p=10397"},"modified":"2021-08-15T16:07:13","modified_gmt":"2021-08-15T19:07:13","slug":"nuevas-muestras-artisticas-en-el-cma","status":"publish","type":"post","link":"https:\/\/agendadelsur.com\/index.php\/2021\/08\/14\/nuevas-muestras-artisticas-en-el-cma\/","title":{"rendered":"Nuevas Muestras Art\u00edsticas en el CMA"},"content":{"rendered":"\n<p class=\"has-vivid-red-color has-text-color\"><strong><em>Este s\u00e1bado 14 a las 19 horas -el Centro Municipal de Arte de Avellaneda- inaugur\u00f3 sus nuevas muestras de arte.<\/em><\/strong><\/p>\n\n\n\n<figure class=\"wp-block-gallery columns-2 is-cropped wp-block-gallery-1 is-layout-flex wp-block-gallery-is-layout-flex\"><ul class=\"blocks-gallery-grid\"><li class=\"blocks-gallery-item\"><figure><img loading=\"lazy\" decoding=\"async\" width=\"1024\" height=\"1024\" src=\"https:\/\/agendadelsur.com\/wp-content\/uploads\/2021\/08\/232118963_4506960076063445_2825760630582107240_n-1024x1024.jpg\" alt=\"\" data-id=\"10398\" class=\"wp-image-10398\" srcset=\"https:\/\/agendadelsur.com\/wp-content\/uploads\/2021\/08\/232118963_4506960076063445_2825760630582107240_n-1024x1024.jpg 1024w, https:\/\/agendadelsur.com\/wp-content\/uploads\/2021\/08\/232118963_4506960076063445_2825760630582107240_n-300x300.jpg 300w, https:\/\/agendadelsur.com\/wp-content\/uploads\/2021\/08\/232118963_4506960076063445_2825760630582107240_n-150x150.jpg 150w, https:\/\/agendadelsur.com\/wp-content\/uploads\/2021\/08\/232118963_4506960076063445_2825760630582107240_n-768x768.jpg 768w, https:\/\/agendadelsur.com\/wp-content\/uploads\/2021\/08\/232118963_4506960076063445_2825760630582107240_n.jpg 1280w\" sizes=\"(max-width: 1024px) 100vw, 1024px\" \/><\/figure><\/li><li class=\"blocks-gallery-item\"><figure><img loading=\"lazy\" decoding=\"async\" width=\"1024\" height=\"1024\" src=\"https:\/\/agendadelsur.com\/wp-content\/uploads\/2021\/08\/235810571_4506960079396778_8256309161462944425_n-1-1024x1024.jpg\" alt=\"\" data-id=\"10402\" data-full-url=\"https:\/\/agendadelsur.com\/wp-content\/uploads\/2021\/08\/235810571_4506960079396778_8256309161462944425_n-1.jpg\" data-link=\"https:\/\/agendadelsur.com\/?attachment_id=10402\" class=\"wp-image-10402\" srcset=\"https:\/\/agendadelsur.com\/wp-content\/uploads\/2021\/08\/235810571_4506960079396778_8256309161462944425_n-1-1024x1024.jpg 1024w, https:\/\/agendadelsur.com\/wp-content\/uploads\/2021\/08\/235810571_4506960079396778_8256309161462944425_n-1-300x300.jpg 300w, https:\/\/agendadelsur.com\/wp-content\/uploads\/2021\/08\/235810571_4506960079396778_8256309161462944425_n-1-150x150.jpg 150w, https:\/\/agendadelsur.com\/wp-content\/uploads\/2021\/08\/235810571_4506960079396778_8256309161462944425_n-1-768x768.jpg 768w, https:\/\/agendadelsur.com\/wp-content\/uploads\/2021\/08\/235810571_4506960079396778_8256309161462944425_n-1.jpg 1280w\" sizes=\"(max-width: 1024px) 100vw, 1024px\" \/><\/figure><\/li><\/ul><\/figure>\n\n\n\n<figure class=\"wp-block-gallery columns-2 is-cropped wp-block-gallery-2 is-layout-flex wp-block-gallery-is-layout-flex\"><ul class=\"blocks-gallery-grid\"><li class=\"blocks-gallery-item\"><figure><img loading=\"lazy\" decoding=\"async\" width=\"1024\" height=\"1024\" src=\"https:\/\/agendadelsur.com\/wp-content\/uploads\/2021\/08\/236536888_4506960089396777_6627940743084223440_n-1-1024x1024.jpg\" alt=\"\" data-id=\"10403\" data-link=\"https:\/\/agendadelsur.com\/?attachment_id=10403\" class=\"wp-image-10403\" srcset=\"https:\/\/agendadelsur.com\/wp-content\/uploads\/2021\/08\/236536888_4506960089396777_6627940743084223440_n-1-1024x1024.jpg 1024w, https:\/\/agendadelsur.com\/wp-content\/uploads\/2021\/08\/236536888_4506960089396777_6627940743084223440_n-1-300x300.jpg 300w, https:\/\/agendadelsur.com\/wp-content\/uploads\/2021\/08\/236536888_4506960089396777_6627940743084223440_n-1-150x150.jpg 150w, https:\/\/agendadelsur.com\/wp-content\/uploads\/2021\/08\/236536888_4506960089396777_6627940743084223440_n-1-768x768.jpg 768w, https:\/\/agendadelsur.com\/wp-content\/uploads\/2021\/08\/236536888_4506960089396777_6627940743084223440_n-1.jpg 1280w\" sizes=\"(max-width: 1024px) 100vw, 1024px\" \/><\/figure><\/li><li class=\"blocks-gallery-item\"><figure><img loading=\"lazy\" decoding=\"async\" width=\"1024\" height=\"1024\" src=\"https:\/\/agendadelsur.com\/wp-content\/uploads\/2021\/08\/237003735_4506960086063444_1277907381467976466_n-1-1024x1024.jpg\" alt=\"\" data-id=\"10404\" data-full-url=\"https:\/\/agendadelsur.com\/wp-content\/uploads\/2021\/08\/237003735_4506960086063444_1277907381467976466_n-1.jpg\" data-link=\"https:\/\/agendadelsur.com\/?attachment_id=10404\" class=\"wp-image-10404\" srcset=\"https:\/\/agendadelsur.com\/wp-content\/uploads\/2021\/08\/237003735_4506960086063444_1277907381467976466_n-1-1024x1024.jpg 1024w, https:\/\/agendadelsur.com\/wp-content\/uploads\/2021\/08\/237003735_4506960086063444_1277907381467976466_n-1-300x300.jpg 300w, https:\/\/agendadelsur.com\/wp-content\/uploads\/2021\/08\/237003735_4506960086063444_1277907381467976466_n-1-150x150.jpg 150w, https:\/\/agendadelsur.com\/wp-content\/uploads\/2021\/08\/237003735_4506960086063444_1277907381467976466_n-1-768x768.jpg 768w, https:\/\/agendadelsur.com\/wp-content\/uploads\/2021\/08\/237003735_4506960086063444_1277907381467976466_n-1.jpg 1280w\" sizes=\"(max-width: 1024px) 100vw, 1024px\" \/><\/figure><\/li><\/ul><\/figure>\n\n\n\n<p>La entrada es libre y gratuita. Y las visitas guiadas ser\u00e1n por turno.<\/p>\n\n\n\n<p>San Martin 797, Avellaneda.<\/p>\n\n\n\n<p>&nbsp;[+Info: visitascma@gmail.com]<\/p>\n","protected":false},"excerpt":{"rendered":"<p>Este s\u00e1bado 14 a las 19 horas -el Centro Municipal de Arte de Avellaneda- inaugur\u00f3 sus nuevas muestras de arte. La entrada es libre y gratuita. Y las visitas guiadas ser\u00e1n por turno. San Martin 797, Avellaneda. &nbsp;[+Info: visitascma@gmail.com]<\/p>\n","protected":false},"author":2,"featured_media":10405,"comment_status":"closed","ping_status":"open","sticky":false,"template":"","format":"standard","meta":{"footnotes":""},"categories":[4],"tags":[],"_links":{"self":[{"href":"https:\/\/agendadelsur.com\/index.php\/wp-json\/wp\/v2\/posts\/10397"}],"collection":[{"href":"https:\/\/agendadelsur.com\/index.php\/wp-json\/wp\/v2\/posts"}],"about":[{"href":"https:\/\/agendadelsur.com\/index.php\/wp-json\/wp\/v2\/types\/post"}],"author":[{"embeddable":true,"href":"https:\/\/agendadelsur.com\/index.php\/wp-json\/wp\/v2\/users\/2"}],"replies":[{"embeddable":true,"href":"https:\/\/agendadelsur.com\/index.php\/wp-json\/wp\/v2\/comments?post=10397"}],"version-history":[{"count":1,"href":"https:\/\/agendadelsur.com\/index.php\/wp-json\/wp\/v2\/posts\/10397\/revisions"}],"predecessor-version":[{"id":10406,"href":"https:\/\/agendadelsur.com\/index.php\/wp-json\/wp\/v2\/posts\/10397\/revisions\/10406"}],"wp:featuredmedia":[{"embeddable":true,"href":"https:\/\/agendadelsur.com\/index.php\/wp-json\/wp\/v2\/media\/10405"}],"wp:attachment":[{"href":"https:\/\/agendadelsur.com\/index.php\/wp-json\/wp\/v2\/media?parent=10397"}],"wp:term":[{"taxonomy":"category","embeddable":true,"href":"https:\/\/agendadelsur.com\/index.php\/wp-json\/wp\/v2\/categories?post=10397"},{"taxonomy":"post_tag","embeddable":true,"href":"https:\/\/agendadelsur.com\/index.php\/wp-json\/wp\/v2\/tags?post=10397"}],"curies":[{"name":"wp","href":"https:\/\/api.w.org\/{rel}","templated":true}]}}