{"id":11067,"date":"2021-09-05T18:45:57","date_gmt":"2021-09-05T21:45:57","guid":{"rendered":"https:\/\/agendadelsur.com\/?p=11067"},"modified":"2021-09-05T18:45:58","modified_gmt":"2021-09-05T21:45:58","slug":"no-creemos-en-el-salvese-quien-pueda","status":"publish","type":"post","link":"https:\/\/agendadelsur.com\/index.php\/2021\/09\/05\/no-creemos-en-el-salvese-quien-pueda\/","title":{"rendered":"\u201cNo creemos en el s\u00e1lvese quien pueda\u201d"},"content":{"rendered":"\n<p class=\"has-vivid-red-color has-text-color\"><strong><em>El candidato a diputado nacional Leandro Santoro encabez\u00f3 un nuevo acto multitudinario en el Parque Lezama. All\u00ed resalt\u00f3, frente a una multitud de j\u00f3venes, que el poder nace de \u201clas ideas, los valores y el esfuerzo colectivo\u201d.<\/em><\/strong><\/p>\n\n\n\n<figure class=\"wp-block-gallery aligncenter columns-2 is-cropped wp-block-gallery-1 is-layout-flex wp-block-gallery-is-layout-flex\"><ul class=\"blocks-gallery-grid\"><li class=\"blocks-gallery-item\"><figure><img loading=\"lazy\" decoding=\"async\" width=\"960\" height=\"640\" src=\"https:\/\/agendadelsur.com\/wp-content\/uploads\/2021\/09\/PLAZA-SANTORO.jpg\" alt=\"\" data-id=\"11068\" class=\"wp-image-11068\" srcset=\"https:\/\/agendadelsur.com\/wp-content\/uploads\/2021\/09\/PLAZA-SANTORO.jpg 960w, https:\/\/agendadelsur.com\/wp-content\/uploads\/2021\/09\/PLAZA-SANTORO-300x200.jpg 300w, https:\/\/agendadelsur.com\/wp-content\/uploads\/2021\/09\/PLAZA-SANTORO-768x512.jpg 768w\" sizes=\"(max-width: 960px) 100vw, 960px\" \/><\/figure><\/li><li class=\"blocks-gallery-item\"><figure><img loading=\"lazy\" decoding=\"async\" width=\"955\" height=\"682\" src=\"https:\/\/agendadelsur.com\/wp-content\/uploads\/2021\/09\/E-d9rMHXMAUNnY_-1.jpg\" alt=\"\" data-id=\"11070\" data-full-url=\"https:\/\/agendadelsur.com\/wp-content\/uploads\/2021\/09\/E-d9rMHXMAUNnY_-1.jpg\" data-link=\"https:\/\/agendadelsur.com\/?attachment_id=11070\" class=\"wp-image-11070\" srcset=\"https:\/\/agendadelsur.com\/wp-content\/uploads\/2021\/09\/E-d9rMHXMAUNnY_-1.jpg 955w, https:\/\/agendadelsur.com\/wp-content\/uploads\/2021\/09\/E-d9rMHXMAUNnY_-1-300x214.jpg 300w, https:\/\/agendadelsur.com\/wp-content\/uploads\/2021\/09\/E-d9rMHXMAUNnY_-1-768x548.jpg 768w\" sizes=\"(max-width: 955px) 100vw, 955px\" \/><\/figure><\/li><\/ul><\/figure>\n\n\n\n<p>En el nuevo acto de campa\u00f1a, el precandidato a diputado nacional del Frente de Todos por CABA, &nbsp;sostuvo que &nbsp;\u201chay que reivindicar la sensibilidad porque es lo que nos permite avanzar hacia un pa\u00eds m\u00e1s justo, m\u00e1s sustentable y con igualdad de derechos\u201d, porque \u201cpara alcanzar una nueva mayor\u00eda popular tenemos que articular con distintos sectores, como hicieron ustedes conmigo y con la relaci\u00f3n que construimos\u201d.<\/p>\n\n\n\n<p>Santoro, tambi\u00e9n expres\u00f3 que: \u201cno creemos en que las personas valen por lo que tienen sino por lo que son. No todo se compra y se vende. Al poder lo determinan las ideas, los valores y el esfuerzo colectivo\u201d.<\/p>\n\n\n\n<p>&#8220;hay una bandera que no hay que olvidar de levantar: la de la amistad, que es la etapa superior de la solidaridad. La batalla que tenemos que dar es dif\u00edcil, pero entre todos y todas vamos a ganarla\u201d concluy\u00f3 el candidato.<\/p>\n","protected":false},"excerpt":{"rendered":"<p>El candidato a diputado nacional Leandro Santoro encabez\u00f3 un nuevo acto multitudinario en el Parque Lezama. All\u00ed resalt\u00f3, frente a una multitud de j\u00f3venes, que el poder nace de \u201clas ideas, los valores y el esfuerzo colectivo\u201d. En el nuevo acto de campa\u00f1a, el precandidato a diputado nacional del Frente de Todos por CABA, &nbsp;sostuvo [&hellip;]<\/p>\n","protected":false},"author":2,"featured_media":11071,"comment_status":"closed","ping_status":"open","sticky":false,"template":"","format":"standard","meta":{"footnotes":""},"categories":[926],"tags":[2715,3195,3194],"_links":{"self":[{"href":"https:\/\/agendadelsur.com\/index.php\/wp-json\/wp\/v2\/posts\/11067"}],"collection":[{"href":"https:\/\/agendadelsur.com\/index.php\/wp-json\/wp\/v2\/posts"}],"about":[{"href":"https:\/\/agendadelsur.com\/index.php\/wp-json\/wp\/v2\/types\/post"}],"author":[{"embeddable":true,"href":"https:\/\/agendadelsur.com\/index.php\/wp-json\/wp\/v2\/users\/2"}],"replies":[{"embeddable":true,"href":"https:\/\/agendadelsur.com\/index.php\/wp-json\/wp\/v2\/comments?post=11067"}],"version-history":[{"count":1,"href":"https:\/\/agendadelsur.com\/index.php\/wp-json\/wp\/v2\/posts\/11067\/revisions"}],"predecessor-version":[{"id":11072,"href":"https:\/\/agendadelsur.com\/index.php\/wp-json\/wp\/v2\/posts\/11067\/revisions\/11072"}],"wp:featuredmedia":[{"embeddable":true,"href":"https:\/\/agendadelsur.com\/index.php\/wp-json\/wp\/v2\/media\/11071"}],"wp:attachment":[{"href":"https:\/\/agendadelsur.com\/index.php\/wp-json\/wp\/v2\/media?parent=11067"}],"wp:term":[{"taxonomy":"category","embeddable":true,"href":"https:\/\/agendadelsur.com\/index.php\/wp-json\/wp\/v2\/categories?post=11067"},{"taxonomy":"post_tag","embeddable":true,"href":"https:\/\/agendadelsur.com\/index.php\/wp-json\/wp\/v2\/tags?post=11067"}],"curies":[{"name":"wp","href":"https:\/\/api.w.org\/{rel}","templated":true}]}}