{"id":1110,"date":"2020-03-12T18:41:36","date_gmt":"2020-03-12T18:41:36","guid":{"rendered":"https:\/\/agendadelsur.com\/?p=1110"},"modified":"2020-03-12T18:41:37","modified_gmt":"2020-03-12T18:41:37","slug":"universidades-del-conurbano-y-el-astillero-rio-santiago-firmaron-un-convenio-de-cooperacion","status":"publish","type":"post","link":"https:\/\/agendadelsur.com\/index.php\/2020\/03\/12\/universidades-del-conurbano-y-el-astillero-rio-santiago-firmaron-un-convenio-de-cooperacion\/","title":{"rendered":"Universidades del conurbano y el Astillero R\u00edo Santiago firmaron un convenio de cooperaci\u00f3n"},"content":{"rendered":"\n<p>&nbsp;Se\ntrata de la UTN Avellaneda, la UNDAV y la UNQ. El objetivo es realizar un\ndiagn\u00f3stico de la situaci\u00f3n de la empresa y formular propuestas de\nmejoramiento, avance y desarrollo.<\/p>\n\n\n\n<p>&nbsp;El acuerdo establece que las Universidades ser\u00e1n responsables de\nla auditor\u00eda para determinar las condiciones t\u00e9cnicas y administrativas en las\nque se encuentra el Astillero, que se vio afectado en sus funciones de\nproducci\u00f3n industrial naviera en el transcurso de los \u00faltimos cuatro a\u00f1os. Una vez\nestablecido el informe de situaci\u00f3n, se propondr\u00e1n oportunidades de mejora para\nreactivar la producci\u00f3n en el marco del proyecto nacional de industria y\ntransporte naval.<\/p>\n\n\n\n<p>&nbsp;El convenio fue firmado por el Vicedecano de la Regional\nAvellaneda, Ing. Enrique Filgueira, en representaci\u00f3n del Decano, Ing. Jorge\nOmar Del Gener; el Rector de la UNDAV, Ing. Jorge Calzoni; el Rector de la UNQ,\nDr. Alejandro Villar, y el Presidente del Astillero, Ariel Basteiro. Tambi\u00e9n\nparticip\u00f3 del encuentro el Secretario de Planeamiento de la UTN Avellaneda,\nIng. Ariel B\u00e1ez.<\/p>\n","protected":false},"excerpt":{"rendered":"<p>&nbsp;Se trata de la UTN Avellaneda, la UNDAV y la UNQ. El objetivo es realizar un diagn\u00f3stico de la situaci\u00f3n de la empresa y formular propuestas de mejoramiento, avance y desarrollo. &nbsp;El acuerdo establece que las Universidades ser\u00e1n responsables de la auditor\u00eda para determinar las condiciones t\u00e9cnicas y administrativas en las que se encuentra el [&hellip;]<\/p>\n","protected":false},"author":2,"featured_media":1111,"comment_status":"closed","ping_status":"open","sticky":false,"template":"","format":"standard","meta":{"footnotes":""},"categories":[4,9],"tags":[86,213,48,132],"_links":{"self":[{"href":"https:\/\/agendadelsur.com\/index.php\/wp-json\/wp\/v2\/posts\/1110"}],"collection":[{"href":"https:\/\/agendadelsur.com\/index.php\/wp-json\/wp\/v2\/posts"}],"about":[{"href":"https:\/\/agendadelsur.com\/index.php\/wp-json\/wp\/v2\/types\/post"}],"author":[{"embeddable":true,"href":"https:\/\/agendadelsur.com\/index.php\/wp-json\/wp\/v2\/users\/2"}],"replies":[{"embeddable":true,"href":"https:\/\/agendadelsur.com\/index.php\/wp-json\/wp\/v2\/comments?post=1110"}],"version-history":[{"count":1,"href":"https:\/\/agendadelsur.com\/index.php\/wp-json\/wp\/v2\/posts\/1110\/revisions"}],"predecessor-version":[{"id":1112,"href":"https:\/\/agendadelsur.com\/index.php\/wp-json\/wp\/v2\/posts\/1110\/revisions\/1112"}],"wp:featuredmedia":[{"embeddable":true,"href":"https:\/\/agendadelsur.com\/index.php\/wp-json\/wp\/v2\/media\/1111"}],"wp:attachment":[{"href":"https:\/\/agendadelsur.com\/index.php\/wp-json\/wp\/v2\/media?parent=1110"}],"wp:term":[{"taxonomy":"category","embeddable":true,"href":"https:\/\/agendadelsur.com\/index.php\/wp-json\/wp\/v2\/categories?post=1110"},{"taxonomy":"post_tag","embeddable":true,"href":"https:\/\/agendadelsur.com\/index.php\/wp-json\/wp\/v2\/tags?post=1110"}],"curies":[{"name":"wp","href":"https:\/\/api.w.org\/{rel}","templated":true}]}}