{"id":1113,"date":"2020-03-12T18:46:18","date_gmt":"2020-03-12T18:46:18","guid":{"rendered":"https:\/\/agendadelsur.com\/?p=1113"},"modified":"2020-03-12T18:46:19","modified_gmt":"2020-03-12T18:46:19","slug":"el-gobierno-nacional-creo-un-fondo-especial-de-1700-millones-de-pesos-para-reforzar-el-sistema-de-salud-ante-el-coronavirus-covid-19","status":"publish","type":"post","link":"https:\/\/agendadelsur.com\/index.php\/2020\/03\/12\/el-gobierno-nacional-creo-un-fondo-especial-de-1700-millones-de-pesos-para-reforzar-el-sistema-de-salud-ante-el-coronavirus-covid-19\/","title":{"rendered":"El Gobierno Nacional cre\u00f3 un fondo especial de 1700 millones de pesos para reforzar el sistema de salud ante el Coronavirus COVID-19"},"content":{"rendered":"\n<p>El presidente Alberto Fern\u00e1ndez inform\u00f3 durante una reuni\u00f3n\nde coordinaci\u00f3n interministerial, que tuvo lugar en Casa Rosada, que se\ndestinar\u00e1 una partida presupuestaria extraordinaria de 1700 millones de pesos\npara optimizar la respuesta ante la situaci\u00f3n del nuevo Coronavirus COVID-19.<\/p>\n\n\n\n<p>Una vez finalizado el encuentro, la secretaria de Acceso a\nla Salud, Carla Vizzotti ofreci\u00f3 una conferencia de prensa junto al titular de\nla Fundaci\u00f3n Hu\u00e9sped, Pedro Cahn, y a la embajadora especial sobre este tema de\nla OMS\/OPS para Am\u00e9rica Latina y el Caribe, Mirta Roses.<\/p>\n\n\n\n<p>Vizzotti indic\u00f3 que ese fondo espec\u00edficose destinar\u00e1 \u201ca\nfortalecer el diagnostico, fortalecer el equipamiento de los laboratorios del\npa\u00eds y del laboratorio nacional de referencia, a tener reactivos para el\ndiagn\u00f3stico en esta temporada de invierno, y al fortalecimiento de equipamiento\nen los hospitales\u201d.<\/p>\n\n\n\n<p>Adem\u00e1s, inform\u00f3 que existen nuevas medidas de prevenci\u00f3n que\nse suman a las de higiene de manos, aireado de ambientes, limpieza de las\nsuperficies, y la consulta precoz con el sistema de salud en caso de presentar\ns\u00edntomas para su atenci\u00f3n.<\/p>\n\n\n\n<p>\u201cLa recomendaci\u00f3n que se suma a la poblaci\u00f3n es la de no\nviajar a \u00e1reas de transmisi\u00f3n sostenida del virus. Esas \u00e1reas se ampliaron a\nEuropa, Estados Unidos, Ir\u00e1n, Jap\u00f3n, China y Corea del Sur\u201d, explic\u00f3 Vizzotti.<\/p>\n\n\n\n<p>Por su parte, Roses dijo que \u201cla situaci\u00f3n de Italia es\nrealmente muy preocupante y de gran trascendencia para la Argentina, porque\ntenemos una vinculaci\u00f3n y un tr\u00e1nsito de pasajeros directo y de gran cantidad,\ntanto de personas que viajan hacia y desde Italia\u201d.<\/p>\n\n\n\n<p>Al respecto se\u00f1al\u00f3 que \u201clas medidas de toma de temperatura\nen aeropuertos no son eficaces porque la persona puede estar incubando y sin\nninguna temperatura, que es lo que le ha pasado a Italia\u201d.<\/p>\n\n\n\n<p>&nbsp;\u201cItalia es el pa\u00eds\nque m\u00e1s implant\u00f3 el control de temperatura en los aeropuertos y es el pa\u00eds que\ntiene la situaci\u00f3n m\u00e1s compleja\u201d, enfatiz\u00f3.<\/p>\n\n\n\n<p>La Argentina contin\u00faa en una fase de contenci\u00f3n ya que hasta\nel momento se registran 17 casos confirmados de Coronavirus COVID-19, y todos\nellos contrajeron la enfermedad en el extranjero.<\/p>\n\n\n\n<p>El titular de la Fundaci\u00f3n Hu\u00e9sped, Pedro Cahn, remarc\u00f3 que\nes necesario tener en cuenta que se trata de \u201cuna epidemia din\u00e1mica\u201d y que \u201cal\nd\u00eda de la fecha no tenemos comprobada circulaci\u00f3n local. Pero no es imposible\nque eso ocurra en alg\u00fan momento, y por eso tambi\u00e9n est\u00e1n planificadas una\ncantidad de medidas para la fase de mitigaci\u00f3n por si se llega a producir la\ncirculaci\u00f3n local\u201d.<\/p>\n\n\n\n<p>El experto convoc\u00f3 a cuidar especialmente a los adultos\nmayores porque la gravedad de la enfermedad aumenta con la edad. \u201cEs necesario\nevitar las congregaciones, las reuniones en centros de jubilados, tener cuidado\nespecial en los geri\u00e1tricos, y las personas que hayan venido del exterior no\ndeber\u00edan acercarse a lugares donde se concentran adultos mayores\u201d, enfatiz\u00f3.<\/p>\n\n\n\n<p>Adem\u00e1s, dijo que \u201ces necesario promover la vacunaci\u00f3n\nantigripal de las personas que lo tienen indicado, porque nos permite mitigar\nla epidemia de influenza que viene bastante severa, y se va constituir en un\ntema de diagn\u00f3stico diferencial\u201d.<\/p>\n\n\n\n<p>De la reuni\u00f3n de coordinaci\u00f3n interministerial participaron\nadem\u00e1s de gran parte del gabinete nacional, representantes de m\u00e1s de 10\nsociedad cient\u00edficas que acompa\u00f1an al Gobierno en el proceso de generaci\u00f3n de\nrecomendaciones y de evaluaci\u00f3n de la situaci\u00f3n.<\/p>\n","protected":false},"excerpt":{"rendered":"<p>El presidente Alberto Fern\u00e1ndez inform\u00f3 durante una reuni\u00f3n de coordinaci\u00f3n interministerial, que tuvo lugar en Casa Rosada, que se destinar\u00e1 una partida presupuestaria extraordinaria de 1700 millones de pesos para optimizar la respuesta ante la situaci\u00f3n del nuevo Coronavirus COVID-19. Una vez finalizado el encuentro, la secretaria de Acceso a la Salud, Carla Vizzotti ofreci\u00f3 [&hellip;]<\/p>\n","protected":false},"author":2,"featured_media":1114,"comment_status":"closed","ping_status":"open","sticky":false,"template":"","format":"standard","meta":{"footnotes":""},"categories":[9],"tags":[216,215],"_links":{"self":[{"href":"https:\/\/agendadelsur.com\/index.php\/wp-json\/wp\/v2\/posts\/1113"}],"collection":[{"href":"https:\/\/agendadelsur.com\/index.php\/wp-json\/wp\/v2\/posts"}],"about":[{"href":"https:\/\/agendadelsur.com\/index.php\/wp-json\/wp\/v2\/types\/post"}],"author":[{"embeddable":true,"href":"https:\/\/agendadelsur.com\/index.php\/wp-json\/wp\/v2\/users\/2"}],"replies":[{"embeddable":true,"href":"https:\/\/agendadelsur.com\/index.php\/wp-json\/wp\/v2\/comments?post=1113"}],"version-history":[{"count":1,"href":"https:\/\/agendadelsur.com\/index.php\/wp-json\/wp\/v2\/posts\/1113\/revisions"}],"predecessor-version":[{"id":1115,"href":"https:\/\/agendadelsur.com\/index.php\/wp-json\/wp\/v2\/posts\/1113\/revisions\/1115"}],"wp:featuredmedia":[{"embeddable":true,"href":"https:\/\/agendadelsur.com\/index.php\/wp-json\/wp\/v2\/media\/1114"}],"wp:attachment":[{"href":"https:\/\/agendadelsur.com\/index.php\/wp-json\/wp\/v2\/media?parent=1113"}],"wp:term":[{"taxonomy":"category","embeddable":true,"href":"https:\/\/agendadelsur.com\/index.php\/wp-json\/wp\/v2\/categories?post=1113"},{"taxonomy":"post_tag","embeddable":true,"href":"https:\/\/agendadelsur.com\/index.php\/wp-json\/wp\/v2\/tags?post=1113"}],"curies":[{"name":"wp","href":"https:\/\/api.w.org\/{rel}","templated":true}]}}