{"id":11634,"date":"2021-09-22T20:56:37","date_gmt":"2021-09-22T23:56:37","guid":{"rendered":"https:\/\/agendadelsur.com\/?p=11634"},"modified":"2021-09-22T20:56:38","modified_gmt":"2021-09-22T23:56:38","slug":"buenos-aires-vacunate-comedores-escolares-y-refuerzo-escolar","status":"publish","type":"post","link":"https:\/\/agendadelsur.com\/index.php\/2021\/09\/22\/buenos-aires-vacunate-comedores-escolares-y-refuerzo-escolar\/","title":{"rendered":"Buenos Aires Vacunate. Comedores escolares y Refuerzo escolar"},"content":{"rendered":"\n<p>En la Provincia de Buenos a partir de ma\u00f1ana habr\u00e1 segunda dosis libre para mayores de 50 a\u00f1os, personal de salud, embarazadas e inmunodeprimidos, en tanto hayan cumplido con el plazo interdosis de cada esquema.<\/p>\n\n\n\n<ul><li>En tanto los Comedores Escolares, a partir del mes de octubre, sumado a la colaci\u00f3n, los comedores ofrecer\u00e1n el almuerzo. Tambi\u00e9n continuar\u00e1 la entrega de los m\u00f3dulos alimentarios.<\/li><\/ul>\n\n\n\n<div class=\"wp-block-image\"><figure class=\"aligncenter size-large is-resized\"><img loading=\"lazy\" decoding=\"async\" src=\"https:\/\/agendadelsur.com\/wp-content\/uploads\/2021\/09\/242180182_2067656640066830_6238806858598145428_n-1024x576.png\" alt=\"\" class=\"wp-image-11635\" width=\"559\" height=\"314\" srcset=\"https:\/\/agendadelsur.com\/wp-content\/uploads\/2021\/09\/242180182_2067656640066830_6238806858598145428_n-1024x576.png 1024w, https:\/\/agendadelsur.com\/wp-content\/uploads\/2021\/09\/242180182_2067656640066830_6238806858598145428_n-300x169.png 300w, https:\/\/agendadelsur.com\/wp-content\/uploads\/2021\/09\/242180182_2067656640066830_6238806858598145428_n-768x432.png 768w, https:\/\/agendadelsur.com\/wp-content\/uploads\/2021\/09\/242180182_2067656640066830_6238806858598145428_n-1536x863.png 1536w, https:\/\/agendadelsur.com\/wp-content\/uploads\/2021\/09\/242180182_2067656640066830_6238806858598145428_n.png 2048w\" sizes=\"(max-width: 559px) 100vw, 559px\" \/><\/figure><\/div>\n\n\n\n<ul><li>Y el Refuerzo escolar, se implementar\u00e1 para chicos y chicas de todos los niveles con clases presenciales a contraturno y\/o los s\u00e1bados, para afianzar contenido. Ser\u00e1 obligatorio en algunos casos y recomendado en otros.<\/li><\/ul>\n\n\n\n<div class=\"wp-block-image\"><figure class=\"aligncenter size-large is-resized\"><img loading=\"lazy\" decoding=\"async\" src=\"https:\/\/agendadelsur.com\/wp-content\/uploads\/2021\/09\/242260971_2067657003400127_1836988490406497743_n-1-1024x576.png\" alt=\"\" class=\"wp-image-11636\" width=\"574\" height=\"324\" srcset=\"https:\/\/agendadelsur.com\/wp-content\/uploads\/2021\/09\/242260971_2067657003400127_1836988490406497743_n-1-1024x576.png 1024w, https:\/\/agendadelsur.com\/wp-content\/uploads\/2021\/09\/242260971_2067657003400127_1836988490406497743_n-1-300x169.png 300w, https:\/\/agendadelsur.com\/wp-content\/uploads\/2021\/09\/242260971_2067657003400127_1836988490406497743_n-1-768x432.png 768w, https:\/\/agendadelsur.com\/wp-content\/uploads\/2021\/09\/242260971_2067657003400127_1836988490406497743_n-1-1536x863.png 1536w, https:\/\/agendadelsur.com\/wp-content\/uploads\/2021\/09\/242260971_2067657003400127_1836988490406497743_n-1.png 2048w\" sizes=\"(max-width: 574px) 100vw, 574px\" \/><\/figure><\/div>\n","protected":false},"excerpt":{"rendered":"<p>En la Provincia de Buenos a partir de ma\u00f1ana habr\u00e1 segunda dosis libre para mayores de 50 a\u00f1os, personal de salud, embarazadas e inmunodeprimidos, en tanto hayan cumplido con el plazo interdosis de cada esquema. En tanto los Comedores Escolares, a partir del mes de octubre, sumado a la colaci\u00f3n, los comedores ofrecer\u00e1n el almuerzo. [&hellip;]<\/p>\n","protected":false},"author":2,"featured_media":11638,"comment_status":"closed","ping_status":"open","sticky":false,"template":"","format":"standard","meta":{"footnotes":""},"categories":[1419],"tags":[3451,3452,3453],"_links":{"self":[{"href":"https:\/\/agendadelsur.com\/index.php\/wp-json\/wp\/v2\/posts\/11634"}],"collection":[{"href":"https:\/\/agendadelsur.com\/index.php\/wp-json\/wp\/v2\/posts"}],"about":[{"href":"https:\/\/agendadelsur.com\/index.php\/wp-json\/wp\/v2\/types\/post"}],"author":[{"embeddable":true,"href":"https:\/\/agendadelsur.com\/index.php\/wp-json\/wp\/v2\/users\/2"}],"replies":[{"embeddable":true,"href":"https:\/\/agendadelsur.com\/index.php\/wp-json\/wp\/v2\/comments?post=11634"}],"version-history":[{"count":1,"href":"https:\/\/agendadelsur.com\/index.php\/wp-json\/wp\/v2\/posts\/11634\/revisions"}],"predecessor-version":[{"id":11639,"href":"https:\/\/agendadelsur.com\/index.php\/wp-json\/wp\/v2\/posts\/11634\/revisions\/11639"}],"wp:featuredmedia":[{"embeddable":true,"href":"https:\/\/agendadelsur.com\/index.php\/wp-json\/wp\/v2\/media\/11638"}],"wp:attachment":[{"href":"https:\/\/agendadelsur.com\/index.php\/wp-json\/wp\/v2\/media?parent=11634"}],"wp:term":[{"taxonomy":"category","embeddable":true,"href":"https:\/\/agendadelsur.com\/index.php\/wp-json\/wp\/v2\/categories?post=11634"},{"taxonomy":"post_tag","embeddable":true,"href":"https:\/\/agendadelsur.com\/index.php\/wp-json\/wp\/v2\/tags?post=11634"}],"curies":[{"name":"wp","href":"https:\/\/api.w.org\/{rel}","templated":true}]}}