{"id":11658,"date":"2021-09-23T01:00:35","date_gmt":"2021-09-23T04:00:35","guid":{"rendered":"https:\/\/agendadelsur.com\/?p=11658"},"modified":"2021-09-23T01:30:09","modified_gmt":"2021-09-23T04:30:09","slug":"se-recuperan-los-trenes-doble-piso","status":"publish","type":"post","link":"https:\/\/agendadelsur.com\/index.php\/2021\/09\/23\/se-recuperan-los-trenes-doble-piso\/","title":{"rendered":"Se recuperan los trenes doble piso"},"content":{"rendered":"\n<p><strong><em>Los coches doble piso ser\u00e1n reacondicionandos en Astilleros Tandanor Cindar. Las unidades ferroviarias, que fueron utilizadas por las l\u00edneas Sarmiento y Mitre hasta el a\u00f1o 2015 y que durante el gobierno de Macri fueron desactivados y arrumbados en los talleres de Haedo, ya se encuentran para su reparaci\u00f3n en los astilleros estatales.<\/em><\/strong><\/p>\n\n\n\n<figure class=\"wp-block-gallery columns-2 is-cropped wp-block-gallery-1 is-layout-flex wp-block-gallery-is-layout-flex\"><ul class=\"blocks-gallery-grid\"><li class=\"blocks-gallery-item\"><figure><img loading=\"lazy\" decoding=\"async\" width=\"600\" height=\"354\" src=\"https:\/\/agendadelsur.com\/wp-content\/uploads\/2021\/09\/doble-piso-diferencial-sofse-1.jpg\" alt=\"\" data-id=\"11664\" data-full-url=\"https:\/\/agendadelsur.com\/wp-content\/uploads\/2021\/09\/doble-piso-diferencial-sofse-1.jpg\" data-link=\"https:\/\/agendadelsur.com\/index.php\/2021\/09\/23\/se-recuperan-los-trenes-doble-piso\/doble-piso-diferencial-sofse-1\/\" class=\"wp-image-11664\" srcset=\"https:\/\/agendadelsur.com\/wp-content\/uploads\/2021\/09\/doble-piso-diferencial-sofse-1.jpg 600w, https:\/\/agendadelsur.com\/wp-content\/uploads\/2021\/09\/doble-piso-diferencial-sofse-1-300x177.jpg 300w\" sizes=\"(max-width: 600px) 100vw, 600px\" \/><\/figure><\/li><li class=\"blocks-gallery-item\"><figure><img loading=\"lazy\" decoding=\"async\" width=\"600\" height=\"354\" src=\"https:\/\/agendadelsur.com\/wp-content\/uploads\/2021\/09\/doble-piso-interior-1.jpg\" alt=\"\" data-id=\"11665\" data-full-url=\"https:\/\/agendadelsur.com\/wp-content\/uploads\/2021\/09\/doble-piso-interior-1.jpg\" data-link=\"https:\/\/agendadelsur.com\/index.php\/2021\/09\/23\/se-recuperan-los-trenes-doble-piso\/doble-piso-interior-1\/\" class=\"wp-image-11665\" srcset=\"https:\/\/agendadelsur.com\/wp-content\/uploads\/2021\/09\/doble-piso-interior-1.jpg 600w, https:\/\/agendadelsur.com\/wp-content\/uploads\/2021\/09\/doble-piso-interior-1-300x177.jpg 300w\" sizes=\"(max-width: 600px) 100vw, 600px\" \/><\/figure><\/li><\/ul><\/figure>\n\n\n\n<p>La empresa Trenes Argentinos traslad\u00f3 a los astilleros 27 unidades, que se encontraban ocultas, y que ser\u00e1n reacondicionados para volver a utilizarse en el servicio de pasajeros.<\/p>\n\n\n\n<p>En cada coche se realizar\u00e1n adecuaciones en los paragolpes, ensanchamientos de puertas y la incorporaci\u00f3n de ba\u00f1os m\u00e1s amplios para pasajeros con movilidad reducida. Adem\u00e1s, se cambiar\u00e1 el sistema neum\u00e1tico y el\u00e9ctrico para el funcionamiento del aire acondicionado.<\/p>\n\n\n\n<p><strong><em>Historia de Astilleros Tandanor: https:\/\/tandanor.com.ar\/historia.php<\/em><\/strong><\/p>\n","protected":false},"excerpt":{"rendered":"<p>Los coches doble piso ser\u00e1n reacondicionandos en Astilleros Tandanor Cindar. Las unidades ferroviarias, que fueron utilizadas por las l\u00edneas Sarmiento y Mitre hasta el a\u00f1o 2015 y que durante el gobierno de Macri fueron desactivados y arrumbados en los talleres de Haedo, ya se encuentran para su reparaci\u00f3n en los astilleros estatales. La empresa Trenes [&hellip;]<\/p>\n","protected":false},"author":2,"featured_media":11669,"comment_status":"closed","ping_status":"open","sticky":false,"template":"","format":"standard","meta":{"footnotes":""},"categories":[9],"tags":[3460,3108,3461,3459],"_links":{"self":[{"href":"https:\/\/agendadelsur.com\/index.php\/wp-json\/wp\/v2\/posts\/11658"}],"collection":[{"href":"https:\/\/agendadelsur.com\/index.php\/wp-json\/wp\/v2\/posts"}],"about":[{"href":"https:\/\/agendadelsur.com\/index.php\/wp-json\/wp\/v2\/types\/post"}],"author":[{"embeddable":true,"href":"https:\/\/agendadelsur.com\/index.php\/wp-json\/wp\/v2\/users\/2"}],"replies":[{"embeddable":true,"href":"https:\/\/agendadelsur.com\/index.php\/wp-json\/wp\/v2\/comments?post=11658"}],"version-history":[{"count":2,"href":"https:\/\/agendadelsur.com\/index.php\/wp-json\/wp\/v2\/posts\/11658\/revisions"}],"predecessor-version":[{"id":11666,"href":"https:\/\/agendadelsur.com\/index.php\/wp-json\/wp\/v2\/posts\/11658\/revisions\/11666"}],"wp:featuredmedia":[{"embeddable":true,"href":"https:\/\/agendadelsur.com\/index.php\/wp-json\/wp\/v2\/media\/11669"}],"wp:attachment":[{"href":"https:\/\/agendadelsur.com\/index.php\/wp-json\/wp\/v2\/media?parent=11658"}],"wp:term":[{"taxonomy":"category","embeddable":true,"href":"https:\/\/agendadelsur.com\/index.php\/wp-json\/wp\/v2\/categories?post=11658"},{"taxonomy":"post_tag","embeddable":true,"href":"https:\/\/agendadelsur.com\/index.php\/wp-json\/wp\/v2\/tags?post=11658"}],"curies":[{"name":"wp","href":"https:\/\/api.w.org\/{rel}","templated":true}]}}