{"id":11855,"date":"2021-09-27T20:30:20","date_gmt":"2021-09-27T23:30:20","guid":{"rendered":"https:\/\/agendadelsur.com\/?p=11855"},"modified":"2021-09-27T20:30:21","modified_gmt":"2021-09-27T23:30:21","slug":"universidad-nacional-de-avellaneda-4","status":"publish","type":"post","link":"https:\/\/agendadelsur.com\/index.php\/2021\/09\/27\/universidad-nacional-de-avellaneda-4\/","title":{"rendered":"Universidad Nacional de Avellaneda"},"content":{"rendered":"\n<blockquote class=\"wp-block-quote is-style-default is-layout-flow wp-block-quote-is-layout-flow\"><p>Contin\u00faa la Convocatoria para docentes de Fortalecimiento de Trayectorias Educativas +ATR a estudiantes avanzados de ISFDyT y Universidades con sede en la Provincia<\/p><\/blockquote>\n\n\n\n<p>Cargos de Fortalecimiento de las Trayectorias Educativas<\/p>\n\n\n\n<p>\u00bfQui\u00e9nes se pueden inscribir?<\/p>\n\n\n\n<p>Estudiantes avanzados de Institutos Superiores de Formaci\u00f3n Docente (profesorados de primaria, secundaria y bibliotecarios) y de universidades nacionales con asiento en la provincia de Buenos Aires que cursen carreras de educaci\u00f3n, ciencias sociales o afines&nbsp; y tengan el 50% de la cursada acreditada.<\/p>\n\n\n\n<p>\u00bfD\u00f3nde se inscriben?<\/p>\n\n\n\n<p>Comunicate con la Secretar\u00eda de Asuntos Docentes del distrito donde viv\u00eds.<\/p>\n\n\n\n<ul><li>Documentaci\u00f3n a presentar<\/li><li>Planilla de declaraci\u00f3n Jurada: se descargan desde la p\u00e1gina abc.gob.ar<\/li><li>Fotocopia de DNI.<\/li><\/ul>\n\n\n\n<p>T\u00edtulo habilitante<\/p>\n\n\n\n<ul><li>Listado 108 A Infine:<\/li><\/ul>\n\n\n\n<p>Fotocopia del t\u00edtulo habilitante.<\/p>\n\n\n\n<ol type=\"1\"><li>Listado 108 B Infine:<\/li><li>Constancia de t\u00edtulo en Tr\u00e1mite o certificado de alumno regular actualizado al momento de la inscripci\u00f3n donde se especifique la actualizaci\u00f3n (porcentaje) de las \u00faltimas materias aprobadas.<\/li><li>Constancia de t\u00edtulo espec\u00edfico o, si corresponde, tramo pedag\u00f3gico (capacitaci\u00f3n docente) que habilite en conjunci\u00f3n.<\/li><li>Fotocopia del t\u00edtulo secundario, (s\u00f3lo en los casos que su condici\u00f3n de t\u00edtulo lo requiera).<\/li><\/ol>\n\n\n\n<p>Para m\u00e1s informaci\u00f3n: <a href=\"https:\/\/abc.gob.ar\/\">https:\/\/abc.gob.ar\/<\/a><\/p>\n","protected":false},"excerpt":{"rendered":"<p>Contin\u00faa la Convocatoria para docentes de Fortalecimiento de Trayectorias Educativas +ATR a estudiantes avanzados de ISFDyT y Universidades con sede en la Provincia Cargos de Fortalecimiento de las Trayectorias Educativas \u00bfQui\u00e9nes se pueden inscribir? Estudiantes avanzados de Institutos Superiores de Formaci\u00f3n Docente (profesorados de primaria, secundaria y bibliotecarios) y de universidades nacionales con asiento en [&hellip;]<\/p>\n","protected":false},"author":2,"featured_media":11856,"comment_status":"closed","ping_status":"open","sticky":false,"template":"","format":"standard","meta":{"footnotes":""},"categories":[4],"tags":[3513,183],"_links":{"self":[{"href":"https:\/\/agendadelsur.com\/index.php\/wp-json\/wp\/v2\/posts\/11855"}],"collection":[{"href":"https:\/\/agendadelsur.com\/index.php\/wp-json\/wp\/v2\/posts"}],"about":[{"href":"https:\/\/agendadelsur.com\/index.php\/wp-json\/wp\/v2\/types\/post"}],"author":[{"embeddable":true,"href":"https:\/\/agendadelsur.com\/index.php\/wp-json\/wp\/v2\/users\/2"}],"replies":[{"embeddable":true,"href":"https:\/\/agendadelsur.com\/index.php\/wp-json\/wp\/v2\/comments?post=11855"}],"version-history":[{"count":1,"href":"https:\/\/agendadelsur.com\/index.php\/wp-json\/wp\/v2\/posts\/11855\/revisions"}],"predecessor-version":[{"id":11857,"href":"https:\/\/agendadelsur.com\/index.php\/wp-json\/wp\/v2\/posts\/11855\/revisions\/11857"}],"wp:featuredmedia":[{"embeddable":true,"href":"https:\/\/agendadelsur.com\/index.php\/wp-json\/wp\/v2\/media\/11856"}],"wp:attachment":[{"href":"https:\/\/agendadelsur.com\/index.php\/wp-json\/wp\/v2\/media?parent=11855"}],"wp:term":[{"taxonomy":"category","embeddable":true,"href":"https:\/\/agendadelsur.com\/index.php\/wp-json\/wp\/v2\/categories?post=11855"},{"taxonomy":"post_tag","embeddable":true,"href":"https:\/\/agendadelsur.com\/index.php\/wp-json\/wp\/v2\/tags?post=11855"}],"curies":[{"name":"wp","href":"https:\/\/api.w.org\/{rel}","templated":true}]}}