{"id":12377,"date":"2021-10-12T20:22:40","date_gmt":"2021-10-12T23:22:40","guid":{"rendered":"https:\/\/agendadelsur.com\/?p=12377"},"modified":"2021-10-12T20:22:41","modified_gmt":"2021-10-12T23:22:41","slug":"se-inicio-la-inmunizacion-de-menores-de-entre-3-y-11-anos-en-la-provincia","status":"publish","type":"post","link":"https:\/\/agendadelsur.com\/index.php\/2021\/10\/12\/se-inicio-la-inmunizacion-de-menores-de-entre-3-y-11-anos-en-la-provincia\/","title":{"rendered":"Se inici\u00f3 la inmunizaci\u00f3n de menores de entre 3 y 11 a\u00f1os en la Provincia"},"content":{"rendered":"\n<blockquote class=\"wp-block-quote is-style-default is-layout-flow wp-block-quote-is-layout-flow\"><p>Kicillof anunci\u00f3 tambi\u00e9n la vacunaci\u00f3n libre con segunda dosis para mayores de 18 a\u00f1os y la primera dosis libre para mayores de 12 con condiciones de salud priorizadas.<\/p><p>El gobernador de la provincia de Buenos Aires, Axel Kicillof, visit\u00f3 esta tarde el operativo de vacunaci\u00f3n emplazado en la UTN de Mor\u00f3n, una de las postas en las que comenz\u00f3 hoy la inmunizaci\u00f3n contra el Covid-19 de menores de entre 3 y 11 a\u00f1os. Estuvieron presentes tambi\u00e9n el ministro de Salud, Nicol\u00e1s Kreplak; el intendente local, Lucas Ghi; el presidente de ACUMAR, Mart\u00edn Sabbatella; y la subsecretaria municipal de Desarrollo Territorial, Leticia Guerrero.<\/p><p>Asimismo, el Gobernador anunci\u00f3 que la Provincia extender\u00e1 a partir de ma\u00f1ana la vacunaci\u00f3n libre con segunda dosis a todos los y las mayores de 18 a\u00f1os que hayan cumplido el periodo interdosis recomendado por las autoridades sanitarias, en tanto que los y las adolescentes mayores de 12 a\u00f1os con condiciones de salud priorizadas podr\u00e1n aplicarse el primer componente sin turno previo.<\/p><p>En ese marco, Kicillof destac\u00f3 que \u201ca pesar de todo lo que se ha dicho, contamos con una sociedad que comprendi\u00f3 que vacunarse no es solo un acto de protecci\u00f3n individual\u201d. \u201cInmunizarse uno y vacunar a los m\u00e1s chicos no solo sirve para cuidarnos a nosotros mismos, sino que de manera colectiva estamos realizando un acto solidario para proteger a los dem\u00e1s\u201d, agreg\u00f3.<\/p><p>La inoculaci\u00f3n de los chicos y las chicas de entre 3 y 11 a\u00f1os se llevar\u00e1 a cabo con la vacuna de Sinopharm, aprobada por la ANMAT para este rango etario.<\/p><p>Por su parte, Kreplak asegur\u00f3 que \u201cfue un orgullo ver c\u00f3mo los y las trabajadoras de los m\u00e1s de 450 vacunatorios de la Provincia se prepararon para recibir hoy a los chicos y las chicas con amor y empat\u00eda\u201d. \u201cSomos uno de los primeros pa\u00edses del mundo en empezar a vacunar a menores de entre 3 y 11 a\u00f1os, llegando de forma justa y equitativa a toda la poblaci\u00f3n\u201d, subray\u00f3.<\/p><p>Adem\u00e1s, el Ministro inform\u00f3 que la Provincia lleva 20 semanas consecutivas de descenso de los casos, lo que representa una ca\u00edda del 97,3% respecto del pico. \u201cYa contamos con m\u00e1s de 11,5 millones de personas con una dosis y 9,5 millones con el esquema completo, lo que arroja un resultado epidemiol\u00f3gico que nos permite pensar en el futuro\u201d, detall\u00f3.<\/p><p>\u201cLlevamos 300 d\u00edas desde que comenz\u00f3 la campa\u00f1a de inmunizaci\u00f3n y ya hemos aplicado 21 millones de vacunas en la provincia de Buenos Aires\u201d, se\u00f1al\u00f3 el mandatario bonaerense, al tiempo que valor\u00f3 que \u201cla libertad est\u00e1 en la vacuna, que es lo que nos ha permitido recuperar actividades de esparcimiento y el turismo como hemos visto este fin de semana\u201d.<\/p><p>El intendente Lucas Ghi indic\u00f3 que \u201ces un d\u00eda muy importante porque la vacuna es la mejor estrategia de inmunizaci\u00f3n colectiva y, en la salida de la pandemia, nos brinda la posibilidad de reconstruir todo lo que se vio afectado por este fen\u00f3meno sanitario\u201d. \u201cHoy 450 chicos y chicas se van a sus casas con la primera dosis y las familias salen adelante junto a un Estado que hace lo que tiene que hacer: priorizar la vida y ahora desarrollar pol\u00edticas concretas para reactivar el empleo y revitalizar a la industria\u201d, expres\u00f3.<\/p><p>\u201cAs\u00ed como nos propusimos que a nadie en la Provincia le faltara atenci\u00f3n m\u00e9dica durante la pandemia, hoy tambi\u00e9n nos comprometemos a que a ning\u00fan bonaerense le falten sus vacunas\u201d, concluy\u00f3 Kicillof.<\/p><p>Participaron tambi\u00e9n de la visita la subsecretaria provincial de Atenci\u00f3n y Cuidados Integrales, Alexia Navarro; el jefe de Gabinete del municipio, Hern\u00e1n Sabbatella; y el secretario de Salud local, Mart\u00edn Latorraca.<\/p><p>Fuente:\u00a0 Prensa de la Provincia de Buenos Aires<\/p><\/blockquote>\n","protected":false},"excerpt":{"rendered":"<p>Kicillof anunci\u00f3 tambi\u00e9n la vacunaci\u00f3n libre con segunda dosis para mayores de 18 a\u00f1os y la primera dosis libre para mayores de 12 con condiciones de salud priorizadas. El gobernador de la provincia de Buenos Aires, Axel Kicillof, visit\u00f3 esta tarde el operativo de vacunaci\u00f3n emplazado en la UTN de Mor\u00f3n, una de las postas [&hellip;]<\/p>\n","protected":false},"author":2,"featured_media":12378,"comment_status":"closed","ping_status":"open","sticky":false,"template":"","format":"standard","meta":{"footnotes":""},"categories":[1419],"tags":[3712],"_links":{"self":[{"href":"https:\/\/agendadelsur.com\/index.php\/wp-json\/wp\/v2\/posts\/12377"}],"collection":[{"href":"https:\/\/agendadelsur.com\/index.php\/wp-json\/wp\/v2\/posts"}],"about":[{"href":"https:\/\/agendadelsur.com\/index.php\/wp-json\/wp\/v2\/types\/post"}],"author":[{"embeddable":true,"href":"https:\/\/agendadelsur.com\/index.php\/wp-json\/wp\/v2\/users\/2"}],"replies":[{"embeddable":true,"href":"https:\/\/agendadelsur.com\/index.php\/wp-json\/wp\/v2\/comments?post=12377"}],"version-history":[{"count":1,"href":"https:\/\/agendadelsur.com\/index.php\/wp-json\/wp\/v2\/posts\/12377\/revisions"}],"predecessor-version":[{"id":12379,"href":"https:\/\/agendadelsur.com\/index.php\/wp-json\/wp\/v2\/posts\/12377\/revisions\/12379"}],"wp:featuredmedia":[{"embeddable":true,"href":"https:\/\/agendadelsur.com\/index.php\/wp-json\/wp\/v2\/media\/12378"}],"wp:attachment":[{"href":"https:\/\/agendadelsur.com\/index.php\/wp-json\/wp\/v2\/media?parent=12377"}],"wp:term":[{"taxonomy":"category","embeddable":true,"href":"https:\/\/agendadelsur.com\/index.php\/wp-json\/wp\/v2\/categories?post=12377"},{"taxonomy":"post_tag","embeddable":true,"href":"https:\/\/agendadelsur.com\/index.php\/wp-json\/wp\/v2\/tags?post=12377"}],"curies":[{"name":"wp","href":"https:\/\/api.w.org\/{rel}","templated":true}]}}