{"id":1243,"date":"2020-03-19T21:49:01","date_gmt":"2020-03-19T21:49:01","guid":{"rendered":"https:\/\/agendadelsur.com\/?p=1243"},"modified":"2020-03-19T21:49:02","modified_gmt":"2020-03-19T21:49:02","slug":"el-gobierno-nacional-recupero-equipos-de-electromedicina-abandonados-por-el-gobierno-de-macri","status":"publish","type":"post","link":"https:\/\/agendadelsur.com\/index.php\/2020\/03\/19\/el-gobierno-nacional-recupero-equipos-de-electromedicina-abandonados-por-el-gobierno-de-macri\/","title":{"rendered":"El Gobierno nacional recuper\u00f3 equipos de electromedicina abandonados por el gobierno de  Macri"},"content":{"rendered":"\n<p>Estaban en\nun dep\u00f3sito del Correo Argentino desde 2015 y pertenec\u00edan al Programa Nacional\nde Cibersalud. El equipamiento encontrado, resulta de gran utilidad para\nenfrentar la emergencia en salud que plantea el COVID-19, ya que permite dotar\ny conectar a los hospitales del territorio argentino.<\/p>\n\n\n\n<p>El jefe\nde Gabinete de Ministros de la Naci\u00f3n, Santiago Cafiero, encabez\u00f3 el operativo\ndel Gobierno nacional en el dep\u00f3sito del Correo Argentino ubicado en la\nlocalidad bonaerense de Tortuguitas, junto a la presidenta del correo, Vanesa\nPiesciorovski, donde se hallaron equipos de electromedicina en desuso y\nabandonados por la gesti\u00f3n anterior, que pertenec\u00edan al Programa Nacional de\nCibersalud lanzado en 2014 y que ya fueron puestos a disposici\u00f3n del Ministerio\nde Salud de la Naci\u00f3n.<\/p>\n\n\n\n<p>El\nequipamiento encontrado, resulta de gran utilidad para enfrentar la emergencia\nen salud que plantea el COVID-19, ya que permite dotar y conectar a los\nhospitales del territorio argentino.<\/p>\n\n\n\n<p>\u201cAyer nos\nnotificaron que encontraron equipos de Cibersalud, y hoy mismo vinimos a\nbuscarlos para enviarlos a los lugares que corresponde, porque no es en un\ns\u00f3tano donde tienen que estar\u201d, declar\u00f3 el jefe de Gabinete. Y agreg\u00f3: \u201cEste\nequipamiento es vital para el cuidado de los argentinos y argentinas, por eso\nya firm\u00e9 la resoluci\u00f3n para que los elementos pasen a manos del Ministerio de\nSalud de la Naci\u00f3n y sean distribuidos a todas las provincias porque\nnecesitamos que est\u00e9n en las manos adecuadas, ah\u00ed donde nuestros m\u00e9dicos est\u00e1n\nhaciendo una tarea excepcional\u201d.<\/p>\n\n\n\n<p>Los\nequipos t\u00e9cnicos de Jefatura de Gabinete, encargados de analizar el material,\nencontraron en el dep\u00f3sito 33 electrocardi\u00f3grafos; 20 camillas de\nreconocimiento m\u00e9dico; 250 televisores led; 56 terminales de videoconferencia;\n100 monitores; adem\u00e1s de mobiliario como mesas de video conferencias,\nescritorios y sillones; elementos con los que se podr\u00edan montar 40 salas de\ndiagn\u00f3stico remoto.<\/p>\n\n\n\n<p>Durante la\nrecorrida, la presidenta del Correo Argentino afirm\u00f3 \u201cel material que\nencontramos en la planta ingres\u00f3 en el a\u00f1o 2015 y durante estos \u00faltimos cuatro\na\u00f1os de gesti\u00f3n no fueron entregados a ning\u00fan centro de salud, a pesar que se\nrealizaron muchos reclamos\u201d. Piesciorovski, tambi\u00e9n asegur\u00f3 que se va a\nrealizar \u201cun an\u00e1lisis r\u00e1pido de los equipos\u201d para ver el estado en el que se\nencuentran luego de a\u00f1os de abandono.<\/p>\n\n\n\n<p>Para\nfinalizar, Cafiero declar\u00f3: \u201cMe parece que est\u00e1 claro cu\u00e1l es la funci\u00f3n del\nEstado, es el Estado el que te cuida y no el mercado y por eso, tal como lo\npidi\u00f3 y lo ejemplifica el presidente, todos tenemos que dar el m\u00e1ximo de\nnuestro esfuerzo\u201d.<\/p>\n\n\n\n<p>El Plan\nNacional Cibersalud fue pensado para desarrollar una estrategia de despliegue\nfederal de tecnolog\u00edas de la informaci\u00f3n y comunicaci\u00f3n con el prop\u00f3sito de\nconformar una red de capacitaci\u00f3n, colaboraci\u00f3n y gesti\u00f3n entre los\nprofesionales de la salud. El hallazgo del equipamiento demuestra la\ndesactualizaci\u00f3n y el abandono del programa, que actualmente podr\u00eda ser de gran\nayuda para enfrentar la pandemia ya que permitir\u00eda la conexi\u00f3n de muchos\nespecialistas con centros de atenci\u00f3n de distintas provincias, de forma de\nevitar los traslados.<\/p>\n\n\n\n<p>La\nOrganizaci\u00f3n Mundial de la Salud afirma que es de vital importancia el\nestablecimiento de una red entre la mayor\u00eda de hospitales del pa\u00eds para\nrealizar capacitaciones, gestiones, seguimientos y consultas, sobre todo en\ntiempos donde se pide la menor circulaci\u00f3n posible.<\/p>\n\n\n\n<p>Fuente: Presidencia de la Naci\u00f3n<\/p>\n","protected":false},"excerpt":{"rendered":"<p>Estaban en un dep\u00f3sito del Correo Argentino desde 2015 y pertenec\u00edan al Programa Nacional de Cibersalud. El equipamiento encontrado, resulta de gran utilidad para enfrentar la emergencia en salud que plantea el COVID-19, ya que permite dotar y conectar a los hospitales del territorio argentino. El jefe de Gabinete de Ministros de la Naci\u00f3n, Santiago [&hellip;]<\/p>\n","protected":false},"author":2,"featured_media":1244,"comment_status":"closed","ping_status":"open","sticky":false,"template":"","format":"standard","meta":{"footnotes":""},"categories":[9],"tags":[],"_links":{"self":[{"href":"https:\/\/agendadelsur.com\/index.php\/wp-json\/wp\/v2\/posts\/1243"}],"collection":[{"href":"https:\/\/agendadelsur.com\/index.php\/wp-json\/wp\/v2\/posts"}],"about":[{"href":"https:\/\/agendadelsur.com\/index.php\/wp-json\/wp\/v2\/types\/post"}],"author":[{"embeddable":true,"href":"https:\/\/agendadelsur.com\/index.php\/wp-json\/wp\/v2\/users\/2"}],"replies":[{"embeddable":true,"href":"https:\/\/agendadelsur.com\/index.php\/wp-json\/wp\/v2\/comments?post=1243"}],"version-history":[{"count":1,"href":"https:\/\/agendadelsur.com\/index.php\/wp-json\/wp\/v2\/posts\/1243\/revisions"}],"predecessor-version":[{"id":1245,"href":"https:\/\/agendadelsur.com\/index.php\/wp-json\/wp\/v2\/posts\/1243\/revisions\/1245"}],"wp:featuredmedia":[{"embeddable":true,"href":"https:\/\/agendadelsur.com\/index.php\/wp-json\/wp\/v2\/media\/1244"}],"wp:attachment":[{"href":"https:\/\/agendadelsur.com\/index.php\/wp-json\/wp\/v2\/media?parent=1243"}],"wp:term":[{"taxonomy":"category","embeddable":true,"href":"https:\/\/agendadelsur.com\/index.php\/wp-json\/wp\/v2\/categories?post=1243"},{"taxonomy":"post_tag","embeddable":true,"href":"https:\/\/agendadelsur.com\/index.php\/wp-json\/wp\/v2\/tags?post=1243"}],"curies":[{"name":"wp","href":"https:\/\/api.w.org\/{rel}","templated":true}]}}