{"id":1251,"date":"2020-03-20T04:40:25","date_gmt":"2020-03-20T04:40:25","guid":{"rendered":"https:\/\/agendadelsur.com\/?p=1251"},"modified":"2020-03-20T04:40:27","modified_gmt":"2020-03-20T04:40:27","slug":"ypf-garantiza-el-abastecimiento-de-energia","status":"publish","type":"post","link":"https:\/\/agendadelsur.com\/index.php\/2020\/03\/20\/ypf-garantiza-el-abastecimiento-de-energia\/","title":{"rendered":"YPF garantiza el abastecimiento de energ\u00eda"},"content":{"rendered":"\n<p>La empresa asegur\u00f3 la producci\u00f3n de petr\u00f3leo y gas, las\nrefiner\u00edas, el despacho y comercializaci\u00f3n de combustibles, como tambi\u00e9n la\ngeneraci\u00f3n el\u00e9ctrica y la producci\u00f3n de productos qu\u00edmicos esenciales. Nuevamente\nuna empresa \u201cde bandera\u201d al frente de &nbsp;la\nsoberan\u00eda y seguridad nacional<\/p>\n\n\n\n<p>La empresa YPF garantizar\u00e1 sus operaciones &#8220;mediante un\nesquema de emergencia&#8221; que permita asegurar el abastecimiento de energ\u00eda,\nlo que abarca la producci\u00f3n de petr\u00f3leo y gas, las refiner\u00edas, el despacho y\ncomercializaci\u00f3n de combustibles, as\u00ed como la generaci\u00f3n el\u00e9ctrica y la\nproducci\u00f3n de productos qu\u00edmicos esenciales.<\/p>\n\n\n\n<p>En su comunicado la compa\u00f1\u00eda expresa que:&nbsp; ante la situaci\u00f3n generada por la pandemia\ndel Coronavirus, se dispuso &#8220;garantizar sus operaciones mediante un\nesquema de emergencia que permita contribuir a asegurar el abastecimiento de\nenerg\u00eda&#8221;.<\/p>\n\n\n\n<p>Tambi\u00e9n, agradece el compromiso y la responsabilidad de\ntodos los trabajadores y trabajadoras de nuestra empresa, que en este momento\nsiguen adelante con las tareas necesarias para garantizar el abastecimiento de\nenerg\u00eda.<\/p>\n\n\n\n<p>Desde el primer d\u00eda seguimos la evoluci\u00f3n de la pandemia en\nel pa\u00eds y tomamos todas las decisiones para que nuestros trabajadores y\ntrabajadoras puedan cumplir con sus funciones en forma segura.<\/p>\n\n\n\n<p>Las medidas que implementamos est\u00e1n en coordinaci\u00f3n con los\nComit\u00e9 regionales de la empresa constituidos en cada una de las provincias en\nd\u00f3nde desarrollamos la actividad.<\/p>\n\n\n\n<p>Agenda del Sur <\/p>\n","protected":false},"excerpt":{"rendered":"<p>La empresa asegur\u00f3 la producci\u00f3n de petr\u00f3leo y gas, las refiner\u00edas, el despacho y comercializaci\u00f3n de combustibles, como tambi\u00e9n la generaci\u00f3n el\u00e9ctrica y la producci\u00f3n de productos qu\u00edmicos esenciales. Nuevamente una empresa \u201cde bandera\u201d al frente de &nbsp;la soberan\u00eda y seguridad nacional La empresa YPF garantizar\u00e1 sus operaciones &#8220;mediante un esquema de emergencia&#8221; que permita [&hellip;]<\/p>\n","protected":false},"author":2,"featured_media":1252,"comment_status":"closed","ping_status":"open","sticky":false,"template":"","format":"standard","meta":{"footnotes":""},"categories":[9],"tags":[256],"_links":{"self":[{"href":"https:\/\/agendadelsur.com\/index.php\/wp-json\/wp\/v2\/posts\/1251"}],"collection":[{"href":"https:\/\/agendadelsur.com\/index.php\/wp-json\/wp\/v2\/posts"}],"about":[{"href":"https:\/\/agendadelsur.com\/index.php\/wp-json\/wp\/v2\/types\/post"}],"author":[{"embeddable":true,"href":"https:\/\/agendadelsur.com\/index.php\/wp-json\/wp\/v2\/users\/2"}],"replies":[{"embeddable":true,"href":"https:\/\/agendadelsur.com\/index.php\/wp-json\/wp\/v2\/comments?post=1251"}],"version-history":[{"count":1,"href":"https:\/\/agendadelsur.com\/index.php\/wp-json\/wp\/v2\/posts\/1251\/revisions"}],"predecessor-version":[{"id":1253,"href":"https:\/\/agendadelsur.com\/index.php\/wp-json\/wp\/v2\/posts\/1251\/revisions\/1253"}],"wp:featuredmedia":[{"embeddable":true,"href":"https:\/\/agendadelsur.com\/index.php\/wp-json\/wp\/v2\/media\/1252"}],"wp:attachment":[{"href":"https:\/\/agendadelsur.com\/index.php\/wp-json\/wp\/v2\/media?parent=1251"}],"wp:term":[{"taxonomy":"category","embeddable":true,"href":"https:\/\/agendadelsur.com\/index.php\/wp-json\/wp\/v2\/categories?post=1251"},{"taxonomy":"post_tag","embeddable":true,"href":"https:\/\/agendadelsur.com\/index.php\/wp-json\/wp\/v2\/tags?post=1251"}],"curies":[{"name":"wp","href":"https:\/\/api.w.org\/{rel}","templated":true}]}}