{"id":13109,"date":"2021-11-04T20:47:02","date_gmt":"2021-11-04T23:47:02","guid":{"rendered":"https:\/\/agendadelsur.com\/?p=13109"},"modified":"2021-11-04T20:47:04","modified_gmt":"2021-11-04T23:47:04","slug":"se-presentaron-mas-de-50-000-firmas-en-la-legislatura-para-impedir-la-privatizacion-de-costa-salguero","status":"publish","type":"post","link":"https:\/\/agendadelsur.com\/index.php\/2021\/11\/04\/se-presentaron-mas-de-50-000-firmas-en-la-legislatura-para-impedir-la-privatizacion-de-costa-salguero\/","title":{"rendered":"Se presentaron m\u00e1s de 50.000 firmas en la Legislatura para impedir la privatizaci\u00f3n de Costa Salguero"},"content":{"rendered":"\n<h6 class=\"has-text-color wp-block-heading\" style=\"color:#f40505\">El Frente de Todos (FdT) de la Ciudad de Buenos Aires, junto a organizaciones pol\u00edticas, sociales y ambientales, present\u00f3 este jueves en la Legislatura porte\u00f1a un total de 53.864 firmas, las cuales avalan una iniciativa popular que propone crear un parque p\u00fablico en Costa Salguero y evitar as\u00ed que el Gobierno de Horacio Rodr\u00edguez Larreta avance con la privatizaci\u00f3n de ese predio, ubicado en la Costanera norte, a orillas del R\u00edo de la Plata.<\/h6>\n\n\n\n<p>&#8220;Para que la Ciudad de Buenos Aires sea sustentable hay que defender lo p\u00fablico, la sociedad y la vida. Costa Salguero es un s\u00edmbolo de la defensa de un modelo de democracia que pone al ser humano en el centro del debate&#8221;, dijo el candidato a diputado nacional Leandro Santoro (FdT) en la puerta de la Legislatura, donde se organiz\u00f3 un breve acto.<\/p>\n\n\n\n<div class=\"wp-block-image\"><figure class=\"aligncenter size-full is-resized\"><img loading=\"lazy\" decoding=\"async\" src=\"https:\/\/agendadelsur.com\/wp-content\/uploads\/2021\/11\/los-vecinos-autoconvocados-pidieron-que___t6nynTmVs_720x0__1.jpg\" alt=\"\" class=\"wp-image-13110\" width=\"487\" height=\"343\" srcset=\"https:\/\/agendadelsur.com\/wp-content\/uploads\/2021\/11\/los-vecinos-autoconvocados-pidieron-que___t6nynTmVs_720x0__1.jpg 680w, https:\/\/agendadelsur.com\/wp-content\/uploads\/2021\/11\/los-vecinos-autoconvocados-pidieron-que___t6nynTmVs_720x0__1-300x211.jpg 300w\" sizes=\"(max-width: 487px) 100vw, 487px\" \/><\/figure><\/div>\n\n\n\n<p>Y agreg\u00f3 que &#8220;la ciudad est\u00e1 siendo agredida por los desarrolladores inmobiliarios que no piensan la construcci\u00f3n como una forma de dar vivienda a los sectores populares y las clases medias, si no como un negocio de especulaci\u00f3n, haciendo que los alquileres sean m\u00e1s caros y, la ciudad, m\u00e1s desigual&#8221;.<\/p>\n\n\n\n<p>El proyecto del oficialismo porte\u00f1o para Costa Salguero prev\u00e9 la construcci\u00f3n all\u00ed de edificios privados, los cuales tendr\u00edan un alto valor comercial.<\/p>\n\n\n\n<p>Fuente: Telam<\/p>\n","protected":false},"excerpt":{"rendered":"<p>El Frente de Todos (FdT) de la Ciudad de Buenos Aires, junto a organizaciones pol\u00edticas, sociales y ambientales, present\u00f3 este jueves en la Legislatura porte\u00f1a un total de 53.864 firmas, las cuales avalan una iniciativa popular que propone crear un parque p\u00fablico en Costa Salguero y evitar as\u00ed que el Gobierno de Horacio Rodr\u00edguez Larreta [&hellip;]<\/p>\n","protected":false},"author":2,"featured_media":13111,"comment_status":"closed","ping_status":"open","sticky":false,"template":"","format":"standard","meta":{"footnotes":""},"categories":[1],"tags":[],"_links":{"self":[{"href":"https:\/\/agendadelsur.com\/index.php\/wp-json\/wp\/v2\/posts\/13109"}],"collection":[{"href":"https:\/\/agendadelsur.com\/index.php\/wp-json\/wp\/v2\/posts"}],"about":[{"href":"https:\/\/agendadelsur.com\/index.php\/wp-json\/wp\/v2\/types\/post"}],"author":[{"embeddable":true,"href":"https:\/\/agendadelsur.com\/index.php\/wp-json\/wp\/v2\/users\/2"}],"replies":[{"embeddable":true,"href":"https:\/\/agendadelsur.com\/index.php\/wp-json\/wp\/v2\/comments?post=13109"}],"version-history":[{"count":1,"href":"https:\/\/agendadelsur.com\/index.php\/wp-json\/wp\/v2\/posts\/13109\/revisions"}],"predecessor-version":[{"id":13112,"href":"https:\/\/agendadelsur.com\/index.php\/wp-json\/wp\/v2\/posts\/13109\/revisions\/13112"}],"wp:featuredmedia":[{"embeddable":true,"href":"https:\/\/agendadelsur.com\/index.php\/wp-json\/wp\/v2\/media\/13111"}],"wp:attachment":[{"href":"https:\/\/agendadelsur.com\/index.php\/wp-json\/wp\/v2\/media?parent=13109"}],"wp:term":[{"taxonomy":"category","embeddable":true,"href":"https:\/\/agendadelsur.com\/index.php\/wp-json\/wp\/v2\/categories?post=13109"},{"taxonomy":"post_tag","embeddable":true,"href":"https:\/\/agendadelsur.com\/index.php\/wp-json\/wp\/v2\/tags?post=13109"}],"curies":[{"name":"wp","href":"https:\/\/api.w.org\/{rel}","templated":true}]}}