{"id":13540,"date":"2021-11-20T00:36:49","date_gmt":"2021-11-20T03:36:49","guid":{"rendered":"https:\/\/agendadelsur.com\/?p=13540"},"modified":"2021-11-20T00:36:50","modified_gmt":"2021-11-20T03:36:50","slug":"el-gobierno-nacional-crea-la-subsede-de-la-secretaria-de-malvinas-en-tierra-del-fuego","status":"publish","type":"post","link":"https:\/\/agendadelsur.com\/index.php\/2021\/11\/20\/el-gobierno-nacional-crea-la-subsede-de-la-secretaria-de-malvinas-en-tierra-del-fuego\/","title":{"rendered":"El gobierno Nacional Crea la Subsede de la Secretar\u00eda de Malvinas en Tierra del Fuego"},"content":{"rendered":"\n<h6 class=\"has-text-color wp-block-heading\" style=\"color:#f60408\"><strong>El Canciller Santiago Cafiero anunci\u00f3, que\u00a0\u201ca partir de una mirada federal de la Canciller\u00eda, hemos decidido abrir en la provincia de Tierra del Fuego, Ant\u00e1rtida e Islas del Atl\u00e1ntico Sur una subsede de la Secretar\u00eda de Malvinas, Ant\u00e1rtida y Atl\u00e1ntico Sur.\u201d<\/strong><\/h6>\n\n\n\n<p>El Presidente de la Naci\u00f3n, Alberto Fern\u00e1ndez, encabez\u00f3 este viernes en el Palacio San Mart\u00edn -junto al canciller Santiago Cafiero y el secretario de Malvinas, Ant\u00e1rtida y Atl\u00e1ntico Sur, Guillermo Carmona, el acto en conmemoraci\u00f3n del D\u00eda de la Soberan\u00eda Nacional- en honor a la batalla de la Vuelta de Obligado, que tuvo lugar el 20 de noviembre de 1845.<\/p>\n\n\n\n<p>&nbsp;\u201cLa Vuelta de Obligado nos ense\u00f1a que ganar no es vencer, vence el que nunca baja los brazos y sigue su lucha\u201d, se\u00f1al\u00f3 el Presidente y agreg\u00f3: \u201cla soberan\u00eda tiene que ver con muchas cosas hoy en d\u00eda. Se es soberano si uno puede alimentar a su pueblo, si uno produce vacunas y medicamentos, si uno desarrolla su propia cultura. La soberan\u00eda hoy tiene un concepto multidimensional, que va m\u00e1s all\u00e1 de la defensa de nuestra tierra\u201d.<\/p>\n\n\n\n<p>En ese sentido, el mandatario dijo que \u201ccuando hablamos de soberan\u00eda siempre terminamos hablando de Malvinas, porque all\u00ed est\u00e1 nuestra soberan\u00eda territorial quebrada\u201d, y afirm\u00f3: \u201cque nunca nadie nos robe el amor por Malvinas, que nunca nadie nos quite el derecho que tenemos sobre esa tierra\u201d.<\/p>\n\n\n\n<p>\u201cEl desaf\u00edo que tenemos por delante es que el a\u00f1o que viene, a 40 a\u00f1os de la lucha de Malvinas, entendamos cabalmente lo que significa ser soberanos. Aprovechemos para entender de una vez y para siempre lo que importa ser soberanos como Patria\u201d, subray\u00f3 el mandatario.<\/p>\n\n\n\n<p>Por su parte, el Canciller Santiago Cafiero anunci\u00f3, en conjunto con el Secretario de Malvinas, Ant\u00e1rtida y Atl\u00e1ntico Sur, Guillermo Carmona, que \u201ca partir de una mirada federal de la Canciller\u00eda, hemos decidido abrir en la provincia de Tierra del Fuego, Ant\u00e1rtida e Islas del Atl\u00e1ntico Sur una subsede de la Secretar\u00eda de Malvinas, Ant\u00e1rtida y Atl\u00e1ntico Sur.\u201d<\/p>\n\n\n\n<div class=\"wp-block-image\"><figure class=\"aligncenter size-full\"><img loading=\"lazy\" decoding=\"async\" width=\"500\" height=\"333\" src=\"https:\/\/agendadelsur.com\/wp-content\/uploads\/2021\/11\/malvinas_1.jpeg\" alt=\"\" class=\"wp-image-13541\" srcset=\"https:\/\/agendadelsur.com\/wp-content\/uploads\/2021\/11\/malvinas_1.jpeg 500w, https:\/\/agendadelsur.com\/wp-content\/uploads\/2021\/11\/malvinas_1-300x200.jpeg 300w\" sizes=\"(max-width: 500px) 100vw, 500px\" \/><\/figure><\/div>\n\n\n\n<p>Esta iniciativa se da en el marco del lanzamiento de la Agenda Malvinas 40 a\u00f1os, creada \u201ccon el objetivo de coordinar, dise\u00f1ar y planificar las acciones tendientes a rendir honor a los ca\u00eddos y combatientes en el conflicto b\u00e9lico\u201d, explic\u00f3 Cafiero. Y a\u00f1adi\u00f3: \u201ctambi\u00e9n llevar\u00e1 adelante un trabajo de conmemoraci\u00f3n, tanto en el pa\u00eds cuanto en el exterior tendiente a sensibilizar a la comunidad internacional sobre la Cuesti\u00f3n Malvinas y sobre la reivindicaci\u00f3n de nuestra soberan\u00eda\u201d.<\/p>\n\n\n\n<p>El canciller argentino afirm\u00f3 adem\u00e1s: \u201cRecuperar el ejercicio pleno de la soberan\u00eda sobre las Islas Malvinas, Georgias del Sur, S\u00e1ndwich del Sur y los Espacios Mar\u00edtimos e insulares Correspondientes, se ha constituido en la aspiraci\u00f3n m\u00e1xima de la identidad argentina, es un sentimiento un\u00e1nime del pueblo argentino y as\u00ed est\u00e1 reflejado como mandato constitucional\u201d.<\/p>\n\n\n\n<p>La Agenda Malvinas 40 a\u00f1os ser\u00e1 coordinada por una mesa de trabajo, que tendr\u00e1 como objeto elaborar una estrategia conjunta de difusi\u00f3n y concientizaci\u00f3n en relaci\u00f3n con la soberan\u00eda argentina sobre las Islas Malvinas, Georgias del Sur, Sandwich del Sur y los espacios mar\u00edtimos circundantes y rendir homenaje a nuestros h\u00e9roes de Malvinas, de cara a los 40 a\u00f1os del conflicto del Atl\u00e1ntico Sur que se cumplir\u00e1n en el 2022. Estar\u00e1 integrada por representantes del Ministerio del Interior, del Ministerio de Relaciones Exteriores, Comercio Internacional y Culto, a trav\u00e9s de la Secretar\u00eda de Malvinas, Ant\u00e1rtida y Atl\u00e1ntico Sur, del Ministerio de Cultura, del Ministerio de Defensa as\u00ed como del Ministerio de Ciencia, Tecnolog\u00eda e Innovaci\u00f3n.<\/p>\n\n\n\n<p>Trabajar\u00e1 en forma coordinada con el Consejo Nacional de Asuntos Relativos a las Islas Malvinas, Georgias del Sur, Sandwich del Sur y los Espacios Mar\u00edtimos e Insulares correspondientes, con los veteranos de guerra, los\/as familiares de ca\u00eddos, las universidades y observatorios as\u00ed como con las provincias y los municipios.<\/p>\n\n\n\n<p>El Canciller Cafiero resalt\u00f3, asimismo,la importancia de fortalecer el trabajo en pos de la construcci\u00f3n de una pol\u00edtica bi-continental y oce\u00e1nica para nuestro pa\u00eds y en esa l\u00ednea, se llev\u00f3 a cabo la entrega de mapas Bicontinentales a la Federaci\u00f3n Argentina de Municipios (FAM), para su distribuci\u00f3n en la totalidad de los municipios del pa\u00eds.<\/p>\n\n\n\n<p>Recuperar una mirada hacia el mar<\/p>\n\n\n\n<p>Por su parte, el&nbsp; secretario de Malvinas, Ant\u00e1rtida y Atl\u00e1ntico Sur, Guillermo Carmona,&nbsp; acompa\u00f1ado por Frida Armas Pfirter, coordinadora general de la Comisi\u00f3n Nacional del L\u00edmite Exterior de la Plataforma Continental Argentina; Ver\u00f3nica Ortuzar, directora Nacional del Ant\u00e1rtico; y Sandra Pitta, directora nacional por Malvinas e Islas del Atl\u00e1ntico Sur, sostuvo&nbsp; que el gobierno nacional desde su comienzo \u201cha llevado adelante muchas iniciativas que han tenido que ver con generar condiciones para que nuestra soberan\u00eda en todos los planos se haga efectiva\u201d. Puntualiz\u00f3 en ese sentido: \u201cdestaco la trascendencia de haber generado un reposicionamiento en temas de soberan\u00eda, a trav\u00e9s de 3 leyes fundamentales, como la ley que crea el Consejo Nacional Malvinas, la ley que establece el l\u00edmite exterior a la plataforma continental y la normativa que estableci\u00f3 que el r\u00e9gimen de pesc a contara con sanciones actualizadas y ampliadas, de acuerdo a las actuales circunstancias\u201d.<\/p>\n\n\n\n<p>Carmona manifest\u00f3: \u201cen nuestra concepci\u00f3n de soberan\u00eda nacional debemos incorporar fuertemente la perspectiva de un pa\u00eds que no es solamente de pampas, de mesetas, de cordones monta\u00f1osos o de bosques. Tenemos que recuperar fuertemente nuestra mirada de una Argentina que mira hacia el mar, una Argentina bicontinental, oce\u00e1nica\u201d.<\/p>\n\n\n\n<p>Detall\u00f3 adem\u00e1s que \u201cno hay m\u00e1s pretexto para el congelamiento de la discusi\u00f3n de la cuesti\u00f3n de la soberan\u00eda y por eso vamos a trabajar apelando a las herramientas de la diplomacia, al derecho internacional y el apoyo enorme que expresan en nuestro favor y mayoritariamente, los pa\u00edses del mundo\u201d.<\/p>\n\n\n\n<p>\u201cMalvinas nos une a todos y todas en una causa nacional, regional, que busca que termine, a nivel global, el colonialismo\u201d, finaliz\u00f3.<\/p>\n\n\n\n<p>En el acto estuvieron presentes los ministros de Defensa, Jorge Taiana; Ciencia, Tecnolog\u00eda e Innovaci\u00f3n, Daniel Filmus, e Interior, Eduardo de Pedro; Desarrollo Productivo, Mat\u00edas Kulfas; Obras P\u00fablicas, Gabirel Katopodis; Trabajo, Claudio Moroni; la titular de la Agencia Federal de Inteligencia, Cristina Caama\u00f1o; los presidentes de las Comisiones de Relaciones Exteriores del Senado, Adolfo Rodr\u00edguez Sa\u00e1, y de Diputados, Eduardo Vald\u00e9s y miembros del Consejo Nacional de Asuntos Relativos a las Islas Malvinas, Georgias del Sur, Sandwich del Sur y los espacios mar\u00edtimos correspondientes.<\/p>\n\n\n\n<p>Fuente: Canciller\u00eda Argentina<\/p>\n","protected":false},"excerpt":{"rendered":"<p>El Canciller Santiago Cafiero anunci\u00f3, que\u00a0\u201ca partir de una mirada federal de la Canciller\u00eda, hemos decidido abrir en la provincia de Tierra del Fuego, Ant\u00e1rtida e Islas del Atl\u00e1ntico Sur una subsede de la Secretar\u00eda de Malvinas, Ant\u00e1rtida y Atl\u00e1ntico Sur.\u201d El Presidente de la Naci\u00f3n, Alberto Fern\u00e1ndez, encabez\u00f3 este viernes en el Palacio San [&hellip;]<\/p>\n","protected":false},"author":2,"featured_media":13542,"comment_status":"closed","ping_status":"open","sticky":false,"template":"","format":"standard","meta":{"footnotes":""},"categories":[9],"tags":[4166,127,4165,4164],"_links":{"self":[{"href":"https:\/\/agendadelsur.com\/index.php\/wp-json\/wp\/v2\/posts\/13540"}],"collection":[{"href":"https:\/\/agendadelsur.com\/index.php\/wp-json\/wp\/v2\/posts"}],"about":[{"href":"https:\/\/agendadelsur.com\/index.php\/wp-json\/wp\/v2\/types\/post"}],"author":[{"embeddable":true,"href":"https:\/\/agendadelsur.com\/index.php\/wp-json\/wp\/v2\/users\/2"}],"replies":[{"embeddable":true,"href":"https:\/\/agendadelsur.com\/index.php\/wp-json\/wp\/v2\/comments?post=13540"}],"version-history":[{"count":1,"href":"https:\/\/agendadelsur.com\/index.php\/wp-json\/wp\/v2\/posts\/13540\/revisions"}],"predecessor-version":[{"id":13543,"href":"https:\/\/agendadelsur.com\/index.php\/wp-json\/wp\/v2\/posts\/13540\/revisions\/13543"}],"wp:featuredmedia":[{"embeddable":true,"href":"https:\/\/agendadelsur.com\/index.php\/wp-json\/wp\/v2\/media\/13542"}],"wp:attachment":[{"href":"https:\/\/agendadelsur.com\/index.php\/wp-json\/wp\/v2\/media?parent=13540"}],"wp:term":[{"taxonomy":"category","embeddable":true,"href":"https:\/\/agendadelsur.com\/index.php\/wp-json\/wp\/v2\/categories?post=13540"},{"taxonomy":"post_tag","embeddable":true,"href":"https:\/\/agendadelsur.com\/index.php\/wp-json\/wp\/v2\/tags?post=13540"}],"curies":[{"name":"wp","href":"https:\/\/api.w.org\/{rel}","templated":true}]}}