{"id":14840,"date":"2021-12-27T17:11:19","date_gmt":"2021-12-27T20:11:19","guid":{"rendered":"https:\/\/agendadelsur.com\/?p=14840"},"modified":"2021-12-27T19:42:21","modified_gmt":"2021-12-27T22:42:21","slug":"incendios-forestales-en-la-patagonia","status":"publish","type":"post","link":"https:\/\/agendadelsur.com\/index.php\/2021\/12\/27\/incendios-forestales-en-la-patagonia\/","title":{"rendered":"Incendios forestales en la Patagonia"},"content":{"rendered":"\n<h6 class=\"has-text-color wp-block-heading\" style=\"color:#a30003\">La situaci\u00f3n clim\u00e1tica es compleja, pero est\u00e1n todos los medios a\u00e9reos y brigadistas a disposici\u00f3n, inform\u00f3 el Servicio Nacional de Manejo del Fuego, dependiente del Ministerio de Ambiente y Desarrollo Sostenible de la Naci\u00f3n que env\u00edo recursos materiales &nbsp;y personal especializado a las provincias de R\u00edo Negro, Neuqu\u00e9n y Chubut para el combate de los focos activos.<\/h6>\n\n\n\n<p>En Bariloche se registra un foco activo en Lago Mart\u00edn y otro contenido en Bah\u00eda L\u00f3pez. All\u00ed trabajan la directora de Operaciones del SNMF, Lorena Ojeda, y un coordinador regional. Adem\u00e1s, en la zona se encuentran a disposici\u00f3n 86 combatientes de diversas fuerzas y, para el apoyo a\u00e9reo, un avi\u00f3n anfibio, un observador y dos helic\u00f3pteros con helibaldes. Entre otros recursos, pueden mencionarse un cami\u00f3n Unimog, tres camiones hidrantes, uno de comunicaciones, once camionetas pick up, una camioneta de traslado y dos embarcaciones.<\/p>\n\n\n\n<p>Por su parte, en Neuqu\u00e9n permanece activo un foco en el Lote 39, mientras est\u00e1 controlado otro en Pehuen-Co, Alumin\u00e9.<\/p>\n\n\n\n<p>En Chubut est\u00e1 activo el foco de Cushamen, en la zona de Cerro Radal, y est\u00e1n controlados los incendios en Tehuelches, R\u00edo Senguer y Futaleuf\u00fa.<\/p>\n\n\n\n<p>A trav\u00e9s del SNMF, Naci\u00f3n refuerza su aporte de personal, equipamiento y medios a\u00e9reos, en colaboraci\u00f3n con las provincias y fuerzas de seguridad nacionales para combatir los incendios forestales en la Patagonia. &#8220;Por el momento no ha habido v\u00edctimas ni p\u00e9rdida de bienes&#8221;, se\u00f1al\u00f3 el secretario de Control y Monitoreo Ambiental, Sergio Federovisky.<\/p>\n\n\n\n<div class=\"wp-block-image\"><figure class=\"aligncenter size-full is-resized\"><img loading=\"lazy\" decoding=\"async\" src=\"https:\/\/agendadelsur.com\/wp-content\/uploads\/2021\/12\/269978639_1919170721597106_6664285482785194702_n.jpg\" alt=\"\" class=\"wp-image-14851\" width=\"550\" height=\"366\" srcset=\"https:\/\/agendadelsur.com\/wp-content\/uploads\/2021\/12\/269978639_1919170721597106_6664285482785194702_n.jpg 700w, https:\/\/agendadelsur.com\/wp-content\/uploads\/2021\/12\/269978639_1919170721597106_6664285482785194702_n-300x200.jpg 300w\" sizes=\"(max-width: 550px) 100vw, 550px\" \/><\/figure><\/div>\n\n\n\n<p>En tal sentido, el funcionario explic\u00f3 que \u201ctodo esto est\u00e1 enmarcado en un escenario que es una sequ\u00eda enorme, que hace dos a\u00f1os est\u00e1 afectando la totalidad del pa\u00eds\u201d. Agreg\u00f3 que \u201cen el caso particular de la Patagonia andina, que tiene el verano como la estaci\u00f3n seca, est\u00e1 muy acentuada porque pr\u00e1cticamente no hubo nieve durante el invierno y, en este momento, las temperaturas son altas y los tenores de humedad muy bajos\u201d. &#8220;Estamos ante un fen\u00f3meno global y asociado al cambio clim\u00e1tico&#8221;, puntualiz\u00f3.<\/p>\n\n\n\n<p>El funcionario detall\u00f3 asimismo que, en total, hay \u201cm\u00e1s de 200 brigadistas distribuidos a lo largo de los tres focos en la Patagonia y m\u00e1s de una docena de medios a\u00e9reos\u201d. Pero agreg\u00f3: \u201cSiempre hay que se\u00f1alar que los medios a\u00e9reos son una complementariedad. No son la soluci\u00f3n al problema porque el fuego se trabaja, se combate y se controla desde tierra principalmente. El fuego en el aire se contiene con agua para poder enfriar la zona y poder acceder, pero no se apaga normalmente desde el aire\u201d.<\/p>\n\n\n\n<p>Adem\u00e1s, Federovisky se refiri\u00f3 a la mejora del financiamiento del manejo del fuego: \u201cA trav\u00e9s de una ley, que logramos nosotros en diciembre del a\u00f1o pasado en el Congreso, pudimos tener una al\u00edcuota de la p\u00f3liza de seguros del 3 por mil que va a un fideicomiso de uso exclusivo para el Servicio Nacional de Manejo del Fuego. Y eso supuso para este a\u00f1o un presupuesto siete veces superior, obviamente, al del \u00faltimo a\u00f1o de gobierno de Mauricio Macri\u201d.<\/p>\n\n\n\n<div class=\"wp-block-image\"><figure class=\"aligncenter size-full is-resized\"><img loading=\"lazy\" decoding=\"async\" src=\"https:\/\/agendadelsur.com\/wp-content\/uploads\/2021\/12\/269891695_1917517808429064_2260842589885918740_n.jpg\" alt=\"\" class=\"wp-image-14856\" width=\"559\" height=\"372\" srcset=\"https:\/\/agendadelsur.com\/wp-content\/uploads\/2021\/12\/269891695_1917517808429064_2260842589885918740_n.jpg 700w, https:\/\/agendadelsur.com\/wp-content\/uploads\/2021\/12\/269891695_1917517808429064_2260842589885918740_n-300x200.jpg 300w\" sizes=\"(max-width: 559px) 100vw, 559px\" \/><\/figure><\/div>\n\n\n\n<p>En Bariloche se registra un foco activo en Lago Mart\u00edn y otro contenido en Bah\u00eda L\u00f3pez. All\u00ed trabajan la directora de Operaciones del SNMF, Lorena Ojeda, y un coordinador regional. Adem\u00e1s, en la zona se encuentran a disposici\u00f3n 86 combatientes de diversas fuerzas y, para el apoyo a\u00e9reo, un avi\u00f3n anfibio, un observador y dos helic\u00f3pteros con helibaldes. Entre otros recursos, pueden mencionarse un cami\u00f3n Unimog, tres camiones hidrantes, uno de comunicaciones, once camionetas pick up, una camioneta de traslado y dos embarcaciones.<\/p>\n\n\n\n<p>Se destaca que, en la localidad rionegrina, Naci\u00f3n facilit\u00f3 todos los medios a\u00e9reos solicitados, que est\u00e1n disponibles para operar cuando las condiciones meteorol\u00f3gicas lo permitan. Cabe se\u00f1alar que la escasa visibilidad que se registra dificulta el accionar de las aeronaves.<\/p>\n\n\n\n<p>Sobre este incendio, Federovisky precis\u00f3: \u201cse inici\u00f3 hace ya varios d\u00edas como resultado de una tormenta el\u00e9ctrica, por un rayo que cay\u00f3 en una zona inaccesible. Como resultado del viento y su rotaci\u00f3n, se desplaz\u00f3 hacia el este\u201d. Agreg\u00f3 que se present\u00f3 una dificultad: \u201cla columna de humo impidi\u00f3 en todo el d\u00eda de ayer el sobrevuelo, por lo tanto solo se pudo trabajar por tierra y eso obviamente disminuye las posibilidades\u201d.<\/p>\n\n\n\n<p>El funcionario tambi\u00e9n explic\u00f3 que incendios como el de Bariloche son de \u201cmuy dif\u00edcil abordaje\u201d debido a las condiciones meteorol\u00f3gicas \u201cy adem\u00e1s, se da en una zona muy inaccesible, donde no se puede llegar por tierra, donde el combate no se puede hacer desde el terreno, las dificultades indudablemente crecen\u201d.<\/p>\n\n\n\n<p>El escenario presente, las condiciones clim\u00e1ticas y la posible evacuaci\u00f3n se informar\u00e1n de forma directa a los habitantes de las jurisdicciones afectadas. En tanto, se prolonga el cierre de El Manso y Villegas hasta el 1 de enero para todo tipo de uso p\u00fablico. Las autoridades solicitan que, por estrictas razones de seguridad, no se acerquen de forma espont\u00e1nea a combatir los incendios voluntarios ni agrupaciones.<\/p>\n\n\n\n<p>Por su parte, en Neuqu\u00e9n permanece activo un foco en el Lote 39, mientras est\u00e1 controlado otro en Pehuen-Co, Alumin\u00e9. Sobre esta zona de incendios, Federovisky asegur\u00f3 que \u201cest\u00e1 relativamente mejor a lo que estaba en el d\u00eda de ayer y antes de ayer\u201d.<\/p>\n\n\n\n<p>En la zona trabajan el director nacional del SNMF, Alberto Seufferheld, un coordinador y una asistente t\u00e9cnica. Para el combate de estos incendios, la Naci\u00f3n convoc\u00f3 84 brigadistas de incendios forestales y despleg\u00f3 cinco aviones hidrantes y cuatro helic\u00f3pteros para el traslado de personal y la descarga de agua.<\/p>\n\n\n\n<p>En Chubut est\u00e1 activo el foco de Cushamen, en la zona de Cerro Radal, y est\u00e1n controlados los incendios en Tehuelches, R\u00edo Senguer y Futaleuf\u00fa. En la provincia trabaja un coordinador de la Regi\u00f3n Centro del SNMF y 56 brigadistas, con el apoyo de dos aviones hidrantes y dos helic\u00f3pteros \u2014uno para traslado y otro con helibalde\u2014, tambi\u00e9n trabajan dos camiones autobomba.<\/p>\n\n\n\n<p>Cabe agregar que el secretario Federovisky recomend\u00f3, para quienes quieran visitar la Patagonia este verano, se debe tener en cuenta \u201cen qu\u00e9 ecosistema est\u00e1n haciendo sus vacaciones\u201d y tomar recaudos. Cabe mencionar, que est\u00e1 desaconsejado hacer fuego: \u201cDe hacerlo, hay que garantizar que ese fuego se realice en zonas donde est\u00e1 expresamente permitido, con previa autorizaci\u00f3n de las autoridades locales, y apagarlo muy a conciencia. Pensemos que una peque\u00f1a chispa puede provocar un desastre de proporciones\u201d, manifest\u00f3 el funcionario.<\/p>\n\n\n\n<p>Fuente: Ministerio de Ambiente de la Naci\u00f3n<\/p>\n\n\n\n<div class=\"wp-block-image\"><figure class=\"aligncenter size-full\"><img loading=\"lazy\" decoding=\"async\" width=\"300\" height=\"250\" src=\"https:\/\/agendadelsur.com\/wp-content\/uploads\/2021\/12\/AVISO-FUGAZZA-NUEVO-1O.12-29.jpg\" alt=\"\" class=\"wp-image-14841\"\/><\/figure><\/div>\n\n\n\n<div class=\"wp-block-image\"><figure class=\"aligncenter size-full\"><img loading=\"lazy\" decoding=\"async\" width=\"300\" height=\"250\" src=\"https:\/\/agendadelsur.com\/wp-content\/uploads\/2021\/12\/CRISTAL-uno-25.jpg\" alt=\"\" class=\"wp-image-14842\"\/><\/figure><\/div>\n","protected":false},"excerpt":{"rendered":"<p>La situaci\u00f3n clim\u00e1tica es compleja, pero est\u00e1n todos los medios a\u00e9reos y brigadistas a disposici\u00f3n, inform\u00f3 el Servicio Nacional de Manejo del Fuego, dependiente del Ministerio de Ambiente y Desarrollo Sostenible de la Naci\u00f3n que env\u00edo recursos materiales &nbsp;y personal especializado a las provincias de R\u00edo Negro, Neuqu\u00e9n y Chubut para el combate de los [&hellip;]<\/p>\n","protected":false},"author":2,"featured_media":14854,"comment_status":"closed","ping_status":"open","sticky":false,"template":"","format":"standard","meta":{"footnotes":""},"categories":[9],"tags":[1340,4546],"_links":{"self":[{"href":"https:\/\/agendadelsur.com\/index.php\/wp-json\/wp\/v2\/posts\/14840"}],"collection":[{"href":"https:\/\/agendadelsur.com\/index.php\/wp-json\/wp\/v2\/posts"}],"about":[{"href":"https:\/\/agendadelsur.com\/index.php\/wp-json\/wp\/v2\/types\/post"}],"author":[{"embeddable":true,"href":"https:\/\/agendadelsur.com\/index.php\/wp-json\/wp\/v2\/users\/2"}],"replies":[{"embeddable":true,"href":"https:\/\/agendadelsur.com\/index.php\/wp-json\/wp\/v2\/comments?post=14840"}],"version-history":[{"count":4,"href":"https:\/\/agendadelsur.com\/index.php\/wp-json\/wp\/v2\/posts\/14840\/revisions"}],"predecessor-version":[{"id":14857,"href":"https:\/\/agendadelsur.com\/index.php\/wp-json\/wp\/v2\/posts\/14840\/revisions\/14857"}],"wp:featuredmedia":[{"embeddable":true,"href":"https:\/\/agendadelsur.com\/index.php\/wp-json\/wp\/v2\/media\/14854"}],"wp:attachment":[{"href":"https:\/\/agendadelsur.com\/index.php\/wp-json\/wp\/v2\/media?parent=14840"}],"wp:term":[{"taxonomy":"category","embeddable":true,"href":"https:\/\/agendadelsur.com\/index.php\/wp-json\/wp\/v2\/categories?post=14840"},{"taxonomy":"post_tag","embeddable":true,"href":"https:\/\/agendadelsur.com\/index.php\/wp-json\/wp\/v2\/tags?post=14840"}],"curies":[{"name":"wp","href":"https:\/\/api.w.org\/{rel}","templated":true}]}}