{"id":14949,"date":"2021-12-30T01:12:22","date_gmt":"2021-12-30T04:12:22","guid":{"rendered":"https:\/\/agendadelsur.com\/?p=14949"},"modified":"2021-12-30T01:12:23","modified_gmt":"2021-12-30T04:12:23","slug":"entrega-de-viviendas-del-plan-procrear","status":"publish","type":"post","link":"https:\/\/agendadelsur.com\/index.php\/2021\/12\/30\/entrega-de-viviendas-del-plan-procrear\/","title":{"rendered":"Entrega de viviendas del plan Procrear"},"content":{"rendered":"\n<h6 class=\"has-text-color wp-block-heading\" style=\"color:#f00307\">El desarrollo urban\u00edstico ubicado en la Estaci\u00f3n Buenos Aires cuenta con 2.476 hogares de entre 32 y 114 metros cuadrados, de los cuales 92 fueron construidos para que fuesen aptos para personas con discapacidad. Adem\u00e1s, posee 935 cocheras y 73 locales comerciales<\/h6>\n\n\n\n<p>Las viviendas del desarrollo urban\u00edstico fueron asignadas a trav\u00e9s de la modalidad de sorteo general, y mediante un proceso de cogesti\u00f3n con la CGT y la CTA.<\/p>\n\n\n\n<div class=\"wp-block-image\"><figure class=\"aligncenter size-full is-resized\"><img decoding=\"async\" src=\"https:\/\/agendadelsur.com\/wp-content\/uploads\/2021\/12\/viviendas.jpg\" alt=\"\" class=\"wp-image-14951\" width=\"-234\" height=\"-155\" srcset=\"https:\/\/agendadelsur.com\/wp-content\/uploads\/2021\/12\/viviendas.jpg 700w, https:\/\/agendadelsur.com\/wp-content\/uploads\/2021\/12\/viviendas-300x200.jpg 300w\" sizes=\"(max-width: 700px) 100vw, 700px\" \/><\/figure><\/div>\n\n\n\n<p>El presidente Alberto Fern\u00e1ndez encabez\u00f3 esta tarde, en el barrio porte\u00f1o de Parque Patricios, la entrega de viviendas del plan Procrear para 141 familias en el desarrollo urban\u00edstico Estaci\u00f3n Buenos Aires.<\/p>\n\n\n\n<p>\u201cTener una casa es un derecho que cualquier ser humano merece. Disfruten de sus casas, de sus familias, mientras gobernemos solo estaremos pensando en ustedes\u201d, expres\u00f3 el mandatario durante la ceremonia, en la que estuvo acompa\u00f1ado por el ministro de Desarrollo Territorial y H\u00e1bitat, Jorge Ferraresi.<\/p>\n\n\n\n<p>Adem\u00e1s, el mandatario compar\u00f3 el actual Procrear con la versi\u00f3n que, durante la gesti\u00f3n anterior, entregaba cr\u00e9ditos UVA, y afirm\u00f3: \u201cHay momentos en donde el poder satisfacer ciertas necesidades de la gente deja de ser un negocio, y cuando deja de ser un negocio tiene que aparecer el Estado\u201d.<\/p>\n\n\n\n<p>\u201cNosotros pensamos en volver a poner el Procrear en su esencia, que era favorecer y facilitar el acceso a un cr\u00e9dito a un trabajador que pueda pagarlo, y que ese cr\u00e9dito no se convierta en un problema\u201d, indic\u00f3, y remarc\u00f3: \u201cCuando el mercado lo hace, el negocio es de otro, no de quien necesita la casa\u201d.<\/p>\n\n\n\n<p>En tanto, Ferraresi pidi\u00f3 \u201cque no sea m\u00e1s el sistema financiero el que determine si un argentino tiene una vivienda, sino que sea el trabajo, que es el mejor ordenador\u201d. Y adelant\u00f3 que su Ministerio inaugurar\u00e1 en febrero la vivienda n\u00famero 40 mil.<\/p>\n\n\n\n<p>Fuente: Prensa Presidencia de la Naci\u00f3n<\/p>\n\n\n\n<div class=\"wp-block-image\"><figure class=\"aligncenter size-full is-resized\"><img loading=\"lazy\" decoding=\"async\" src=\"https:\/\/agendadelsur.com\/wp-content\/uploads\/2021\/12\/agenda-del-sur-34-3.png\" alt=\"\" class=\"wp-image-14950\" width=\"380\" height=\"316\"\/><\/figure><\/div>\n","protected":false},"excerpt":{"rendered":"<p>El desarrollo urban\u00edstico ubicado en la Estaci\u00f3n Buenos Aires cuenta con 2.476 hogares de entre 32 y 114 metros cuadrados, de los cuales 92 fueron construidos para que fuesen aptos para personas con discapacidad. Adem\u00e1s, posee 935 cocheras y 73 locales comerciales Las viviendas del desarrollo urban\u00edstico fueron asignadas a trav\u00e9s de la modalidad de [&hellip;]<\/p>\n","protected":false},"author":2,"featured_media":14952,"comment_status":"closed","ping_status":"open","sticky":false,"template":"","format":"standard","meta":{"footnotes":""},"categories":[9],"tags":[1291,1162,1376],"_links":{"self":[{"href":"https:\/\/agendadelsur.com\/index.php\/wp-json\/wp\/v2\/posts\/14949"}],"collection":[{"href":"https:\/\/agendadelsur.com\/index.php\/wp-json\/wp\/v2\/posts"}],"about":[{"href":"https:\/\/agendadelsur.com\/index.php\/wp-json\/wp\/v2\/types\/post"}],"author":[{"embeddable":true,"href":"https:\/\/agendadelsur.com\/index.php\/wp-json\/wp\/v2\/users\/2"}],"replies":[{"embeddable":true,"href":"https:\/\/agendadelsur.com\/index.php\/wp-json\/wp\/v2\/comments?post=14949"}],"version-history":[{"count":1,"href":"https:\/\/agendadelsur.com\/index.php\/wp-json\/wp\/v2\/posts\/14949\/revisions"}],"predecessor-version":[{"id":14953,"href":"https:\/\/agendadelsur.com\/index.php\/wp-json\/wp\/v2\/posts\/14949\/revisions\/14953"}],"wp:featuredmedia":[{"embeddable":true,"href":"https:\/\/agendadelsur.com\/index.php\/wp-json\/wp\/v2\/media\/14952"}],"wp:attachment":[{"href":"https:\/\/agendadelsur.com\/index.php\/wp-json\/wp\/v2\/media?parent=14949"}],"wp:term":[{"taxonomy":"category","embeddable":true,"href":"https:\/\/agendadelsur.com\/index.php\/wp-json\/wp\/v2\/categories?post=14949"},{"taxonomy":"post_tag","embeddable":true,"href":"https:\/\/agendadelsur.com\/index.php\/wp-json\/wp\/v2\/tags?post=14949"}],"curies":[{"name":"wp","href":"https:\/\/api.w.org\/{rel}","templated":true}]}}