{"id":15078,"date":"2022-01-04T01:30:07","date_gmt":"2022-01-04T04:30:07","guid":{"rendered":"https:\/\/agendadelsur.com\/?p=15078"},"modified":"2022-01-04T02:02:36","modified_gmt":"2022-01-04T05:02:36","slug":"obras-de-viviendas-en-distintos-barrios-de-avellaneda","status":"publish","type":"post","link":"https:\/\/agendadelsur.com\/index.php\/2022\/01\/04\/obras-de-viviendas-en-distintos-barrios-de-avellaneda\/","title":{"rendered":"Obras de viviendas en distintos barrios de Avellaneda"},"content":{"rendered":"\n<h6 class=\"has-text-color wp-block-heading\" style=\"color:#fa0408\">El ministro de Desarrollo Territorial y H\u00e1bitat de la Naci\u00f3n, Jorge Ferraresi, junto al secretario de Obras y Servicios P\u00fablicos de la Municipalidad de Avellaneda, Gast\u00f3n Seill\u00e1n y al subsecretario de Desarrollo Territorial y H\u00e1bitat, Juli\u00e1n Talento recorrieron las obras que se est\u00e1n llevando a cabo en nuestra ciudad donde compartieron una reuni\u00f3n de trabajo y evaluaron el avance de las mismas.<\/h6>\n\n\n\n<p>Luego de la reuni\u00f3n recorrieron la Isla Maciel donde se est\u00e1n finalizando un total de 84 viviendas a trav\u00e9s del programa \u201cReconstruir\u201d. Mediante esta herramienta ya se entregaron 16 casas en el barrio y tambi\u00e9n se est\u00e1n construyendo otras 119 a trav\u00e9s del programa \u201cCasa Propia\u201d. La inversi\u00f3n del Ministerio de Desarrollo Territorial y H\u00e1bitat para todas ellas es de $739 millones.<\/p>\n\n\n\n<div class=\"wp-block-image\"><figure class=\"aligncenter size-full is-resized\"><img loading=\"lazy\" decoding=\"async\" src=\"https:\/\/agendadelsur.com\/wp-content\/uploads\/2022\/01\/20220103_204415.jpg\" alt=\"\" class=\"wp-image-15079\" width=\"516\" height=\"354\" srcset=\"https:\/\/agendadelsur.com\/wp-content\/uploads\/2022\/01\/20220103_204415.jpg 700w, https:\/\/agendadelsur.com\/wp-content\/uploads\/2022\/01\/20220103_204415-300x206.jpg 300w\" sizes=\"(max-width: 516px) 100vw, 516px\" \/><\/figure><\/div>\n\n\n\n<p>Por otro lado, tambi\u00e9n supervisaron las 154 viviendas que se est\u00e1n finalizando en el Predio Alianza y las 16 que avanzan en el Predio Esperanza, ambas en el mismo barrio. Para su terminaci\u00f3n, el Estado Nacional est\u00e1 invirtiendo m\u00e1s de $634 millones.<\/p>\n\n\n\n<p>Asimismo, visitaron en Sarand\u00ed las 40 viviendas que se est\u00e1n construyendo a trav\u00e9s de los programas \u201cCasa Propia\u201d y \u201cReconstruir\u201d en los predios Saladita IV, Edison y Agrelo sobre la calle G\u00e9nova. La inversi\u00f3n para estas obras es superior a los $162 millones.<\/p>\n\n\n\n<p>La \u00faltima visita del d\u00eda fue en las obras que avanzan en el Predio Suipacha de Villa Dom\u00ednico. Son 81 viviendas que se est\u00e1n construyendo a trav\u00e9s del programa \u201cCasa Propia\u201d y 33 m\u00e1s que se est\u00e1n finalizando gracias al \u201cReconstruir\u201d. La inversi\u00f3n del Gobierno Nacional para todas ellas es de $499 millones.<\/p>\n\n\n\n<div class=\"wp-block-image\"><figure class=\"aligncenter size-full is-resized\"><img loading=\"lazy\" decoding=\"async\" src=\"https:\/\/agendadelsur.com\/wp-content\/uploads\/2022\/01\/20220103_204638.jpg\" alt=\"\" class=\"wp-image-15080\" width=\"524\" height=\"359\" srcset=\"https:\/\/agendadelsur.com\/wp-content\/uploads\/2022\/01\/20220103_204638.jpg 700w, https:\/\/agendadelsur.com\/wp-content\/uploads\/2022\/01\/20220103_204638-300x206.jpg 300w\" sizes=\"(max-width: 524px) 100vw, 524px\" \/><\/figure><\/div>\n\n\n\n<p>Las obras de vivienda en Avellaneda siguen avanzando y adem\u00e1s impulsan la creaci\u00f3n de empleo local.<\/p>\n\n\n\n<p>Fuente: Direcci\u00f3n General de Medios de la Municipalidad de Avellaneda<\/p>\n\n\n\n<div class=\"wp-block-image\"><figure class=\"aligncenter size-full\"><img loading=\"lazy\" decoding=\"async\" width=\"300\" height=\"250\" src=\"https:\/\/agendadelsur.com\/wp-content\/uploads\/2022\/01\/agenda-del-sur-34-2.png\" alt=\"\" class=\"wp-image-15081\"\/><\/figure><\/div>\n\n\n\n<div class=\"wp-block-image\"><figure class=\"aligncenter size-full\"><img loading=\"lazy\" decoding=\"async\" width=\"300\" height=\"250\" src=\"https:\/\/agendadelsur.com\/wp-content\/uploads\/2022\/01\/VITALAB-AAABBB-3.jpg\" alt=\"\" class=\"wp-image-15082\"\/><\/figure><\/div>\n","protected":false},"excerpt":{"rendered":"<p>El ministro de Desarrollo Territorial y H\u00e1bitat de la Naci\u00f3n, Jorge Ferraresi, junto al secretario de Obras y Servicios P\u00fablicos de la Municipalidad de Avellaneda, Gast\u00f3n Seill\u00e1n y al subsecretario de Desarrollo Territorial y H\u00e1bitat, Juli\u00e1n Talento recorrieron las obras que se est\u00e1n llevando a cabo en nuestra ciudad donde compartieron una reuni\u00f3n de trabajo [&hellip;]<\/p>\n","protected":false},"author":2,"featured_media":15083,"comment_status":"closed","ping_status":"open","sticky":false,"template":"","format":"standard","meta":{"footnotes":""},"categories":[4],"tags":[],"_links":{"self":[{"href":"https:\/\/agendadelsur.com\/index.php\/wp-json\/wp\/v2\/posts\/15078"}],"collection":[{"href":"https:\/\/agendadelsur.com\/index.php\/wp-json\/wp\/v2\/posts"}],"about":[{"href":"https:\/\/agendadelsur.com\/index.php\/wp-json\/wp\/v2\/types\/post"}],"author":[{"embeddable":true,"href":"https:\/\/agendadelsur.com\/index.php\/wp-json\/wp\/v2\/users\/2"}],"replies":[{"embeddable":true,"href":"https:\/\/agendadelsur.com\/index.php\/wp-json\/wp\/v2\/comments?post=15078"}],"version-history":[{"count":1,"href":"https:\/\/agendadelsur.com\/index.php\/wp-json\/wp\/v2\/posts\/15078\/revisions"}],"predecessor-version":[{"id":15093,"href":"https:\/\/agendadelsur.com\/index.php\/wp-json\/wp\/v2\/posts\/15078\/revisions\/15093"}],"wp:featuredmedia":[{"embeddable":true,"href":"https:\/\/agendadelsur.com\/index.php\/wp-json\/wp\/v2\/media\/15083"}],"wp:attachment":[{"href":"https:\/\/agendadelsur.com\/index.php\/wp-json\/wp\/v2\/media?parent=15078"}],"wp:term":[{"taxonomy":"category","embeddable":true,"href":"https:\/\/agendadelsur.com\/index.php\/wp-json\/wp\/v2\/categories?post=15078"},{"taxonomy":"post_tag","embeddable":true,"href":"https:\/\/agendadelsur.com\/index.php\/wp-json\/wp\/v2\/tags?post=15078"}],"curies":[{"name":"wp","href":"https:\/\/api.w.org\/{rel}","templated":true}]}}