{"id":15457,"date":"2022-01-17T10:29:05","date_gmt":"2022-01-17T13:29:05","guid":{"rendered":"https:\/\/agendadelsur.com\/?p=15457"},"modified":"2022-01-17T10:29:06","modified_gmt":"2022-01-17T13:29:06","slug":"paseo-de-la-alameda","status":"publish","type":"post","link":"https:\/\/agendadelsur.com\/index.php\/2022\/01\/17\/paseo-de-la-alameda\/","title":{"rendered":"Paseo de La Alameda"},"content":{"rendered":"\n<h4 class=\"has-text-color wp-block-heading\" style=\"color:#f10408\">El espacio se encuentra ubicado entre la Av. Mitre y las calles Nueva York, Arribe\u00f1os y Azucena Villaflor, de Sarand\u00ed.<\/h4>\n\n\n\n<div class=\"wp-block-image\"><figure class=\"aligncenter size-full is-resized\"><img loading=\"lazy\" decoding=\"async\" src=\"https:\/\/agendadelsur.com\/wp-content\/uploads\/2022\/01\/4..jpg\" alt=\"\" class=\"wp-image-15458\" width=\"550\" height=\"378\" srcset=\"https:\/\/agendadelsur.com\/wp-content\/uploads\/2022\/01\/4..jpg 700w, https:\/\/agendadelsur.com\/wp-content\/uploads\/2022\/01\/4.-300x206.jpg 300w\" sizes=\"(max-width: 550px) 100vw, 550px\" \/><\/figure><\/div>\n\n\n\n<p>El Municipio est\u00e1 remodelando el lugar que contar\u00e1 con veredas, rampas, mesas y bancos de hormig\u00f3n, p\u00e9rgolas y cestos de basura. Adem\u00e1s, habr\u00e1 un sector de deportes con un play\u00f3n multi-prop\u00f3sito y otro de juegos. Tambi\u00e9n se construir\u00e1 una bicisenda y se renovar\u00e1 la iluminaci\u00f3n.<\/p>\n\n\n\n<div class=\"wp-block-image\"><figure class=\"aligncenter size-full is-resized\"><img loading=\"lazy\" decoding=\"async\" src=\"https:\/\/agendadelsur.com\/wp-content\/uploads\/2022\/01\/2..jpg\" alt=\"\" class=\"wp-image-15459\" width=\"558\" height=\"383\" srcset=\"https:\/\/agendadelsur.com\/wp-content\/uploads\/2022\/01\/2..jpg 700w, https:\/\/agendadelsur.com\/wp-content\/uploads\/2022\/01\/2.-300x206.jpg 300w\" sizes=\"(max-width: 558px) 100vw, 558px\" \/><\/figure><\/div>\n\n\n\n<p>Por otro lado, se prev\u00e9 un paseo de la historia con informaci\u00f3n de la Estaci\u00f3n Sarand\u00ed y sus inicios.<\/p>\n\n\n\n<div class=\"wp-block-image\"><figure class=\"aligncenter size-full is-resized\"><img loading=\"lazy\" decoding=\"async\" src=\"https:\/\/agendadelsur.com\/wp-content\/uploads\/2022\/01\/MILLANEL-NUEVO-6.jpg\" alt=\"\" class=\"wp-image-15460\" width=\"558\" height=\"343\" srcset=\"https:\/\/agendadelsur.com\/wp-content\/uploads\/2022\/01\/MILLANEL-NUEVO-6.jpg 450w, https:\/\/agendadelsur.com\/wp-content\/uploads\/2022\/01\/MILLANEL-NUEVO-6-300x184.jpg 300w\" sizes=\"(max-width: 558px) 100vw, 558px\" \/><\/figure><\/div>\n","protected":false},"excerpt":{"rendered":"<p>El espacio se encuentra ubicado entre la Av. Mitre y las calles Nueva York, Arribe\u00f1os y Azucena Villaflor, de Sarand\u00ed. El Municipio est\u00e1 remodelando el lugar que contar\u00e1 con veredas, rampas, mesas y bancos de hormig\u00f3n, p\u00e9rgolas y cestos de basura. Adem\u00e1s, habr\u00e1 un sector de deportes con un play\u00f3n multi-prop\u00f3sito y otro de juegos. [&hellip;]<\/p>\n","protected":false},"author":2,"featured_media":15461,"comment_status":"closed","ping_status":"open","sticky":false,"template":"","format":"standard","meta":{"footnotes":""},"categories":[4],"tags":[922,4696,4697],"_links":{"self":[{"href":"https:\/\/agendadelsur.com\/index.php\/wp-json\/wp\/v2\/posts\/15457"}],"collection":[{"href":"https:\/\/agendadelsur.com\/index.php\/wp-json\/wp\/v2\/posts"}],"about":[{"href":"https:\/\/agendadelsur.com\/index.php\/wp-json\/wp\/v2\/types\/post"}],"author":[{"embeddable":true,"href":"https:\/\/agendadelsur.com\/index.php\/wp-json\/wp\/v2\/users\/2"}],"replies":[{"embeddable":true,"href":"https:\/\/agendadelsur.com\/index.php\/wp-json\/wp\/v2\/comments?post=15457"}],"version-history":[{"count":1,"href":"https:\/\/agendadelsur.com\/index.php\/wp-json\/wp\/v2\/posts\/15457\/revisions"}],"predecessor-version":[{"id":15462,"href":"https:\/\/agendadelsur.com\/index.php\/wp-json\/wp\/v2\/posts\/15457\/revisions\/15462"}],"wp:featuredmedia":[{"embeddable":true,"href":"https:\/\/agendadelsur.com\/index.php\/wp-json\/wp\/v2\/media\/15461"}],"wp:attachment":[{"href":"https:\/\/agendadelsur.com\/index.php\/wp-json\/wp\/v2\/media?parent=15457"}],"wp:term":[{"taxonomy":"category","embeddable":true,"href":"https:\/\/agendadelsur.com\/index.php\/wp-json\/wp\/v2\/categories?post=15457"},{"taxonomy":"post_tag","embeddable":true,"href":"https:\/\/agendadelsur.com\/index.php\/wp-json\/wp\/v2\/tags?post=15457"}],"curies":[{"name":"wp","href":"https:\/\/api.w.org\/{rel}","templated":true}]}}