{"id":15544,"date":"2022-01-20T00:41:22","date_gmt":"2022-01-20T03:41:22","guid":{"rendered":"https:\/\/agendadelsur.com\/?p=15544"},"modified":"2022-01-20T00:41:23","modified_gmt":"2022-01-20T03:41:23","slug":"verano-sin-trabajo-infantil","status":"publish","type":"post","link":"https:\/\/agendadelsur.com\/index.php\/2022\/01\/20\/verano-sin-trabajo-infantil\/","title":{"rendered":"Verano sin trabajo infantil"},"content":{"rendered":"\n<h5 class=\"has-text-color wp-block-heading\" style=\"color:#f60509\">Playa y mar para ni\u00f1os y adultos de familias ladrilleras y agricultura familiar. En enero participaron los dos primeros grupos en esta acci\u00f3n de la COPRETI que apunta a desalentar el trabajo infantil durante el receso escolar.<\/h5>\n\n\n\n<p>Chicos y chicas viajaron a conocer el mar gracias a un programa de la COPRETI. Unos cien ni\u00f1os y ni\u00f1as, pertenecientes a grupos en situaci\u00f3n de vulnerabilidad frente al trabajo, viajaron en lo que va del mes de enero a la localidad de Chapadmalal a cumplir el sue\u00f1o de conocer el mar.<\/p>\n\n\n\n<p>Ambos contingentes estuvieron alojados en el complejo social y desarrollaron distintas actividades l\u00fadicas y recreativas, en el marco del programa provincial \u201cVerano sin trabajo infantil\u201d a cargo de la Comisi\u00f3n Provincial para la Prevenci\u00f3n y Erradicaci\u00f3n del Trabajo Infantil (COPRETI), dependiente del ministerio de Trabajo bonaerense.<\/p>\n\n\n\n<p>El primero de los grupos estuvo integrado por chicos y chicas hijos de productores rurales de las organizaciones \u201cEl Guadalquivir\u201d, de la localidad de El Peligro, y \u201cTierra F\u00e9rtil\u201d, de Abasto, ambas en La Plata, mientras que el segundo, junto a la Uni\u00f3n Obrera Ladrillera de a Rep\u00fablica Argentina (UOLRA), lo conformaron ni\u00f1os, ni\u00f1as y adultos que se desempe\u00f1an en la econom\u00eda popular en el sector ladrillero de Cucull\u00fa, partido de San Andr\u00e9s de Giles.<\/p>\n\n\n\n<p>La iniciativa cuenta con el&nbsp; apoyo del ministerio de Turismo de Naci\u00f3n y permiti\u00f3 que disfrutaran de juegos en la playa, show de circo y canciones acercadas por el Instituto Cultural de la Provincia, adem\u00e1s de otras actividades recreativas, como clases de surf.<\/p>\n\n\n\n<div class=\"wp-block-image\"><figure class=\"aligncenter size-full is-resized\"><img loading=\"lazy\" decoding=\"async\" src=\"https:\/\/agendadelsur.com\/wp-content\/uploads\/2022\/01\/COPRETINUEVA2.jpg\" alt=\"\" class=\"wp-image-15545\" width=\"505\" height=\"378\" srcset=\"https:\/\/agendadelsur.com\/wp-content\/uploads\/2022\/01\/COPRETINUEVA2.jpg 650w, https:\/\/agendadelsur.com\/wp-content\/uploads\/2022\/01\/COPRETINUEVA2-300x225.jpg 300w\" sizes=\"(max-width: 505px) 100vw, 505px\" \/><\/figure><\/div>\n\n\n\n<p>\u201cEs emocionante ver a los ni\u00f1os en su primera experiencia en el mar, pero mucho m\u00e1s a\u00fan la de los padres que como si fueran chicos recuperan experiencias que no tuvieron y que s\u00ed est\u00e1n pudiendo tener junto a sus hijos gracias a un Estado presente\u201d, se\u00f1al\u00f3 el secretario ejecutivo de la COPRETI, Juan Brasesco.<\/p>\n\n\n\n<p>A lo largo de las dos semanas en las que estuvieron disfrutando del paisaje costero, los ni\u00f1os recibieron diversas visitas como la de las ministras de Trabajo bonaerene, Mara Ruiz Malec, y de Gobierno, Cristina Alvarez Rodr\u00edguez, la presidenta del Instituto Cultural de la Provincia, Florencia Saintout, la titular de la ANSeS, Fernanda Raverta, y el intendente de General Alvarado, Sebasti\u00e1n Ianantuony, adem\u00e1s de representantes del sector sindical como Roberto Baradel (CTA Trabajadores) y Rosario Hasper\u00fae (CTA Aut\u00f3noma), entre otros.<\/p>\n\n\n\n<p>Durante los meses de febrero y marzo otros 200 ni\u00f1os y ni\u00f1as viajar\u00e1n al mismo balneario bonaerense para pasar unos d\u00edas de esparcimiento y recreaci\u00f3n, siempre bajo la supervisi\u00f3n de la COPRETI, que a lo largo de todo el a\u00f1o realiza acciones destinadas a ni\u00f1os y adultos de distintas comunidades donde se registra una alta incidencia del trabajo infantil.<\/p>\n\n\n\n<p>En ese sentido, la COPRETI trabaja con unos cinco mil chicos y chicas de la provincia de Buenos Aires a trav\u00e9s de programas tendientes a promocionar derechos y concientizar sobre esta problem\u00e1tica.<\/p>\n\n\n\n<p>Fuente: Prensa del Gobierno de la Provincia de Buenos Aires<\/p>\n\n\n\n<div class=\"wp-block-image\"><figure class=\"aligncenter size-full is-resized\"><img loading=\"lazy\" decoding=\"async\" src=\"https:\/\/agendadelsur.com\/wp-content\/uploads\/2022\/01\/VITALAB-AAABBB-16.jpg\" alt=\"\" class=\"wp-image-15546\" width=\"454\" height=\"378\"\/><\/figure><\/div>\n\n\n\n<div class=\"wp-block-image\"><figure class=\"aligncenter size-full is-resized\"><img loading=\"lazy\" decoding=\"async\" src=\"https:\/\/agendadelsur.com\/wp-content\/uploads\/2022\/01\/AVISO-FUGAZZA-II-4.jpg\" alt=\"\" class=\"wp-image-15547\" width=\"444\" height=\"370\"\/><\/figure><\/div>\n","protected":false},"excerpt":{"rendered":"<p>Playa y mar para ni\u00f1os y adultos de familias ladrilleras y agricultura familiar. En enero participaron los dos primeros grupos en esta acci\u00f3n de la COPRETI que apunta a desalentar el trabajo infantil durante el receso escolar. Chicos y chicas viajaron a conocer el mar gracias a un programa de la COPRETI. Unos cien ni\u00f1os [&hellip;]<\/p>\n","protected":false},"author":2,"featured_media":15548,"comment_status":"closed","ping_status":"open","sticky":false,"template":"","format":"standard","meta":{"footnotes":""},"categories":[1419],"tags":[4716,4715],"_links":{"self":[{"href":"https:\/\/agendadelsur.com\/index.php\/wp-json\/wp\/v2\/posts\/15544"}],"collection":[{"href":"https:\/\/agendadelsur.com\/index.php\/wp-json\/wp\/v2\/posts"}],"about":[{"href":"https:\/\/agendadelsur.com\/index.php\/wp-json\/wp\/v2\/types\/post"}],"author":[{"embeddable":true,"href":"https:\/\/agendadelsur.com\/index.php\/wp-json\/wp\/v2\/users\/2"}],"replies":[{"embeddable":true,"href":"https:\/\/agendadelsur.com\/index.php\/wp-json\/wp\/v2\/comments?post=15544"}],"version-history":[{"count":1,"href":"https:\/\/agendadelsur.com\/index.php\/wp-json\/wp\/v2\/posts\/15544\/revisions"}],"predecessor-version":[{"id":15549,"href":"https:\/\/agendadelsur.com\/index.php\/wp-json\/wp\/v2\/posts\/15544\/revisions\/15549"}],"wp:featuredmedia":[{"embeddable":true,"href":"https:\/\/agendadelsur.com\/index.php\/wp-json\/wp\/v2\/media\/15548"}],"wp:attachment":[{"href":"https:\/\/agendadelsur.com\/index.php\/wp-json\/wp\/v2\/media?parent=15544"}],"wp:term":[{"taxonomy":"category","embeddable":true,"href":"https:\/\/agendadelsur.com\/index.php\/wp-json\/wp\/v2\/categories?post=15544"},{"taxonomy":"post_tag","embeddable":true,"href":"https:\/\/agendadelsur.com\/index.php\/wp-json\/wp\/v2\/tags?post=15544"}],"curies":[{"name":"wp","href":"https:\/\/api.w.org\/{rel}","templated":true}]}}