{"id":1562,"date":"2020-04-08T18:17:06","date_gmt":"2020-04-08T18:17:06","guid":{"rendered":"https:\/\/agendadelsur.com\/?p=1562"},"modified":"2020-04-08T18:17:08","modified_gmt":"2020-04-08T18:17:08","slug":"el-instituto-malbran-logro-secuenciar-el-genoma-completo-del-nuevo-coronavirus-sars-cov-2","status":"publish","type":"post","link":"https:\/\/agendadelsur.com\/index.php\/2020\/04\/08\/el-instituto-malbran-logro-secuenciar-el-genoma-completo-del-nuevo-coronavirus-sars-cov-2\/","title":{"rendered":"El Instituto Malbr\u00e1n logr\u00f3 secuenciar el genoma completo del nuevo coronavirus SARS-COV-2"},"content":{"rendered":"\n<p>El logro\ndel Servicio de Virosis Respiratorias y de la Plataforma de Gen\u00f3mica y\nBioinform\u00e1tica permitir\u00e1 asegurar la calidad del diagn\u00f3stico y contribuir al\ndesarrollo de una f\u00f3rmula vacunal representativa de las cepas circulantes a\nnivel nacional y regional.<\/p>\n\n\n\n<p>Con el\nobjetivo de conocer la din\u00e1mica y la diversidad de la poblaci\u00f3n viral de\nSARS-COV-2 y las rutas de transmisi\u00f3n en Argentina, el Servicio de Virosis\nRespiratorias y de la plataforma de Gen\u00f3mica y Bioinform\u00e1tica del Instituto\nNacional de Enfermedades Infecciosas (INEI) de la Administraci\u00f3n Nacional de\nLaboratorios e Institutos de Salud (&#8216;ANLIS) \u201cDr. Carlos Malbr\u00e1n\u201d secuenciaron\nlos primeros tres genomas.<\/p>\n\n\n\n<p>En se\nmarco, en el d\u00eda de hoy, el Presidente de la Naci\u00f3n, Alberto Fern\u00e1ndez, visit\u00f3\npersonalmente a los profesionales que trabajan en el ANLIS-Malbr\u00e1n para\nfelicitarlos y agradecerles que lograron secuenciar de forma exitosa el genoma\ncompleto SARS COV-2.<\/p>\n\n\n\n<p>El\nmandatario sostuvo que \u201cadmiro el trabajo que realizan nuestros cient\u00edficos en\nel Instituto Malbr\u00e1n, el mismo lugar en el que trabajaron dos Premios Nobel de\nArgentina: Bernardo Houssay y C\u00e9sar Milstein\u201d.<\/p>\n\n\n\n<p>El\nministro de Salud de la Naci\u00f3n, Gin\u00e9s Gonz\u00e1lez Garc\u00eda, quien destac\u00f3 el logro\ndel ANLIS indic\u00f3 que \u201ces muy importante no solo para el presente, sino para el\nfuturo, porque los virus no son todos iguales y esta investigaci\u00f3n pudo\ndeterminar la procedencia de estos virus y que caracter\u00edsticas tienen, esto\nsirve para que cuando haya que hacer la vacuna incluya las caracter\u00edsticas del\nvirus local\u201d, explic\u00f3 el ministro.<\/p>\n\n\n\n<p>Cabe\nse\u00f1alar que la informaci\u00f3n obtenida ser\u00e1 \u00fatil para asegurar la calidad de\ndiagn\u00f3stico, complementar la vigilancia epidemiol\u00f3gica y contribuir al\ndesarrollo de una f\u00f3rmula vacunal representativa de las cepas circulantes en el\npa\u00eds y en la regi\u00f3n.<\/p>\n\n\n\n<p>El\nprocedimiento se realiz\u00f3 a partir de muestras de pacientes argentinos\ninfectados que fueron derivadas en el marco de la vigilancia nacional de\nCOVID-19 y el resultado fue enviado a la plataforma Global Initiative on\nSharing All Influenza Data (GISAD) que lo aprob\u00f3 inmediatamente.<\/p>\n\n\n\n<p>Fuente:\nMinisterio de Salud<\/p>\n","protected":false},"excerpt":{"rendered":"<p>El logro del Servicio de Virosis Respiratorias y de la Plataforma de Gen\u00f3mica y Bioinform\u00e1tica permitir\u00e1 asegurar la calidad del diagn\u00f3stico y contribuir al desarrollo de una f\u00f3rmula vacunal representativa de las cepas circulantes a nivel nacional y regional. Con el objetivo de conocer la din\u00e1mica y la diversidad de la poblaci\u00f3n viral de SARS-COV-2 [&hellip;]<\/p>\n","protected":false},"author":2,"featured_media":1563,"comment_status":"closed","ping_status":"open","sticky":false,"template":"","format":"standard","meta":{"footnotes":""},"categories":[9],"tags":[330],"_links":{"self":[{"href":"https:\/\/agendadelsur.com\/index.php\/wp-json\/wp\/v2\/posts\/1562"}],"collection":[{"href":"https:\/\/agendadelsur.com\/index.php\/wp-json\/wp\/v2\/posts"}],"about":[{"href":"https:\/\/agendadelsur.com\/index.php\/wp-json\/wp\/v2\/types\/post"}],"author":[{"embeddable":true,"href":"https:\/\/agendadelsur.com\/index.php\/wp-json\/wp\/v2\/users\/2"}],"replies":[{"embeddable":true,"href":"https:\/\/agendadelsur.com\/index.php\/wp-json\/wp\/v2\/comments?post=1562"}],"version-history":[{"count":1,"href":"https:\/\/agendadelsur.com\/index.php\/wp-json\/wp\/v2\/posts\/1562\/revisions"}],"predecessor-version":[{"id":1564,"href":"https:\/\/agendadelsur.com\/index.php\/wp-json\/wp\/v2\/posts\/1562\/revisions\/1564"}],"wp:featuredmedia":[{"embeddable":true,"href":"https:\/\/agendadelsur.com\/index.php\/wp-json\/wp\/v2\/media\/1563"}],"wp:attachment":[{"href":"https:\/\/agendadelsur.com\/index.php\/wp-json\/wp\/v2\/media?parent=1562"}],"wp:term":[{"taxonomy":"category","embeddable":true,"href":"https:\/\/agendadelsur.com\/index.php\/wp-json\/wp\/v2\/categories?post=1562"},{"taxonomy":"post_tag","embeddable":true,"href":"https:\/\/agendadelsur.com\/index.php\/wp-json\/wp\/v2\/tags?post=1562"}],"curies":[{"name":"wp","href":"https:\/\/api.w.org\/{rel}","templated":true}]}}