{"id":15725,"date":"2022-01-26T01:35:53","date_gmt":"2022-01-26T04:35:53","guid":{"rendered":"https:\/\/agendadelsur.com\/?p=15725"},"modified":"2022-01-26T01:35:54","modified_gmt":"2022-01-26T04:35:54","slug":"club-atletico-independiente","status":"publish","type":"post","link":"https:\/\/agendadelsur.com\/index.php\/2022\/01\/26\/club-atletico-independiente\/","title":{"rendered":"Club Atl\u00e9tico Independiente"},"content":{"rendered":"\n<h6 class=\"has-text-color wp-block-heading\" style=\"color:#f5060a\">El Centro Educativo del Club se prepara para el ciclo lectivo 2022. Se avecina el regreso a las clases en el Centro Educativo, y como es habitual, se realizan obras de mantenimiento y pintura en todas las aulas.<\/h6>\n\n\n\n<div class=\"wp-block-image\"><figure class=\"aligncenter size-full\"><img loading=\"lazy\" decoding=\"async\" width=\"500\" height=\"333\" src=\"https:\/\/agendadelsur.com\/wp-content\/uploads\/2022\/01\/colegio2022.jpg\" alt=\"\" class=\"wp-image-15726\" srcset=\"https:\/\/agendadelsur.com\/wp-content\/uploads\/2022\/01\/colegio2022.jpg 500w, https:\/\/agendadelsur.com\/wp-content\/uploads\/2022\/01\/colegio2022-300x200.jpg 300w\" sizes=\"(max-width: 500px) 100vw, 500px\" \/><\/figure><\/div>\n\n\n\n<p>Adem\u00e1s, se est\u00e1n colocando luces led en todos los sectores, para reemplazar los viejos tubos de luz.<\/p>\n\n\n\n<p>Por otra parte, contin\u00faan las inscripciones para el pr\u00f3ximo ciclo lectivo. A continuaci\u00f3n, las v\u00edas de contacto para pedir m\u00e1s informaci\u00f3n seg\u00fan el nivel indicado.<\/p>\n\n\n\n<p><strong><em>Atenci\u00f3n telef\u00f3nica, a partir del 1 de febrero<\/em><\/strong><\/p>\n\n\n\n<p><strong>Nivel Inicial: 4201-7544<\/strong><\/p>\n\n\n\n<p><strong>Escuela Primaria: 4222-5322<\/strong><\/p>\n\n\n\n<p><strong>Escuela Secundaria: 4201-5115<\/strong><\/p>\n\n\n\n<p><strong>Atenci\u00f3n por mail<\/strong>:<\/p>\n\n\n\n<p><strong>Nivel Inicial: <\/strong><a href=\"secrejardin@clubaindependiente.com.ar\"><strong>secrejardin@clubaindependiente.com.ar<\/strong><\/a><\/p>\n\n\n\n<p><strong>Escuela Primaria: <\/strong><a href=\"cecaiprimaria@gmail.com\"><strong>cecaiprimaria@gmail.com<\/strong><\/a><\/p>\n\n\n\n<p><strong>Escuela Secundaria: <\/strong><a href=\"secundariaindependiente@gmail.com\"><strong>secundariaindependiente@gmail.com<\/strong><\/a><\/p>\n\n\n\n<p><strong>Fuente: <strong><a href=\"file:\/\/\/C:\\Users\\Raul\\Desktop\\22\">clubaindependiente.com.ar<\/a><\/strong><\/strong><\/p>\n\n\n\n<div class=\"wp-block-image\"><figure class=\"aligncenter size-full is-resized\"><img loading=\"lazy\" decoding=\"async\" src=\"https:\/\/agendadelsur.com\/wp-content\/uploads\/2022\/01\/agenda-del-sur-19.png\" alt=\"\" class=\"wp-image-15727\" width=\"447\" height=\"372\"\/><\/figure><\/div>\n\n\n\n<div class=\"wp-block-image\"><figure class=\"aligncenter size-full\"><img loading=\"lazy\" decoding=\"async\" width=\"450\" height=\"276\" src=\"https:\/\/agendadelsur.com\/wp-content\/uploads\/2022\/01\/MILLANEL-NUEVO-23.jpg\" alt=\"\" class=\"wp-image-15728\" srcset=\"https:\/\/agendadelsur.com\/wp-content\/uploads\/2022\/01\/MILLANEL-NUEVO-23.jpg 450w, https:\/\/agendadelsur.com\/wp-content\/uploads\/2022\/01\/MILLANEL-NUEVO-23-300x184.jpg 300w\" sizes=\"(max-width: 450px) 100vw, 450px\" \/><\/figure><\/div>\n","protected":false},"excerpt":{"rendered":"<p>El Centro Educativo del Club se prepara para el ciclo lectivo 2022. Se avecina el regreso a las clases en el Centro Educativo, y como es habitual, se realizan obras de mantenimiento y pintura en todas las aulas. Adem\u00e1s, se est\u00e1n colocando luces led en todos los sectores, para reemplazar los viejos tubos de luz. [&hellip;]<\/p>\n","protected":false},"author":2,"featured_media":15729,"comment_status":"closed","ping_status":"open","sticky":false,"template":"","format":"standard","meta":{"footnotes":""},"categories":[4],"tags":[4769,4768,4767],"_links":{"self":[{"href":"https:\/\/agendadelsur.com\/index.php\/wp-json\/wp\/v2\/posts\/15725"}],"collection":[{"href":"https:\/\/agendadelsur.com\/index.php\/wp-json\/wp\/v2\/posts"}],"about":[{"href":"https:\/\/agendadelsur.com\/index.php\/wp-json\/wp\/v2\/types\/post"}],"author":[{"embeddable":true,"href":"https:\/\/agendadelsur.com\/index.php\/wp-json\/wp\/v2\/users\/2"}],"replies":[{"embeddable":true,"href":"https:\/\/agendadelsur.com\/index.php\/wp-json\/wp\/v2\/comments?post=15725"}],"version-history":[{"count":1,"href":"https:\/\/agendadelsur.com\/index.php\/wp-json\/wp\/v2\/posts\/15725\/revisions"}],"predecessor-version":[{"id":15730,"href":"https:\/\/agendadelsur.com\/index.php\/wp-json\/wp\/v2\/posts\/15725\/revisions\/15730"}],"wp:featuredmedia":[{"embeddable":true,"href":"https:\/\/agendadelsur.com\/index.php\/wp-json\/wp\/v2\/media\/15729"}],"wp:attachment":[{"href":"https:\/\/agendadelsur.com\/index.php\/wp-json\/wp\/v2\/media?parent=15725"}],"wp:term":[{"taxonomy":"category","embeddable":true,"href":"https:\/\/agendadelsur.com\/index.php\/wp-json\/wp\/v2\/categories?post=15725"},{"taxonomy":"post_tag","embeddable":true,"href":"https:\/\/agendadelsur.com\/index.php\/wp-json\/wp\/v2\/tags?post=15725"}],"curies":[{"name":"wp","href":"https:\/\/api.w.org\/{rel}","templated":true}]}}