{"id":16033,"date":"2022-02-06T19:19:18","date_gmt":"2022-02-06T22:19:18","guid":{"rendered":"https:\/\/agendadelsur.com\/?p=16033"},"modified":"2022-02-06T19:34:35","modified_gmt":"2022-02-06T22:34:35","slug":"otro-atropello-del-magnate-joe-lewis-en-el-lago-escondido","status":"publish","type":"post","link":"https:\/\/agendadelsur.com\/index.php\/2022\/02\/06\/otro-atropello-del-magnate-joe-lewis-en-el-lago-escondido\/","title":{"rendered":"Otro Atropello del Magnate Joe Lewis en el Lago Escondido"},"content":{"rendered":"\n<h6 class=\"has-text-color wp-block-heading\" style=\"color:#fb0509\">La Secretar\u00eda de Derechos Humanos de la Naci\u00f3n inform\u00f3 que durante esta tarde &nbsp;recibi\u00f3 denuncias de personas que se encuentran en este momento en el camino de monta\u00f1a rumbo al Lago Escondido, en tierras de Joe Lewis; y donde&nbsp; m\u00e1s de 40 personas de civil llegaron al lugar con armas de fuego con amenazas para que no contin\u00faen la traves\u00eda.<\/h6>\n\n\n\n<p>Entre las personas retenida se encuentra el m\u00e9dico sanitarista Jorge Rachid, seg\u00fan difundi\u00f3 la compa\u00f1era del m\u00e9dico. En su Facebook public\u00f3:<\/p>\n\n\n\n<p>Mi compa\u00f1ero Jorge Rachid junto a m\u00e1s de 25 personas que iniciaron la traves\u00eda de monta\u00f1a el pasado viernes en el marco de la 6ta Marcha por la Soberan\u00eda del Lago Escondido. Desde hace unas horas se encuentran retenidos por la guardia privada del usurpador Lewis. Necesitamos que la justicia accione para que los compa\u00f1eros sean liberados y puedan realizar la protesta de manera pac\u00edfica como lo vienen haciendo de manera consecutiva los \u00faltimos 6 a\u00f1os. Comparto el parte de situaci\u00f3n y apelo a la solidaridad para viralizar el mensaje y lograr la liberaci\u00f3n de los compa\u00f1eros. Por favor difundir.<\/p>\n\n\n\n<p>Cabe destacar, agreg\u00f3 la Secretar\u00eda, que ese es un camino autorizado por la Justicia para poder acceder al lago. Ya solicitamos a las autoridades de la provincia de R\u00edo Negro que garanticen la seguridad y libre circulaci\u00f3n de todos ellos.<\/p>\n\n\n\n<div class=\"wp-block-image\"><figure class=\"aligncenter size-full is-resized\"><img loading=\"lazy\" decoding=\"async\" src=\"https:\/\/agendadelsur.com\/wp-content\/uploads\/2022\/02\/descarga-2.jpg\" alt=\"\" class=\"wp-image-16034\" width=\"512\" height=\"288\" srcset=\"https:\/\/agendadelsur.com\/wp-content\/uploads\/2022\/02\/descarga-2.jpg 400w, https:\/\/agendadelsur.com\/wp-content\/uploads\/2022\/02\/descarga-2-300x169.jpg 300w\" sizes=\"(max-width: 512px) 100vw, 512px\" \/><\/figure><\/div>\n\n\n\n<p>Desde que Lewis compr\u00f3 la propiedad del lago Escondido -2760 hect\u00e1reas en zona de seguridad de fronteras- en la Provincia de R\u00edo Negro, el acceso p\u00fablico al lago se encuentra cerrado. La orden de abrir el sendero p\u00fablico de Tacuif\u00ed tiene sentencia favorable desde hace nueve a\u00f1os, pero su cumplimiento viene siendo postergado por Lewis.<\/p>\n\n\n\n<p>Las denuncias por usurpaci\u00f3n a Lewis, est\u00e1n fundadas en que seg\u00fan la Ley Argentina ning\u00fan extranjero puede comprar tierras en zona de frontera y tampoco puede impedir el libre acceso a r\u00edos y lagos.<\/p>\n\n\n\n<p>La CTA Aut\u00f3noma de R\u00edo Negro denunci\u00f3 -en el d\u00eda de ayer- dos hechos que tensan el clima en la provincia de Rio Negro, de cara a la marcha que este lunes m\u00e1s de 500 personas emprender\u00e1n desde la Ruta 40 a la altura de El Foyel por el Camino de Tacuif\u00ed hasta el Lago Escondido, secuestrado pr\u00e1cticamente por el empresario ingl\u00e9s Joe Lewis.<\/p>\n\n\n\n<div class=\"wp-block-image\"><figure class=\"aligncenter size-full is-resized\"><img loading=\"lazy\" decoding=\"async\" src=\"https:\/\/agendadelsur.com\/wp-content\/uploads\/2022\/02\/5d04eb64d8718f13ea21388177e83d20.jpg\" alt=\"\" class=\"wp-image-16035\" width=\"540\" height=\"303\" srcset=\"https:\/\/agendadelsur.com\/wp-content\/uploads\/2022\/02\/5d04eb64d8718f13ea21388177e83d20.jpg 500w, https:\/\/agendadelsur.com\/wp-content\/uploads\/2022\/02\/5d04eb64d8718f13ea21388177e83d20-300x169.jpg 300w\" sizes=\"(max-width: 540px) 100vw, 540px\" \/><\/figure><\/div>\n\n\n\n<p>Hace algunas horas, cuando militantes de la CTA Aut\u00f3noma se acercaron al ingreso al sendero de 16 kil\u00f3metros, se toparon con una reja de m\u00e1s de dos metros de altura, alambrado de p\u00faa, un enorme cord\u00f3n policial y vecinos identificados con Lewis.<\/p>\n\n\n\n<div class=\"wp-block-image\"><figure class=\"aligncenter size-full is-resized\"><img loading=\"lazy\" decoding=\"async\" src=\"https:\/\/agendadelsur.com\/wp-content\/uploads\/2022\/02\/MILLANEL-NUEVO-12.jpg\" alt=\"\" class=\"wp-image-16036\" width=\"554\" height=\"339\" srcset=\"https:\/\/agendadelsur.com\/wp-content\/uploads\/2022\/02\/MILLANEL-NUEVO-12.jpg 450w, https:\/\/agendadelsur.com\/wp-content\/uploads\/2022\/02\/MILLANEL-NUEVO-12-300x184.jpg 300w\" sizes=\"(max-width: 554px) 100vw, 554px\" \/><\/figure><\/div>\n","protected":false},"excerpt":{"rendered":"<p>La Secretar\u00eda de Derechos Humanos de la Naci\u00f3n inform\u00f3 que durante esta tarde &nbsp;recibi\u00f3 denuncias de personas que se encuentran en este momento en el camino de monta\u00f1a rumbo al Lago Escondido, en tierras de Joe Lewis; y donde&nbsp; m\u00e1s de 40 personas de civil llegaron al lugar con armas de fuego con amenazas para [&hellip;]<\/p>\n","protected":false},"author":2,"featured_media":16037,"comment_status":"closed","ping_status":"open","sticky":false,"template":"","format":"standard","meta":{"footnotes":""},"categories":[9],"tags":[4848,2173,4849],"_links":{"self":[{"href":"https:\/\/agendadelsur.com\/index.php\/wp-json\/wp\/v2\/posts\/16033"}],"collection":[{"href":"https:\/\/agendadelsur.com\/index.php\/wp-json\/wp\/v2\/posts"}],"about":[{"href":"https:\/\/agendadelsur.com\/index.php\/wp-json\/wp\/v2\/types\/post"}],"author":[{"embeddable":true,"href":"https:\/\/agendadelsur.com\/index.php\/wp-json\/wp\/v2\/users\/2"}],"replies":[{"embeddable":true,"href":"https:\/\/agendadelsur.com\/index.php\/wp-json\/wp\/v2\/comments?post=16033"}],"version-history":[{"count":2,"href":"https:\/\/agendadelsur.com\/index.php\/wp-json\/wp\/v2\/posts\/16033\/revisions"}],"predecessor-version":[{"id":16039,"href":"https:\/\/agendadelsur.com\/index.php\/wp-json\/wp\/v2\/posts\/16033\/revisions\/16039"}],"wp:featuredmedia":[{"embeddable":true,"href":"https:\/\/agendadelsur.com\/index.php\/wp-json\/wp\/v2\/media\/16037"}],"wp:attachment":[{"href":"https:\/\/agendadelsur.com\/index.php\/wp-json\/wp\/v2\/media?parent=16033"}],"wp:term":[{"taxonomy":"category","embeddable":true,"href":"https:\/\/agendadelsur.com\/index.php\/wp-json\/wp\/v2\/categories?post=16033"},{"taxonomy":"post_tag","embeddable":true,"href":"https:\/\/agendadelsur.com\/index.php\/wp-json\/wp\/v2\/tags?post=16033"}],"curies":[{"name":"wp","href":"https:\/\/api.w.org\/{rel}","templated":true}]}}