{"id":16210,"date":"2022-02-12T00:24:11","date_gmt":"2022-02-12T03:24:11","guid":{"rendered":"https:\/\/agendadelsur.com\/?p=16210"},"modified":"2022-02-12T00:24:12","modified_gmt":"2022-02-12T03:24:12","slug":"la-onu-destaco-el-trabajo-consular-de-la-argentina-durante-la-pandemia","status":"publish","type":"post","link":"https:\/\/agendadelsur.com\/index.php\/2022\/02\/12\/la-onu-destaco-el-trabajo-consular-de-la-argentina-durante-la-pandemia\/","title":{"rendered":"La ONU Destac\u00f3 el Trabajo Consular de la Argentina Durante la Pandemia"},"content":{"rendered":"\n<h6 class=\"has-text-color wp-block-heading\" style=\"color:#f5032f\">A trav\u00e9s de un informe del Secretario General, Ant\u00f3nio Guterres, presentando ante la Asamblea General, las Naciones Unidas reconocieron y destacaron el trabajo consular de la Rep\u00fablica Argentina -desplegado a trav\u00e9s de la Canciller\u00eda y sus representaciones- en la atenci\u00f3n a los ciudadanos migrantes de nuestro pa\u00eds que se encontraban varados en el exterior como consecuencia de la pandemia de COVID-19.<\/h6>\n\n\n\n<p>En el cap\u00edtulo que refiere a las mejoras en la capacidad de asistencia y protecci\u00f3n para todos los migrantes, el informe de la ONU pone de relieve que \u201cla Argentina reforz\u00f3 el apoyo consular a trav\u00e9s de su mecanismo virtual de ventanilla \u00fanica y colabor\u00f3 con comunidades de la di\u00e1spora para proporcionar alimentos y alojamiento\u201d. La innovadora tarea de nuestro pa\u00eds es la \u00fanica que se menciona en este apartado donde se destaca el uso de sistemas remotos y soluciones digitales para atender a los conciudadanos en el exterior.<\/p>\n\n\n\n<div class=\"wp-block-image\"><figure class=\"aligncenter size-full is-resized\"><img decoding=\"async\" src=\"https:\/\/agendadelsur.com\/wp-content\/uploads\/2022\/02\/un-general-assembly.jpg\" alt=\"\" class=\"wp-image-16211\" width=\"-121\" height=\"-82\" srcset=\"https:\/\/agendadelsur.com\/wp-content\/uploads\/2022\/02\/un-general-assembly.jpg 700w, https:\/\/agendadelsur.com\/wp-content\/uploads\/2022\/02\/un-general-assembly-300x206.jpg 300w\" sizes=\"(max-width: 700px) 100vw, 700px\" \/><\/figure><\/div>\n\n\n\n<p>Cabe recordar que ya a comienzos de abril de 2020 la Canciller\u00eda argentina, a trav\u00e9s de su red consular, puso en marcha el Programa de Asistencia de Argentinos en el Exterior, una iniciativa sin precedentes a los fines de garantizar el hospedaje, la alimentaci\u00f3n, la asistencia sanitaria y toda otra necesidad b\u00e1sica que pudiera surgir en aquel momento inicial y dram\u00e1tico de la pandemia. Adem\u00e1s, a trav\u00e9s de un operativo de repatriaci\u00f3n in\u00e9dito en la historia argentina por la simultaneidad y la coordinaci\u00f3n log\u00edstica, entre el 16 de marzo y el 30 de junio de 2020 volvieron a la Argentina 205.769 compatriotas o residentes en el pa\u00eds que estaban en el exterior.<\/p>\n\n\n\n<p>La asistencia y protecci\u00f3n de los ciudadanos argentinos en el exterior es un tema prioritario de la pol\u00edtica exterior argentina, y esta tarea se profundiz\u00f3 y ratific\u00f3 en el contexto de una pandemia global que alter\u00f3 la realidad social, sanitaria y econ\u00f3mica a nivel mundial.<\/p>\n\n\n\n<p>Ahora, en el marco de un extenso informe sobre la necesidad de articular una migraci\u00f3n segura y ordenada a nivel global, la ONU afirma que la pandemia de COVID-19 puso de manifiesto la importancia fundamental de contar con servicios consulares oportunos para salvaguardar los derechos de los migrantes, incluso aquellos en situaci\u00f3n irregular, adem\u00e1s de acentuar la demanda y poner a prueba las capacidades de los servicios consulares, y en ese contexto se reconocen especialmente las acciones llevadas adelante por la Argentina.<\/p>\n\n\n\n<p>Fuente: \u00a0Canciller\u00eda Argentina<\/p>\n\n\n\n<div class=\"wp-block-image\"><figure class=\"aligncenter size-full is-resized\"><img loading=\"lazy\" decoding=\"async\" src=\"https:\/\/agendadelsur.com\/wp-content\/uploads\/2022\/02\/MILLANEL-NUEVO-27.jpg\" alt=\"\" class=\"wp-image-16213\" width=\"569\" height=\"349\" srcset=\"https:\/\/agendadelsur.com\/wp-content\/uploads\/2022\/02\/MILLANEL-NUEVO-27.jpg 450w, https:\/\/agendadelsur.com\/wp-content\/uploads\/2022\/02\/MILLANEL-NUEVO-27-300x184.jpg 300w\" sizes=\"(max-width: 569px) 100vw, 569px\" \/><\/figure><\/div>\n","protected":false},"excerpt":{"rendered":"<p>A trav\u00e9s de un informe del Secretario General, Ant\u00f3nio Guterres, presentando ante la Asamblea General, las Naciones Unidas reconocieron y destacaron el trabajo consular de la Rep\u00fablica Argentina -desplegado a trav\u00e9s de la Canciller\u00eda y sus representaciones- en la atenci\u00f3n a los ciudadanos migrantes de nuestro pa\u00eds que se encontraban varados en el exterior como [&hellip;]<\/p>\n","protected":false},"author":2,"featured_media":16212,"comment_status":"closed","ping_status":"open","sticky":false,"template":"","format":"standard","meta":{"footnotes":""},"categories":[576,9],"tags":[4908,4907],"_links":{"self":[{"href":"https:\/\/agendadelsur.com\/index.php\/wp-json\/wp\/v2\/posts\/16210"}],"collection":[{"href":"https:\/\/agendadelsur.com\/index.php\/wp-json\/wp\/v2\/posts"}],"about":[{"href":"https:\/\/agendadelsur.com\/index.php\/wp-json\/wp\/v2\/types\/post"}],"author":[{"embeddable":true,"href":"https:\/\/agendadelsur.com\/index.php\/wp-json\/wp\/v2\/users\/2"}],"replies":[{"embeddable":true,"href":"https:\/\/agendadelsur.com\/index.php\/wp-json\/wp\/v2\/comments?post=16210"}],"version-history":[{"count":1,"href":"https:\/\/agendadelsur.com\/index.php\/wp-json\/wp\/v2\/posts\/16210\/revisions"}],"predecessor-version":[{"id":16214,"href":"https:\/\/agendadelsur.com\/index.php\/wp-json\/wp\/v2\/posts\/16210\/revisions\/16214"}],"wp:featuredmedia":[{"embeddable":true,"href":"https:\/\/agendadelsur.com\/index.php\/wp-json\/wp\/v2\/media\/16212"}],"wp:attachment":[{"href":"https:\/\/agendadelsur.com\/index.php\/wp-json\/wp\/v2\/media?parent=16210"}],"wp:term":[{"taxonomy":"category","embeddable":true,"href":"https:\/\/agendadelsur.com\/index.php\/wp-json\/wp\/v2\/categories?post=16210"},{"taxonomy":"post_tag","embeddable":true,"href":"https:\/\/agendadelsur.com\/index.php\/wp-json\/wp\/v2\/tags?post=16210"}],"curies":[{"name":"wp","href":"https:\/\/api.w.org\/{rel}","templated":true}]}}