{"id":17633,"date":"2022-03-31T00:57:54","date_gmt":"2022-03-31T03:57:54","guid":{"rendered":"https:\/\/agendadelsur.com\/?p=17633"},"modified":"2022-03-31T20:14:40","modified_gmt":"2022-03-31T23:14:40","slug":"continuan-los-ataques-a-la-vice-presidenta-cristina-kirchner","status":"publish","type":"post","link":"https:\/\/agendadelsur.com\/index.php\/2022\/03\/31\/continuan-los-ataques-a-la-vice-presidenta-cristina-kirchner\/","title":{"rendered":"Contin\u00faan los ataques a la Vice Presidenta Cristina Kirchner"},"content":{"rendered":"\n<h6 class=\"has-text-color wp-block-heading\" style=\"color:#f30408\">Vandalizaron una estatua suya en R\u00edo Gallegos. El hecho se suma a la aparici\u00f3n de afiches agraviantes y al apedreo de su oficina en el Senado de la Naci\u00f3n. Ante estas graves agresiones es inadmisible que a\u00fan no se denuncien a los responsables. El Ministerio de Seguridad de la Naci\u00f3n no ha obtenido resultados concretos sobre los ide\u00f3logos y es preocupante su tibia actuaci\u00f3n&#8230;<\/h6>\n\n\n\n<p>La escultura estaba en un paseo junto a la de otros expresidentes y fue la \u00fanica destruida. La arrancaron de su pedestal y qued\u00f3 tirada en el piso. Un hombre fue detenido y el gobierno de Santa Cruz repudi\u00f3 el ataque.<\/p>\n\n\n\n<p>Por el hecho fue detenido un hombre, identificado por varios vecinos como el autor del hecho. La estatua estaba colocada en la Plaza de la Rep\u00fablica, frente a la costanera de esa ciudad patag\u00f3nica, en un lugar denominado Paseo de los Presidentes inaugurado el 18 de marzo \u00faltimo. All\u00ed tambi\u00e9n hay escultura de Ra\u00fal Alfons\u00edn, Carlos Menem, Fernando de la R\u00faa, N\u00e9stor Kirchner y Mauricio Macri. La de Cristina Kirchner fue la \u00fanica vandalizada, y con tal grado de violencia que qued\u00f3 arrancada del pedestal y tirada sobre el piso de la plaza, con algunos trozos y partes desperdigadas en los alrededores.<\/p>\n\n\n\n<p>SEGUIDILLA DE ATAQUES CONTRA CFK<\/p>\n\n\n\n<p>Se trata del segundo ataque que durante la \u00faltima semana sufri\u00f3 la figura de la ex presidenta. El anterior fueron los afiches pegados en la Ciudad de Buenos Aires que acusan a CFK de ser \u201cculpable de 35 mil muertes\u201d y de tener v\u00ednculos con el gobierno ruso. \u201cElegiste negocios con Putin en lugar de salvar vidas\u201d, dice el texto que rodea el rostro de la vicepresidenta sobre la leyenda \u201casesina\u201d. El hecho fue repudiado por el presidente Alberto Fern\u00e1ndez y varias figuras del arco pol\u00edtico, mientras que las fuerzas de seguridad a\u00fan investigan qui\u00e9n o qui\u00e9nes pudieron ser los responsables.<\/p>\n\n\n\n<p>A esta campa\u00f1a difamatoria se le suma tambi\u00e9n el ataque que sufri\u00f3 su despacho de la Presidencia del Senado, en el Congreso, durante el debate por el acuerdo entre el Gobierno y el FMI. Ese d\u00eda, un grupo de persona marc\u00f3 con pintura la oficina de CFK y arroj\u00f3 piedras contra las ventanas. Por el ataque a la escultura en R\u00edo Gallegos hay una persona detenida. Se trata de un hombre de 34 a\u00f1os que fue sorprendido in fraganti, alrededor de las 5 de la ma\u00f1ana, tras el llamado de varios vecinos a la polic\u00eda. El hombre fue alojado en la Comisar\u00eda Primera por orden del Juzgado de Instrucci\u00f3n N\u00ba 1 de R\u00edo Gallegos, que dispuso la pesquisa de las c\u00e1maras de seguridad instaladas en la plaza y en las viviendas de alrededor.<\/p>\n\n\n\n<figure class=\"wp-block-gallery columns-3 is-cropped wp-block-gallery-1 is-layout-flex wp-block-gallery-is-layout-flex\"><ul class=\"blocks-gallery-grid\"><li class=\"blocks-gallery-item\"><figure><img loading=\"lazy\" decoding=\"async\" width=\"700\" height=\"480\" src=\"https:\/\/agendadelsur.com\/wp-content\/uploads\/2022\/03\/62447ac933ba2_750x500.jpg\" alt=\"\" data-id=\"17634\" class=\"wp-image-17634\" srcset=\"https:\/\/agendadelsur.com\/wp-content\/uploads\/2022\/03\/62447ac933ba2_750x500.jpg 700w, https:\/\/agendadelsur.com\/wp-content\/uploads\/2022\/03\/62447ac933ba2_750x500-300x206.jpg 300w\" sizes=\"(max-width: 700px) 100vw, 700px\" \/><\/figure><\/li><li class=\"blocks-gallery-item\"><figure><img loading=\"lazy\" decoding=\"async\" width=\"300\" height=\"168\" src=\"https:\/\/agendadelsur.com\/wp-content\/uploads\/2022\/03\/descarga-4.jpg\" alt=\"\" data-id=\"17635\" data-link=\"https:\/\/agendadelsur.com\/?attachment_id=17635\" class=\"wp-image-17635\"\/><\/figure><\/li><li class=\"blocks-gallery-item\"><figure><img loading=\"lazy\" decoding=\"async\" width=\"300\" height=\"245\" src=\"https:\/\/agendadelsur.com\/wp-content\/uploads\/2022\/03\/f1280x720-1198012_1329687_5050.jpg\" alt=\"\" data-id=\"17636\" data-full-url=\"https:\/\/agendadelsur.com\/wp-content\/uploads\/2022\/03\/f1280x720-1198012_1329687_5050.jpg\" data-link=\"https:\/\/agendadelsur.com\/?attachment_id=17636\" class=\"wp-image-17636\"\/><\/figure><\/li><\/ul><\/figure>\n\n\n\n<p>Repudio del Gobierno de Santa Cruz<\/p>\n\n\n\n<p>El gobierno de Santa Cruz expres\u00f3 &#8220;su m\u00e1s en\u00e9rgico repudio a los hechos vand\u00e1licos y delictivos ocurridos anoche sobre la estatua de la ex presidenta&#8221;. A trav\u00e9s de un mensaje publicado en Twitter, el Ejecutivo provincial sostuvo que \u201cel sentido de la Plaza de la Democracia es homenajear y reafirmar que es posible el respeto y la pluralidad de opiniones e ideolog\u00edas&#8221;.<\/p>\n\n\n\n<p>Por su parte, la gobernadora de Santa Cruz, Alicia Kirchner, se sum\u00f3 al repudio por ese ataque cuando llegaba al Centro Cultural Kirchner para participar de una reuni\u00f3n del Consejo Federal de Seguridad Interior. &#8220;Los hechos vand\u00e1licos existen siempre lamentablemente y merecen siempre, como argentinos, nuestro m\u00e1ximo repudio&#8221;, se\u00f1al\u00f3 la mandataria en declaraciones a la prensa. En tanto, el director de Proyectos de la municipalidad local, Silvio Escobar, present\u00f3 una denuncia formal y sostuvo que, si bien a\u00fan no se estableci\u00f3 un v\u00ednculo entre el acusado y una organizaci\u00f3n pol\u00edtica, el hecho vand\u00e1lico \u201cesto tiene una connotaci\u00f3n pol\u00edtica\u201d. \u201cFue la de Cristina la primera figura que fueron a atacar. Pero no se atac\u00f3 a una figura ni a una gesti\u00f3n, se atac\u00f3 al sistema democr\u00e1tico\u201d, defini\u00f3 el funcionario durante una entrevista radial.<\/p>\n\n\n\n<p>Fuente: pol\u00edticaargentina.com<\/p>\n","protected":false},"excerpt":{"rendered":"<p>Vandalizaron una estatua suya en R\u00edo Gallegos. El hecho se suma a la aparici\u00f3n de afiches agraviantes y al apedreo de su oficina en el Senado de la Naci\u00f3n. Ante estas graves agresiones es inadmisible que a\u00fan no se denuncien a los responsables. El Ministerio de Seguridad de la Naci\u00f3n no ha obtenido resultados concretos [&hellip;]<\/p>\n","protected":false},"author":2,"featured_media":17637,"comment_status":"closed","ping_status":"open","sticky":false,"template":"","format":"standard","meta":{"footnotes":""},"categories":[9],"tags":[5277,2758],"_links":{"self":[{"href":"https:\/\/agendadelsur.com\/index.php\/wp-json\/wp\/v2\/posts\/17633"}],"collection":[{"href":"https:\/\/agendadelsur.com\/index.php\/wp-json\/wp\/v2\/posts"}],"about":[{"href":"https:\/\/agendadelsur.com\/index.php\/wp-json\/wp\/v2\/types\/post"}],"author":[{"embeddable":true,"href":"https:\/\/agendadelsur.com\/index.php\/wp-json\/wp\/v2\/users\/2"}],"replies":[{"embeddable":true,"href":"https:\/\/agendadelsur.com\/index.php\/wp-json\/wp\/v2\/comments?post=17633"}],"version-history":[{"count":2,"href":"https:\/\/agendadelsur.com\/index.php\/wp-json\/wp\/v2\/posts\/17633\/revisions"}],"predecessor-version":[{"id":17670,"href":"https:\/\/agendadelsur.com\/index.php\/wp-json\/wp\/v2\/posts\/17633\/revisions\/17670"}],"wp:featuredmedia":[{"embeddable":true,"href":"https:\/\/agendadelsur.com\/index.php\/wp-json\/wp\/v2\/media\/17637"}],"wp:attachment":[{"href":"https:\/\/agendadelsur.com\/index.php\/wp-json\/wp\/v2\/media?parent=17633"}],"wp:term":[{"taxonomy":"category","embeddable":true,"href":"https:\/\/agendadelsur.com\/index.php\/wp-json\/wp\/v2\/categories?post=17633"},{"taxonomy":"post_tag","embeddable":true,"href":"https:\/\/agendadelsur.com\/index.php\/wp-json\/wp\/v2\/tags?post=17633"}],"curies":[{"name":"wp","href":"https:\/\/api.w.org\/{rel}","templated":true}]}}