{"id":18070,"date":"2022-04-11T00:37:46","date_gmt":"2022-04-11T03:37:46","guid":{"rendered":"https:\/\/agendadelsur.com\/?p=18070"},"modified":"2022-04-11T00:38:31","modified_gmt":"2022-04-11T03:38:31","slug":"inversion-de-13-mil-millones-para-el-desarrollo-federal-de-la-ciencia-y-la-tecnologia","status":"publish","type":"post","link":"https:\/\/agendadelsur.com\/index.php\/2022\/04\/11\/inversion-de-13-mil-millones-para-el-desarrollo-federal-de-la-ciencia-y-la-tecnologia\/","title":{"rendered":"Inversi\u00f3n de $13 Mil Millones para el Desarrollo Federal de la Ciencia y la Tecnolog\u00eda"},"content":{"rendered":"\n<h6 class=\"has-text-color wp-block-heading\" style=\"color:#f80415\">Estar\u00e1 destinada a organismos p\u00fablicos nacionales, provinciales y municipales para adquirir equipamiento estrat\u00e9gico y adecuar la infraestructura con el objetivo de fortalecer las capacidades y desarrollar oportunidades estrat\u00e9gicas en las econom\u00edas regionales de todo el pa\u00eds.<\/h6>\n\n\n\n<p>La inversi\u00f3n anunciada permitir\u00e1 establecer una red federal de infraestructura cient\u00edfico tecnol\u00f3gica para transformar el modelo productivo y reducir asimetr\u00edas entre provincias y regiones del pa\u00eds. Y &nbsp;apunta a la adquisici\u00f3n de equipamiento de mediano y de gran porte para dotar de mayores capacidades a las instituciones cient\u00edficas, universidades nacionales y provincias y municipios.<\/p>\n\n\n\n<p>Los equipos pueden tener un valor de entre 100 mil d\u00f3lares y 1,2 mill\u00f3n de d\u00f3lares y deber\u00e1n estar orientados a expandir el acceso de maquinaria estrat\u00e9gica a regiones del pa\u00eds donde no se encuentra garantizado, mantener actualizado el parque de equipamiento para asegurar las necesidades del sector productor de bienes y servicios y fortalecer y expandir el acceso a nuevas tecnolog\u00edas destinadas a reforzar \u00e1reas de vacancia o en crecimiento.<\/p>\n\n\n\n<p>Podr\u00e1n solicitarlos los organismos p\u00fablicos cient\u00edficos y tecnol\u00f3gicos de jurisdicciones provinciales y municipales, con un monto m\u00e1ximo por instituci\u00f3n y por provincia de 2 millones de d\u00f3lares por a\u00f1o para la adquisici\u00f3n de hasta dos equipos de entre 100 mil y 300 mil d\u00f3lares.<\/p>\n\n\n\n<p>Tambi\u00e9n se mejorar\u00e1 &nbsp;las condiciones edilicias de la ciencia y la tecnolog\u00eda mediante la construcci\u00f3n o adecuaci\u00f3n de infraestructura para la promoci\u00f3n de actividades de investigaci\u00f3n, vinculaci\u00f3n, transferencia y popularizaci\u00f3n cient\u00edfica, con un monto m\u00e1ximo del presupuesto de cada proyecto equivalente a 5 millones de d\u00f3lares.<\/p>\n\n\n\n<p>Podr\u00e1n presentar solicitudes las instituciones nacionales que formen parte del Consejo Interinstitucional de Ciencia y Tecnolog\u00eda, as\u00ed como los organismos p\u00fablicos de jurisdicciones provinciales y municipales.<\/p>\n\n\n\n<div class=\"wp-block-image\"><figure class=\"aligncenter size-full is-resized\"><img loading=\"lazy\" decoding=\"async\" src=\"https:\/\/agendadelsur.com\/wp-content\/uploads\/2022\/04\/VITALAB-AAABBB-16.jpg\" alt=\"\" class=\"wp-image-18073\" width=\"446\" height=\"372\"\/><\/figure><\/div>\n\n\n\n<div class=\"wp-block-image\"><figure class=\"aligncenter size-full\"><img loading=\"lazy\" decoding=\"async\" width=\"450\" height=\"276\" src=\"https:\/\/agendadelsur.com\/wp-content\/uploads\/2022\/04\/MILLANEL-NUEVO-26.jpg\" alt=\"\" class=\"wp-image-18074\" srcset=\"https:\/\/agendadelsur.com\/wp-content\/uploads\/2022\/04\/MILLANEL-NUEVO-26.jpg 450w, https:\/\/agendadelsur.com\/wp-content\/uploads\/2022\/04\/MILLANEL-NUEVO-26-300x184.jpg 300w\" sizes=\"(max-width: 450px) 100vw, 450px\" \/><\/figure><\/div>\n","protected":false},"excerpt":{"rendered":"<p>Estar\u00e1 destinada a organismos p\u00fablicos nacionales, provinciales y municipales para adquirir equipamiento estrat\u00e9gico y adecuar la infraestructura con el objetivo de fortalecer las capacidades y desarrollar oportunidades estrat\u00e9gicas en las econom\u00edas regionales de todo el pa\u00eds. La inversi\u00f3n anunciada permitir\u00e1 establecer una red federal de infraestructura cient\u00edfico tecnol\u00f3gica para transformar el modelo productivo y reducir [&hellip;]<\/p>\n","protected":false},"author":2,"featured_media":18071,"comment_status":"closed","ping_status":"open","sticky":false,"template":"","format":"standard","meta":{"footnotes":""},"categories":[9],"tags":[5470],"_links":{"self":[{"href":"https:\/\/agendadelsur.com\/index.php\/wp-json\/wp\/v2\/posts\/18070"}],"collection":[{"href":"https:\/\/agendadelsur.com\/index.php\/wp-json\/wp\/v2\/posts"}],"about":[{"href":"https:\/\/agendadelsur.com\/index.php\/wp-json\/wp\/v2\/types\/post"}],"author":[{"embeddable":true,"href":"https:\/\/agendadelsur.com\/index.php\/wp-json\/wp\/v2\/users\/2"}],"replies":[{"embeddable":true,"href":"https:\/\/agendadelsur.com\/index.php\/wp-json\/wp\/v2\/comments?post=18070"}],"version-history":[{"count":2,"href":"https:\/\/agendadelsur.com\/index.php\/wp-json\/wp\/v2\/posts\/18070\/revisions"}],"predecessor-version":[{"id":18076,"href":"https:\/\/agendadelsur.com\/index.php\/wp-json\/wp\/v2\/posts\/18070\/revisions\/18076"}],"wp:featuredmedia":[{"embeddable":true,"href":"https:\/\/agendadelsur.com\/index.php\/wp-json\/wp\/v2\/media\/18071"}],"wp:attachment":[{"href":"https:\/\/agendadelsur.com\/index.php\/wp-json\/wp\/v2\/media?parent=18070"}],"wp:term":[{"taxonomy":"category","embeddable":true,"href":"https:\/\/agendadelsur.com\/index.php\/wp-json\/wp\/v2\/categories?post=18070"},{"taxonomy":"post_tag","embeddable":true,"href":"https:\/\/agendadelsur.com\/index.php\/wp-json\/wp\/v2\/tags?post=18070"}],"curies":[{"name":"wp","href":"https:\/\/api.w.org\/{rel}","templated":true}]}}