{"id":1848,"date":"2020-04-27T02:19:25","date_gmt":"2020-04-27T02:19:25","guid":{"rendered":"https:\/\/agendadelsur.com\/?p=1848"},"modified":"2020-04-27T02:19:27","modified_gmt":"2020-04-27T02:19:27","slug":"programa-de-incorporacion-especial-de-docentes-y-auxiliares-suplentes","status":"publish","type":"post","link":"https:\/\/agendadelsur.com\/index.php\/2020\/04\/27\/programa-de-incorporacion-especial-de-docentes-y-auxiliares-suplentes\/","title":{"rendered":"Programa de Incorporaci\u00f3n Especial de Docentes y Auxiliares Suplentes"},"content":{"rendered":"\n<p>La Direcci\u00f3n General de Cultura y Educaci\u00f3n de la Provincia\nde Buenos Aires abre la inscripci\u00f3n para la segunda etapa del Programa de\nIncorporaci\u00f3n Especial de Docentes y Auxiliares Suplentes (PIEDAS). Esta nueva\nconvocatoria est\u00e1 dirigida a quienes no alcancen al mes de abril los 8 m\u00f3dulos\nde secundaria o su equivalente, cualquiera sea la situaci\u00f3n de revista, y\ncumplan el resto de los requisitos del programa.<\/p>\n\n\n\n<p>El objetivo es generar un alivio econ\u00f3mico para las y los\ntrabajadores que no pudieron tomar nuevos cargos debido a la suspensi\u00f3n de los\nactos p\u00fablicos. Asimismo, brinda la posibilidad de ampliar los planteles de trabajo\nen este contexto en el que la educaci\u00f3n est\u00e1 cumpliendo un importante rol de\ncuidado y acompa\u00f1amiento cotidiano durante el aislamiento social preventivo.<\/p>\n\n\n\n<p>Podr\u00e1n sumarse a la segunda etapa del programa las y los\ndocentes que cumplan los siguientes requisitos:<\/p>\n\n\n\n<p>-Estar designados como titulares, provisionales o suplentes\nen el mes de abril de 2020 con menos de 8 m\u00f3dulos de secundaria o designaci\u00f3n\nequivalente en horas c\u00e1tedra o m\u00f3dulos de educaci\u00f3n superior.<\/p>\n\n\n\n<p>-Haber trabajado al menos durante tres (3) meses en el a\u00f1o\n2019.<\/p>\n\n\n\n<p>-Haber percibido en marzo 2020 una remuneraci\u00f3n bruta al\nmenos un quince (15%) por ciento menor al promedio de los tres (3) mejores\nmeses del a\u00f1o 2019. A tal fin se calcular\u00e1 la serie de remuneraciones brutas\ndel a\u00f1o 2019 actualizadas a marzo del a\u00f1o 2020, aplicando a cada per\u00edodo\nmensual el \u00edndice de la pol\u00edtica salarial del personal de la Ley 10.579. Para\nel c\u00e1lculo de las remuneraciones, no se tomar\u00e1n en consideraci\u00f3n los siguientes\nconceptos: sueldo anual complementario, material did\u00e1ctico, fondo de incentivo\ndocente, asignaciones familiares, ni la liquidaci\u00f3n de conceptos retroactivos o\ndevoluciones.<\/p>\n\n\n\n<p>&#8211; No tener en marzo de 2020 una remuneraci\u00f3n superior a la\nestablecida para el salario testigo de docente de grado de educaci\u00f3n primaria\ncon 10 a\u00f1os de antig\u00fcedad (jornada simple).<\/p>\n\n\n\n<p>-No poseer cargos activos en escalafones distintos al\nescalaf\u00f3n docente Ley 10.579 en el empleo p\u00fablico provincial o designaciones en\nel sector p\u00fablico municipal o nacional.<\/p>\n\n\n\n<p>-No encontrarse en relaci\u00f3n de dependencia con empleadores\nprivados.<\/p>\n\n\n\n<p>-No tener beneficios jubilatorios de las diferentes cajas\nprevisionales municipales, provinciales o nacionales.<\/p>\n\n\n\n<p>Desde el s\u00e1bado 25 de abril hasta el 3 de mayo se encuentra\nabierta la inscripci\u00f3n Para m\u00e1s informaci\u00f3n e instructivo: <a href=\"http:\/\/www.abc.gob.ar\">www.abc.gob.ar<\/a> &nbsp;&nbsp;&nbsp;<\/p>\n\n\n\n<p><strong><em>Direcci\u00f3n General de Cultura y Educaci\u00f3n de la Provincia de Buenos\nAires<\/em><\/strong><\/p>\n","protected":false},"excerpt":{"rendered":"<p>La Direcci\u00f3n General de Cultura y Educaci\u00f3n de la Provincia de Buenos Aires abre la inscripci\u00f3n para la segunda etapa del Programa de Incorporaci\u00f3n Especial de Docentes y Auxiliares Suplentes (PIEDAS). Esta nueva convocatoria est\u00e1 dirigida a quienes no alcancen al mes de abril los 8 m\u00f3dulos de secundaria o su equivalente, cualquiera sea la [&hellip;]<\/p>\n","protected":false},"author":2,"featured_media":1849,"comment_status":"closed","ping_status":"open","sticky":false,"template":"","format":"standard","meta":{"footnotes":""},"categories":[371],"tags":[410],"_links":{"self":[{"href":"https:\/\/agendadelsur.com\/index.php\/wp-json\/wp\/v2\/posts\/1848"}],"collection":[{"href":"https:\/\/agendadelsur.com\/index.php\/wp-json\/wp\/v2\/posts"}],"about":[{"href":"https:\/\/agendadelsur.com\/index.php\/wp-json\/wp\/v2\/types\/post"}],"author":[{"embeddable":true,"href":"https:\/\/agendadelsur.com\/index.php\/wp-json\/wp\/v2\/users\/2"}],"replies":[{"embeddable":true,"href":"https:\/\/agendadelsur.com\/index.php\/wp-json\/wp\/v2\/comments?post=1848"}],"version-history":[{"count":1,"href":"https:\/\/agendadelsur.com\/index.php\/wp-json\/wp\/v2\/posts\/1848\/revisions"}],"predecessor-version":[{"id":1850,"href":"https:\/\/agendadelsur.com\/index.php\/wp-json\/wp\/v2\/posts\/1848\/revisions\/1850"}],"wp:featuredmedia":[{"embeddable":true,"href":"https:\/\/agendadelsur.com\/index.php\/wp-json\/wp\/v2\/media\/1849"}],"wp:attachment":[{"href":"https:\/\/agendadelsur.com\/index.php\/wp-json\/wp\/v2\/media?parent=1848"}],"wp:term":[{"taxonomy":"category","embeddable":true,"href":"https:\/\/agendadelsur.com\/index.php\/wp-json\/wp\/v2\/categories?post=1848"},{"taxonomy":"post_tag","embeddable":true,"href":"https:\/\/agendadelsur.com\/index.php\/wp-json\/wp\/v2\/tags?post=1848"}],"curies":[{"name":"wp","href":"https:\/\/api.w.org\/{rel}","templated":true}]}}