{"id":20254,"date":"2022-05-30T01:12:01","date_gmt":"2022-05-30T04:12:01","guid":{"rendered":"https:\/\/agendadelsur.com\/?p=20254"},"modified":"2022-06-05T21:24:31","modified_gmt":"2022-06-06T00:24:31","slug":"complejo-deportivo-la-cancha-en-el-alto-avellaneda-shopping","status":"publish","type":"post","link":"https:\/\/agendadelsur.com\/index.php\/2022\/05\/30\/complejo-deportivo-la-cancha-en-el-alto-avellaneda-shopping\/","title":{"rendered":"Complejo deportivo \u201cLa Cancha\u201d en el Alto Avellaneda Shopping"},"content":{"rendered":"\n<h6 class=\"has-text-color wp-block-heading\" style=\"color:#e6070a\">Este nuevo emprendimiento cuenta con tres canchas de f\u00fatbol, una de b\u00e1squet, dos de paddle y un pub tem\u00e1tico. Es un lugar ideal para pasar un buen rato en familia o con amigos. Es la primera cancha acondicionada de Argentina dentro de un shopping.<\/h6>\n\n\n\n<figure class=\"wp-block-gallery columns-2 is-cropped wp-block-gallery-1 is-layout-flex wp-block-gallery-is-layout-flex\"><ul class=\"blocks-gallery-grid\"><li class=\"blocks-gallery-item\"><figure><img loading=\"lazy\" decoding=\"async\" width=\"300\" height=\"199\" src=\"https:\/\/agendadelsur.com\/wp-content\/uploads\/2022\/05\/284238640_565535188265887_909738898928729342_n.jpg\" alt=\"\" data-id=\"20256\" data-full-url=\"https:\/\/agendadelsur.com\/wp-content\/uploads\/2022\/05\/284238640_565535188265887_909738898928729342_n.jpg\" data-link=\"https:\/\/agendadelsur.com\/?attachment_id=20256\" class=\"wp-image-20256\"\/><\/figure><\/li><li class=\"blocks-gallery-item\"><figure><img loading=\"lazy\" decoding=\"async\" width=\"960\" height=\"640\" src=\"https:\/\/agendadelsur.com\/wp-content\/uploads\/2022\/05\/284475089_565535091599230_5850049276363980124_n.jpg\" alt=\"\" data-id=\"20257\" data-full-url=\"https:\/\/agendadelsur.com\/wp-content\/uploads\/2022\/05\/284475089_565535091599230_5850049276363980124_n.jpg\" data-link=\"https:\/\/agendadelsur.com\/?attachment_id=20257\" class=\"wp-image-20257\" srcset=\"https:\/\/agendadelsur.com\/wp-content\/uploads\/2022\/05\/284475089_565535091599230_5850049276363980124_n.jpg 960w, https:\/\/agendadelsur.com\/wp-content\/uploads\/2022\/05\/284475089_565535091599230_5850049276363980124_n-300x200.jpg 300w, https:\/\/agendadelsur.com\/wp-content\/uploads\/2022\/05\/284475089_565535091599230_5850049276363980124_n-768x512.jpg 768w\" sizes=\"(max-width: 960px) 100vw, 960px\" \/><\/figure><\/li><\/ul><\/figure>\n\n\n\n<p>El Ministro de H\u00e1bitat Jorge Ferraresi junto al intendente de Avellaneda Alejo Chornobroff, la jefa de Gabinete del Municipio \u00a0Magdalena Sierra y al gerente de la empresa Mat\u00edas Zylinski, participaron de la inauguraci\u00f3n.<\/p>\n\n\n\n<div class=\"wp-block-image\"><figure class=\"aligncenter size-large is-resized\"><img loading=\"lazy\" decoding=\"async\" src=\"https:\/\/agendadelsur.com\/wp-content\/uploads\/2022\/05\/284792828_572269117589667_6822775623828763723_n-1024x682.jpg\" alt=\"\" class=\"wp-image-20258\" width=\"458\" height=\"305\" srcset=\"https:\/\/agendadelsur.com\/wp-content\/uploads\/2022\/05\/284792828_572269117589667_6822775623828763723_n-1024x682.jpg 1024w, https:\/\/agendadelsur.com\/wp-content\/uploads\/2022\/05\/284792828_572269117589667_6822775623828763723_n-300x200.jpg 300w, https:\/\/agendadelsur.com\/wp-content\/uploads\/2022\/05\/284792828_572269117589667_6822775623828763723_n-768x511.jpg 768w, https:\/\/agendadelsur.com\/wp-content\/uploads\/2022\/05\/284792828_572269117589667_6822775623828763723_n.jpg 1080w\" sizes=\"(max-width: 458px) 100vw, 458px\" \/><figcaption><em>Jorge Ferraresi, Magdalena Sierra y Mat\u00edas Zylinski<\/em><\/figcaption><\/figure><\/div>\n\n\n\n<div class=\"wp-block-image\"><figure class=\"aligncenter size-full\"><img loading=\"lazy\" decoding=\"async\" width=\"300\" height=\"250\" src=\"https:\/\/agendadelsur.com\/wp-content\/uploads\/2022\/05\/agenda-del-sur-53.png\" alt=\"\" class=\"wp-image-20260\"\/><\/figure><\/div>\n\n\n\n<div class=\"wp-block-image\"><figure class=\"aligncenter size-full\"><img loading=\"lazy\" decoding=\"async\" width=\"300\" height=\"250\" src=\"https:\/\/agendadelsur.com\/wp-content\/uploads\/2022\/05\/MILLANEL-INT.-1-63.jpg\" alt=\"\" class=\"wp-image-20261\"\/><\/figure><\/div>\n","protected":false},"excerpt":{"rendered":"<p>Este nuevo emprendimiento cuenta con tres canchas de f\u00fatbol, una de b\u00e1squet, dos de paddle y un pub tem\u00e1tico. Es un lugar ideal para pasar un buen rato en familia o con amigos. Es la primera cancha acondicionada de Argentina dentro de un shopping. El Ministro de H\u00e1bitat Jorge Ferraresi junto al intendente de Avellaneda [&hellip;]<\/p>\n","protected":false},"author":2,"featured_media":20259,"comment_status":"closed","ping_status":"open","sticky":false,"template":"","format":"standard","meta":{"footnotes":""},"categories":[4],"tags":[6081,6021,6,6080],"_links":{"self":[{"href":"https:\/\/agendadelsur.com\/index.php\/wp-json\/wp\/v2\/posts\/20254"}],"collection":[{"href":"https:\/\/agendadelsur.com\/index.php\/wp-json\/wp\/v2\/posts"}],"about":[{"href":"https:\/\/agendadelsur.com\/index.php\/wp-json\/wp\/v2\/types\/post"}],"author":[{"embeddable":true,"href":"https:\/\/agendadelsur.com\/index.php\/wp-json\/wp\/v2\/users\/2"}],"replies":[{"embeddable":true,"href":"https:\/\/agendadelsur.com\/index.php\/wp-json\/wp\/v2\/comments?post=20254"}],"version-history":[{"count":2,"href":"https:\/\/agendadelsur.com\/index.php\/wp-json\/wp\/v2\/posts\/20254\/revisions"}],"predecessor-version":[{"id":20589,"href":"https:\/\/agendadelsur.com\/index.php\/wp-json\/wp\/v2\/posts\/20254\/revisions\/20589"}],"wp:featuredmedia":[{"embeddable":true,"href":"https:\/\/agendadelsur.com\/index.php\/wp-json\/wp\/v2\/media\/20259"}],"wp:attachment":[{"href":"https:\/\/agendadelsur.com\/index.php\/wp-json\/wp\/v2\/media?parent=20254"}],"wp:term":[{"taxonomy":"category","embeddable":true,"href":"https:\/\/agendadelsur.com\/index.php\/wp-json\/wp\/v2\/categories?post=20254"},{"taxonomy":"post_tag","embeddable":true,"href":"https:\/\/agendadelsur.com\/index.php\/wp-json\/wp\/v2\/tags?post=20254"}],"curies":[{"name":"wp","href":"https:\/\/api.w.org\/{rel}","templated":true}]}}