{"id":20362,"date":"2022-06-01T00:57:41","date_gmt":"2022-06-01T03:57:41","guid":{"rendered":"https:\/\/agendadelsur.com\/?p=20362"},"modified":"2022-06-01T00:57:43","modified_gmt":"2022-06-01T03:57:43","slug":"verduleria-movil-avellaneda","status":"publish","type":"post","link":"https:\/\/agendadelsur.com\/index.php\/2022\/06\/01\/verduleria-movil-avellaneda\/","title":{"rendered":"Verduler\u00eda m\u00f3vil Avellaneda"},"content":{"rendered":"\n<h5 class=\"has-text-color wp-block-heading\" style=\"color:#f10509\">Llega la verduler\u00eda m\u00f3vil con precios referencia del Mercado Central de Bs As. Este mi\u00e9rcoles 1 de Junio \u00a0de 9 a 14 horas.<\/h5>\n\n\n\n<div class=\"wp-block-image\"><figure class=\"alignright size-full is-resized\"><img loading=\"lazy\" decoding=\"async\" src=\"https:\/\/agendadelsur.com\/wp-content\/uploads\/2022\/06\/VERDULERIA-II.jpg\" alt=\"\" class=\"wp-image-20364\" width=\"314\" height=\"157\" srcset=\"https:\/\/agendadelsur.com\/wp-content\/uploads\/2022\/06\/VERDULERIA-II.jpg 700w, https:\/\/agendadelsur.com\/wp-content\/uploads\/2022\/06\/VERDULERIA-II-300x150.jpg 300w\" sizes=\"(max-width: 314px) 100vw, 314px\" \/><\/figure><\/div>\n\n\n\n<p>En Zapiola y Monta\u00f1a &#8211; Isla Maciel<\/p>\n\n\n\n<p>El listado de frutas y verduras que se ofrecer\u00e1n con sus respectivos precios en el Cat\u00e1logo Digital: <a href=\"https:\/\/catalogo.mda.gob.ar\/...\/%f0%9f%a5%a6verduleria...\/\">https:\/\/catalogo.mda.gob.ar\/&#8230;\/%f0%9f%a5%a6verduleria&#8230;\/<\/a><\/p>\n\n\n\n<p><\/p>\n\n\n\n<p><\/p>\n\n\n","protected":false},"excerpt":{"rendered":"<p>Llega la verduler\u00eda m\u00f3vil con precios referencia del Mercado Central de Bs As. Este mi\u00e9rcoles 1 de Junio \u00a0de 9 a 14 horas. En Zapiola y Monta\u00f1a &#8211; Isla Maciel El listado de frutas y verduras que se ofrecer\u00e1n con sus respectivos precios en el Cat\u00e1logo Digital: https:\/\/catalogo.mda.gob.ar\/&#8230;\/%f0%9f%a5%a6verduleria&#8230;\/<\/p>\n","protected":false},"author":2,"featured_media":20365,"comment_status":"closed","ping_status":"open","sticky":false,"template":"","format":"standard","meta":{"footnotes":""},"categories":[4],"tags":[6,6105,6104],"_links":{"self":[{"href":"https:\/\/agendadelsur.com\/index.php\/wp-json\/wp\/v2\/posts\/20362"}],"collection":[{"href":"https:\/\/agendadelsur.com\/index.php\/wp-json\/wp\/v2\/posts"}],"about":[{"href":"https:\/\/agendadelsur.com\/index.php\/wp-json\/wp\/v2\/types\/post"}],"author":[{"embeddable":true,"href":"https:\/\/agendadelsur.com\/index.php\/wp-json\/wp\/v2\/users\/2"}],"replies":[{"embeddable":true,"href":"https:\/\/agendadelsur.com\/index.php\/wp-json\/wp\/v2\/comments?post=20362"}],"version-history":[{"count":1,"href":"https:\/\/agendadelsur.com\/index.php\/wp-json\/wp\/v2\/posts\/20362\/revisions"}],"predecessor-version":[{"id":20366,"href":"https:\/\/agendadelsur.com\/index.php\/wp-json\/wp\/v2\/posts\/20362\/revisions\/20366"}],"wp:featuredmedia":[{"embeddable":true,"href":"https:\/\/agendadelsur.com\/index.php\/wp-json\/wp\/v2\/media\/20365"}],"wp:attachment":[{"href":"https:\/\/agendadelsur.com\/index.php\/wp-json\/wp\/v2\/media?parent=20362"}],"wp:term":[{"taxonomy":"category","embeddable":true,"href":"https:\/\/agendadelsur.com\/index.php\/wp-json\/wp\/v2\/categories?post=20362"},{"taxonomy":"post_tag","embeddable":true,"href":"https:\/\/agendadelsur.com\/index.php\/wp-json\/wp\/v2\/tags?post=20362"}],"curies":[{"name":"wp","href":"https:\/\/api.w.org\/{rel}","templated":true}]}}