{"id":20803,"date":"2022-06-10T16:27:50","date_gmt":"2022-06-10T19:27:50","guid":{"rendered":"https:\/\/agendadelsur.com\/?p=20803"},"modified":"2022-06-10T16:27:52","modified_gmt":"2022-06-10T19:27:52","slug":"taller-de-pensamiento-critico-de-la-utn-avellaneda","status":"publish","type":"post","link":"https:\/\/agendadelsur.com\/index.php\/2022\/06\/10\/taller-de-pensamiento-critico-de-la-utn-avellaneda\/","title":{"rendered":"Taller de Pensamiento Cr\u00edtico de la UTN Avellaneda"},"content":{"rendered":"\n<p class=\"has-text-color\" style=\"color:#f3070b\"><strong><em>El tercer encuentro se realizar\u00e1 este s\u00e1bado &nbsp;11 de junio en formato virtual.&nbsp;<\/em><\/strong><\/p>\n\n\n\n<div class=\"wp-block-image\"><figure class=\"alignright size-full is-resized\"><img loading=\"lazy\" decoding=\"async\" src=\"https:\/\/agendadelsur.com\/wp-content\/uploads\/2022\/06\/476984_305952409468704_1157778010_o.jpg\" alt=\"\" class=\"wp-image-20804\" width=\"342\" height=\"235\" srcset=\"https:\/\/agendadelsur.com\/wp-content\/uploads\/2022\/06\/476984_305952409468704_1157778010_o.jpg 700w, https:\/\/agendadelsur.com\/wp-content\/uploads\/2022\/06\/476984_305952409468704_1157778010_o-300x206.jpg 300w\" sizes=\"(max-width: 342px) 100vw, 342px\" \/><\/figure><\/div>\n\n\n\n<p>El s\u00e1bado 11 de junio a las 10 h se realizar\u00e1 el tercer encuentro del Taller de Pensamiento Cr\u00edtico, en el marco del Foro de Pensamiento Cr\u00edtico de la Facultad Regional Avellaneda de la Universidad Tecnol\u00f3gica Nacional, abierto a toda la comunidad.&nbsp;&nbsp;<\/p>\n\n\n\n<p>Se trabajar\u00e1 la \u00faltima parte de \u201cAfirmar nuestra potencia de existir. La sensibilidad en disputa\u201d, con la participaci\u00f3n de Diego Sztulwark, autor del libro \u201cLa Ofensiva Sensible\u201d, que se utilizar\u00e1 como eje de la jornada.<\/p>\n\n\n\n<p>El encuentro se desarrollar\u00e1 a trav\u00e9s de la plataforma Zoom. Por consultas, comunicarse a: <a href=\"https:\/\/www.facebook.com\/forotecnologico.delpensamientocritico\">https:\/\/www.facebook.com\/forotecnologico.delpensamientocritico<\/a><\/p>\n\n\n\n<div class=\"wp-block-image\"><figure class=\"aligncenter size-full\"><img loading=\"lazy\" decoding=\"async\" width=\"300\" height=\"250\" src=\"https:\/\/agendadelsur.com\/wp-content\/uploads\/2022\/06\/agenda-del-sur-9.png\" alt=\"\" class=\"wp-image-20806\"\/><\/figure><\/div>\n\n\n\n<div class=\"wp-block-image\"><figure class=\"aligncenter size-full\"><img loading=\"lazy\" decoding=\"async\" width=\"300\" height=\"250\" src=\"https:\/\/agendadelsur.com\/wp-content\/uploads\/2022\/06\/VITALAB-AAABBB-21.jpg\" alt=\"\" class=\"wp-image-20807\"\/><\/figure><\/div>\n","protected":false},"excerpt":{"rendered":"<p>El tercer encuentro se realizar\u00e1 este s\u00e1bado &nbsp;11 de junio en formato virtual.&nbsp; El s\u00e1bado 11 de junio a las 10 h se realizar\u00e1 el tercer encuentro del Taller de Pensamiento Cr\u00edtico, en el marco del Foro de Pensamiento Cr\u00edtico de la Facultad Regional Avellaneda de la Universidad Tecnol\u00f3gica Nacional, abierto a toda la comunidad.&nbsp;&nbsp; [&hellip;]<\/p>\n","protected":false},"author":2,"featured_media":20805,"comment_status":"closed","ping_status":"open","sticky":false,"template":"","format":"standard","meta":{"footnotes":""},"categories":[4],"tags":[6,6222,132,661],"_links":{"self":[{"href":"https:\/\/agendadelsur.com\/index.php\/wp-json\/wp\/v2\/posts\/20803"}],"collection":[{"href":"https:\/\/agendadelsur.com\/index.php\/wp-json\/wp\/v2\/posts"}],"about":[{"href":"https:\/\/agendadelsur.com\/index.php\/wp-json\/wp\/v2\/types\/post"}],"author":[{"embeddable":true,"href":"https:\/\/agendadelsur.com\/index.php\/wp-json\/wp\/v2\/users\/2"}],"replies":[{"embeddable":true,"href":"https:\/\/agendadelsur.com\/index.php\/wp-json\/wp\/v2\/comments?post=20803"}],"version-history":[{"count":1,"href":"https:\/\/agendadelsur.com\/index.php\/wp-json\/wp\/v2\/posts\/20803\/revisions"}],"predecessor-version":[{"id":20808,"href":"https:\/\/agendadelsur.com\/index.php\/wp-json\/wp\/v2\/posts\/20803\/revisions\/20808"}],"wp:featuredmedia":[{"embeddable":true,"href":"https:\/\/agendadelsur.com\/index.php\/wp-json\/wp\/v2\/media\/20805"}],"wp:attachment":[{"href":"https:\/\/agendadelsur.com\/index.php\/wp-json\/wp\/v2\/media?parent=20803"}],"wp:term":[{"taxonomy":"category","embeddable":true,"href":"https:\/\/agendadelsur.com\/index.php\/wp-json\/wp\/v2\/categories?post=20803"},{"taxonomy":"post_tag","embeddable":true,"href":"https:\/\/agendadelsur.com\/index.php\/wp-json\/wp\/v2\/tags?post=20803"}],"curies":[{"name":"wp","href":"https:\/\/api.w.org\/{rel}","templated":true}]}}