{"id":21259,"date":"2022-06-20T21:00:21","date_gmt":"2022-06-21T00:00:21","guid":{"rendered":"https:\/\/agendadelsur.com\/?p=21259"},"modified":"2022-06-20T21:17:09","modified_gmt":"2022-06-21T00:17:09","slug":"cristina-en-avellaneda","status":"publish","type":"post","link":"https:\/\/agendadelsur.com\/index.php\/2022\/06\/20\/cristina-en-avellaneda\/","title":{"rendered":"Cristina en Avellaneda"},"content":{"rendered":"\n<p class=\"has-text-color\" style=\"color:#ec171b\"><strong><em>En un nutrido acto la vicepresidenta -acompa\u00f1ada por el Ministro Jorge Ferraresi y el secretario general de la CTA, Hugo Yasky- se explay\u00f3 con contundencia sobre diversos temas de actualidad.<\/em><\/strong><\/p>\n\n\n\n<div class=\"wp-block-image\"><figure class=\"aligncenter size-full is-resized\"><img loading=\"lazy\" decoding=\"async\" src=\"https:\/\/agendadelsur.com\/wp-content\/uploads\/2022\/06\/289014984_482627930299268_5518284444965370751_n.jpg\" alt=\"\" class=\"wp-image-21262\" width=\"605\" height=\"415\" srcset=\"https:\/\/agendadelsur.com\/wp-content\/uploads\/2022\/06\/289014984_482627930299268_5518284444965370751_n.jpg 700w, https:\/\/agendadelsur.com\/wp-content\/uploads\/2022\/06\/289014984_482627930299268_5518284444965370751_n-300x206.jpg 300w\" sizes=\"(max-width: 605px) 100vw, 605px\" \/><\/figure><\/div>\n\n\n\n<p>El prolongado y potente discurso, dej\u00f3 varios conceptos salientes:<\/p>\n\n\n\n<p>&#8220;No es que falten d\u00f3lares. Los d\u00f3lares est\u00e1n afuera&#8221;.<\/p>\n\n\n\n<p>&#8220;Ante los empresarios no hay que agachar la cabeza, ni pelearse. Hay que discutirles condiciones&#8221;.<\/p>\n\n\n\n<p>&#8220;No hace falta pelear para usar la lapicera&#8221;.<\/p>\n\n\n\n<p>&#8220;Los piqueteros son los hijos de las pol\u00edticas neoliberales de los noventa&#8221;.<\/p>\n\n\n\n<div class=\"wp-block-image\"><figure class=\"aligncenter size-full is-resized\"><img loading=\"lazy\" decoding=\"async\" src=\"https:\/\/agendadelsur.com\/wp-content\/uploads\/2022\/06\/A-009.jpg\" alt=\"\" class=\"wp-image-21272\" width=\"590\" height=\"332\" srcset=\"https:\/\/agendadelsur.com\/wp-content\/uploads\/2022\/06\/A-009.jpg 500w, https:\/\/agendadelsur.com\/wp-content\/uploads\/2022\/06\/A-009-300x169.jpg 300w\" sizes=\"(max-width: 590px) 100vw, 590px\" \/><\/figure><\/div>\n\n\n\n<p>&#8220;Si San Mart\u00edn hubiera pensado en la correlaci\u00f3n de fuerzas!, quien hubiera cruzado la cordillera de los Andes?&#8221;.<\/p>\n\n\n\n<p>&#8220;Que nadie se preocupe por la unidad del Frente de Todos, nunca estuvo en discusi\u00f3n&#8221;!.<\/p>\n\n\n\n<p>Al concluir expres\u00f3 que militar\u00e1 &#8220;la grandeza de la naci\u00f3n&#8221; y la &#8220;felicidad del pueblo&#8221; para que vuelva a ganar el <\/p>\n\n\n\n<p>peronismo.<\/p>\n\n\n\n<p>El Video: <\/p>\n\n\n\n<figure class=\"wp-block-embed is-type-video is-provider-youtube wp-block-embed-youtube wp-embed-aspect-16-9 wp-has-aspect-ratio\"><div class=\"wp-block-embed__wrapper\">\n<div class=\"epyt-video-wrapper\"><iframe loading=\"lazy\"  id=\"_ytid_76661\"  width=\"640\" height=\"360\"  data-origwidth=\"640\" data-origheight=\"360\" src=\"https:\/\/www.youtube.com\/embed\/VK8ATEO53zU?enablejsapi=1&#038;autoplay=0&#038;cc_load_policy=0&#038;cc_lang_pref=&#038;iv_load_policy=1&#038;loop=0&#038;rel=1&#038;fs=1&#038;playsinline=0&#038;autohide=2&#038;theme=dark&#038;color=red&#038;controls=1&#038;disablekb=0&#038;\" class=\"__youtube_prefs__  epyt-is-override  no-lazyload\" title=\"YouTube player\"  allow=\"fullscreen; accelerometer; autoplay; clipboard-write; encrypted-media; gyroscope; picture-in-picture; web-share\" referrerpolicy=\"strict-origin-when-cross-origin\" allowfullscreen data-no-lazy=\"1\" data-skipgform_ajax_framebjll=\"\"><\/iframe><\/div>\n<\/div><\/figure>\n\n\n\n<div class=\"wp-block-image\"><figure class=\"aligncenter size-full is-resized\"><img loading=\"lazy\" decoding=\"async\" src=\"https:\/\/agendadelsur.com\/wp-content\/uploads\/2022\/06\/VITALAB-AAABBB-47.jpg\" alt=\"\" class=\"wp-image-21265\" width=\"449\" height=\"374\"\/><\/figure><\/div>\n\n\n\n<div class=\"wp-block-image\"><figure class=\"aligncenter size-full\"><img loading=\"lazy\" decoding=\"async\" width=\"450\" height=\"276\" src=\"https:\/\/agendadelsur.com\/wp-content\/uploads\/2022\/06\/MILLANEL-NUEVO-10.jpg\" alt=\"\" class=\"wp-image-21266\" srcset=\"https:\/\/agendadelsur.com\/wp-content\/uploads\/2022\/06\/MILLANEL-NUEVO-10.jpg 450w, https:\/\/agendadelsur.com\/wp-content\/uploads\/2022\/06\/MILLANEL-NUEVO-10-300x184.jpg 300w\" sizes=\"(max-width: 450px) 100vw, 450px\" \/><\/figure><\/div>\n","protected":false},"excerpt":{"rendered":"<p>En un nutrido acto la vicepresidenta -acompa\u00f1ada por el Ministro Jorge Ferraresi y el secretario general de la CTA, Hugo Yasky- se explay\u00f3 con contundencia sobre diversos temas de actualidad. El prolongado y potente discurso, dej\u00f3 varios conceptos salientes: &#8220;No es que falten d\u00f3lares. Los d\u00f3lares est\u00e1n afuera&#8221;. &#8220;Ante los empresarios no hay que agachar [&hellip;]<\/p>\n","protected":false},"author":2,"featured_media":21264,"comment_status":"closed","ping_status":"open","sticky":false,"template":"","format":"standard","meta":{"footnotes":""},"categories":[4,9],"tags":[6,61,6353,2594,2758],"_links":{"self":[{"href":"https:\/\/agendadelsur.com\/index.php\/wp-json\/wp\/v2\/posts\/21259"}],"collection":[{"href":"https:\/\/agendadelsur.com\/index.php\/wp-json\/wp\/v2\/posts"}],"about":[{"href":"https:\/\/agendadelsur.com\/index.php\/wp-json\/wp\/v2\/types\/post"}],"author":[{"embeddable":true,"href":"https:\/\/agendadelsur.com\/index.php\/wp-json\/wp\/v2\/users\/2"}],"replies":[{"embeddable":true,"href":"https:\/\/agendadelsur.com\/index.php\/wp-json\/wp\/v2\/comments?post=21259"}],"version-history":[{"count":3,"href":"https:\/\/agendadelsur.com\/index.php\/wp-json\/wp\/v2\/posts\/21259\/revisions"}],"predecessor-version":[{"id":21273,"href":"https:\/\/agendadelsur.com\/index.php\/wp-json\/wp\/v2\/posts\/21259\/revisions\/21273"}],"wp:featuredmedia":[{"embeddable":true,"href":"https:\/\/agendadelsur.com\/index.php\/wp-json\/wp\/v2\/media\/21264"}],"wp:attachment":[{"href":"https:\/\/agendadelsur.com\/index.php\/wp-json\/wp\/v2\/media?parent=21259"}],"wp:term":[{"taxonomy":"category","embeddable":true,"href":"https:\/\/agendadelsur.com\/index.php\/wp-json\/wp\/v2\/categories?post=21259"},{"taxonomy":"post_tag","embeddable":true,"href":"https:\/\/agendadelsur.com\/index.php\/wp-json\/wp\/v2\/tags?post=21259"}],"curies":[{"name":"wp","href":"https:\/\/api.w.org\/{rel}","templated":true}]}}