{"id":2137,"date":"2020-05-16T17:55:42","date_gmt":"2020-05-16T17:55:42","guid":{"rendered":"https:\/\/agendadelsur.com\/?p=2137"},"modified":"2020-05-16T17:55:42","modified_gmt":"2020-05-16T17:55:42","slug":"primera-entrega-de-plasma-para-el-tratamiento-de-pacientes-con-coronavirus","status":"publish","type":"post","link":"https:\/\/agendadelsur.com\/index.php\/2020\/05\/16\/primera-entrega-de-plasma-para-el-tratamiento-de-pacientes-con-coronavirus\/","title":{"rendered":"Primera entrega de plasma para el tratamiento de pacientes con coronavirus"},"content":{"rendered":"\n<p>Los\nanticuerpos presentes en la sangre de pacientes ya recuperados mejorar\u00edan a los\nenfermos cr\u00edticos. El Ministerio de Salud de la Provincia de Buenos Aires, a\ntrav\u00e9s del Instituto de Hemoterapia y el CUCAIBA, avanza en el tratamiento de\nrecuperaci\u00f3n de pacientes cr\u00edticos afectados por el COVID-19. Este trabajo\npermiti\u00f3 que ayer ya fueran enviadas las dos primeras unidades de plasma que\nser\u00e1n destinadas a una persona internada con coronavirus en el hospital\nmunicipal &#8220;Dr. Federico Abete&#8221; de Malvinas Argentinas.<\/p>\n\n\n\n<p>El plasma\nes obtenido mediante donaciones voluntarias de quienes se hayan recuperado de\nla enfermedad mediante el proceso de af\u00e9resis, una modalidad en la que se\nseparan desde un principio los componentes de la sangre. La atenci\u00f3n del\ndonante y el estudio del componente sangu\u00edneo se realizan, en una primera\netapa, en el Centro Regional de Hemoterapia de La Plata.<\/p>\n\n\n\n<p>El procedimiento\nconsiste en administrar los anticuerpos presentes en el plasma a quienes\npermanecen internados en estado grave. Para esto, aquellas personas recuperadas\nde COVID- 19 que vivan en la Provincia de Buenos Aires y deseen donar sangre\npara realizar estas pruebas deber\u00e1n comunicarse previamente con Cucaiba al 0800\n222 0101.<\/p>\n\n\n\n<p>\u201cEste\nplasma es rico en anticuerpos y podr\u00eda ayudar en la recuperaci\u00f3n de los\npacientes cr\u00edticos de coronavirus\u201d, se\u00f1al\u00f3 la Directora provincial del\nInstituto, Nora Etchenique, quien adelant\u00f3 que en funci\u00f3n de c\u00f3mo evolucione la\nsituaci\u00f3n sanitaria, en una segunda y tercera etapa se podr\u00e1n incorporar a este\nproyecto los hospitales \u201cEl Cruce\u201d de Florencio Varela, \u201cVicente L\u00f3pez y\nPlanes\u201d de General Rodr\u00edguez, y el Centro Regional de Hemoterapia de Mar del\nPlata.<\/p>\n\n\n\n<p>Fuente: Gobierno de la Provincia de Buenos Aires<\/p>\n","protected":false},"excerpt":{"rendered":"<p>Los anticuerpos presentes en la sangre de pacientes ya recuperados mejorar\u00edan a los enfermos cr\u00edticos. El Ministerio de Salud de la Provincia de Buenos Aires, a trav\u00e9s del Instituto de Hemoterapia y el CUCAIBA, avanza en el tratamiento de recuperaci\u00f3n de pacientes cr\u00edticos afectados por el COVID-19. Este trabajo permiti\u00f3 que ayer ya fueran enviadas [&hellip;]<\/p>\n","protected":false},"author":2,"featured_media":2138,"comment_status":"closed","ping_status":"open","sticky":false,"template":"","format":"standard","meta":{"footnotes":""},"categories":[371],"tags":[526,525],"_links":{"self":[{"href":"https:\/\/agendadelsur.com\/index.php\/wp-json\/wp\/v2\/posts\/2137"}],"collection":[{"href":"https:\/\/agendadelsur.com\/index.php\/wp-json\/wp\/v2\/posts"}],"about":[{"href":"https:\/\/agendadelsur.com\/index.php\/wp-json\/wp\/v2\/types\/post"}],"author":[{"embeddable":true,"href":"https:\/\/agendadelsur.com\/index.php\/wp-json\/wp\/v2\/users\/2"}],"replies":[{"embeddable":true,"href":"https:\/\/agendadelsur.com\/index.php\/wp-json\/wp\/v2\/comments?post=2137"}],"version-history":[{"count":1,"href":"https:\/\/agendadelsur.com\/index.php\/wp-json\/wp\/v2\/posts\/2137\/revisions"}],"predecessor-version":[{"id":2139,"href":"https:\/\/agendadelsur.com\/index.php\/wp-json\/wp\/v2\/posts\/2137\/revisions\/2139"}],"wp:featuredmedia":[{"embeddable":true,"href":"https:\/\/agendadelsur.com\/index.php\/wp-json\/wp\/v2\/media\/2138"}],"wp:attachment":[{"href":"https:\/\/agendadelsur.com\/index.php\/wp-json\/wp\/v2\/media?parent=2137"}],"wp:term":[{"taxonomy":"category","embeddable":true,"href":"https:\/\/agendadelsur.com\/index.php\/wp-json\/wp\/v2\/categories?post=2137"},{"taxonomy":"post_tag","embeddable":true,"href":"https:\/\/agendadelsur.com\/index.php\/wp-json\/wp\/v2\/tags?post=2137"}],"curies":[{"name":"wp","href":"https:\/\/api.w.org\/{rel}","templated":true}]}}