{"id":21818,"date":"2022-07-01T14:48:43","date_gmt":"2022-07-01T17:48:43","guid":{"rendered":"https:\/\/agendadelsur.com\/?p=21818"},"modified":"2022-07-01T14:48:45","modified_gmt":"2022-07-01T17:48:45","slug":"a-48-anos-de-la-muerte-de-juan-domingo-peron","status":"publish","type":"post","link":"https:\/\/agendadelsur.com\/index.php\/2022\/07\/01\/a-48-anos-de-la-muerte-de-juan-domingo-peron\/","title":{"rendered":"A 48 a\u00f1os de la muerte de Juan Domingo Per\u00f3n"},"content":{"rendered":"\n<h5 class=\"has-text-color wp-block-heading\" style=\"color:#f80408\">Hace 48 a\u00f1os el pueblo argentino desped\u00eda al l\u00edder pol\u00edtico m\u00e1s influyente de nuestra historia. El <strong>fundador del movimiento <\/strong>pol\u00edtico-<strong>popular <\/strong>m\u00e1s grande de Am\u00e9rica Latina<strong> y uno de los m\u00e1s importantes del mundo. El que <\/strong>condujo a la clase trabajadora en la conquista de sus derechos y marc\u00f3 el camino hacia la felicidad del pueblo y la grandeza de la naci\u00f3n.<\/h5>\n\n\n\n<figure class=\"wp-block-embed is-type-video is-provider-youtube wp-block-embed-youtube wp-embed-aspect-4-3 wp-has-aspect-ratio\"><div class=\"wp-block-embed__wrapper\">\n<div class=\"epyt-video-wrapper\"><iframe loading=\"lazy\"  id=\"_ytid_50482\"  width=\"640\" height=\"480\"  data-origwidth=\"640\" data-origheight=\"480\" src=\"https:\/\/www.youtube.com\/embed\/hg_efrdSTJA?enablejsapi=1&#038;autoplay=0&#038;cc_load_policy=0&#038;cc_lang_pref=&#038;iv_load_policy=1&#038;loop=0&#038;rel=1&#038;fs=1&#038;playsinline=0&#038;autohide=2&#038;theme=dark&#038;color=red&#038;controls=1&#038;disablekb=0&#038;\" class=\"__youtube_prefs__  epyt-is-override  no-lazyload\" title=\"YouTube player\"  allow=\"fullscreen; accelerometer; autoplay; clipboard-write; encrypted-media; gyroscope; picture-in-picture; web-share\" referrerpolicy=\"strict-origin-when-cross-origin\" allowfullscreen data-no-lazy=\"1\" data-skipgform_ajax_framebjll=\"\"><\/iframe><\/div>\n<\/div><\/figure>\n\n\n\n<div class=\"wp-block-image\"><figure class=\"aligncenter size-full\"><img loading=\"lazy\" decoding=\"async\" width=\"300\" height=\"300\" src=\"https:\/\/agendadelsur.com\/wp-content\/uploads\/2022\/07\/Agregar-un-titulo-1.png\" alt=\"\" class=\"wp-image-21820\" srcset=\"https:\/\/agendadelsur.com\/wp-content\/uploads\/2022\/07\/Agregar-un-titulo-1.png 300w, https:\/\/agendadelsur.com\/wp-content\/uploads\/2022\/07\/Agregar-un-titulo-1-150x150.png 150w\" sizes=\"(max-width: 300px) 100vw, 300px\" \/><\/figure><\/div>\n\n\n\n<div class=\"wp-block-image\"><figure class=\"aligncenter size-full\"><img loading=\"lazy\" decoding=\"async\" width=\"300\" height=\"250\" src=\"https:\/\/agendadelsur.com\/wp-content\/uploads\/2022\/07\/VITALAB-AAABBB-2.jpg\" alt=\"\" class=\"wp-image-21821\"\/><\/figure><\/div>\n","protected":false},"excerpt":{"rendered":"<p>Hace 48 a\u00f1os el pueblo argentino desped\u00eda al l\u00edder pol\u00edtico m\u00e1s influyente de nuestra historia. El fundador del movimiento pol\u00edtico-popular m\u00e1s grande de Am\u00e9rica Latina y uno de los m\u00e1s importantes del mundo. El que condujo a la clase trabajadora en la conquista de sus derechos y marc\u00f3 el camino hacia la felicidad del pueblo [&hellip;]<\/p>\n","protected":false},"author":2,"featured_media":21819,"comment_status":"closed","ping_status":"open","sticky":false,"template":"","format":"standard","meta":{"footnotes":""},"categories":[9],"tags":[6526,3664,6525],"_links":{"self":[{"href":"https:\/\/agendadelsur.com\/index.php\/wp-json\/wp\/v2\/posts\/21818"}],"collection":[{"href":"https:\/\/agendadelsur.com\/index.php\/wp-json\/wp\/v2\/posts"}],"about":[{"href":"https:\/\/agendadelsur.com\/index.php\/wp-json\/wp\/v2\/types\/post"}],"author":[{"embeddable":true,"href":"https:\/\/agendadelsur.com\/index.php\/wp-json\/wp\/v2\/users\/2"}],"replies":[{"embeddable":true,"href":"https:\/\/agendadelsur.com\/index.php\/wp-json\/wp\/v2\/comments?post=21818"}],"version-history":[{"count":1,"href":"https:\/\/agendadelsur.com\/index.php\/wp-json\/wp\/v2\/posts\/21818\/revisions"}],"predecessor-version":[{"id":21822,"href":"https:\/\/agendadelsur.com\/index.php\/wp-json\/wp\/v2\/posts\/21818\/revisions\/21822"}],"wp:featuredmedia":[{"embeddable":true,"href":"https:\/\/agendadelsur.com\/index.php\/wp-json\/wp\/v2\/media\/21819"}],"wp:attachment":[{"href":"https:\/\/agendadelsur.com\/index.php\/wp-json\/wp\/v2\/media?parent=21818"}],"wp:term":[{"taxonomy":"category","embeddable":true,"href":"https:\/\/agendadelsur.com\/index.php\/wp-json\/wp\/v2\/categories?post=21818"},{"taxonomy":"post_tag","embeddable":true,"href":"https:\/\/agendadelsur.com\/index.php\/wp-json\/wp\/v2\/tags?post=21818"}],"curies":[{"name":"wp","href":"https:\/\/api.w.org\/{rel}","templated":true}]}}