{"id":22249,"date":"2022-07-09T19:25:25","date_gmt":"2022-07-09T22:25:25","guid":{"rendered":"https:\/\/agendadelsur.com\/?p=22249"},"modified":"2022-07-09T19:25:26","modified_gmt":"2022-07-09T22:25:26","slug":"9-de-julio-de-1816-declaracion-de-nuestra-independencia-9-de-julio-de-1947-declaracion-de-la-independencia-economica","status":"publish","type":"post","link":"https:\/\/agendadelsur.com\/index.php\/2022\/07\/09\/9-de-julio-de-1816-declaracion-de-nuestra-independencia-9-de-julio-de-1947-declaracion-de-la-independencia-economica\/","title":{"rendered":"9 de julio de 1816. Declaraci\u00f3n de Nuestra Independencia. 9 de Julio de 1947 declaraci\u00f3n de la Independencia Econ\u00f3mica."},"content":{"rendered":"\n<h5 class=\"has-text-color wp-block-heading\" style=\"color:#f8090d\">El 9 de julio de 1816, el Congreso de Tucum\u00e1n, integrado por representantes de las Provincias Unidas del R\u00edo de la Plata declar\u00f3 la independencia de nuestro pa\u00eds. Esta gesta hist\u00f3rica, que complet\u00f3 el proceso revolucionario iniciado en mayo de 1810, signific\u00f3 la ruptura definitiva de los v\u00ednculos de dependencia pol\u00edtica con la corona espa\u00f1ola y, al mismo tiempo, la renuncia a toda dominaci\u00f3n extranjera. Otro 9 de Julio, pero de 1947 se gest\u00f3 otra fecha trascendente para nuestra Naci\u00f3n.<\/h5>\n\n\n\n<div class=\"wp-block-image\"><figure class=\"aligncenter size-full is-resized\"><img loading=\"lazy\" decoding=\"async\" src=\"https:\/\/agendadelsur.com\/wp-content\/uploads\/2022\/07\/9-de-julio-de-1947.jpg\" alt=\"\" class=\"wp-image-22252\" width=\"480\" height=\"360\" srcset=\"https:\/\/agendadelsur.com\/wp-content\/uploads\/2022\/07\/9-de-julio-de-1947.jpg 600w, https:\/\/agendadelsur.com\/wp-content\/uploads\/2022\/07\/9-de-julio-de-1947-300x225.jpg 300w\" sizes=\"(max-width: 480px) 100vw, 480px\" \/><\/figure><\/div>\n\n\n\n<p>En esa fecha -en la Casa Hist\u00f3rica de Tucum\u00e1n, en donde se hab\u00eda declarado la Independencia el 9 de julio de 1816- el Presidente de la Naci\u00f3n, General Juan Domingo Per\u00f3n, declara la Independencia Econ\u00f3mica.<\/p>\n\n\n\n<p>Esta Declaraci\u00f3n significaba la independencia de la Naci\u00f3n de todos los organismos internacionales.<\/p>\n\n\n\n<div class=\"wp-block-image\"><figure class=\"aligncenter size-full is-resized\"><img loading=\"lazy\" decoding=\"async\" src=\"https:\/\/agendadelsur.com\/wp-content\/uploads\/2022\/07\/VITALAB-AAABBB-30.jpg\" alt=\"\" class=\"wp-image-22254\" width=\"442\" height=\"368\"\/><\/figure><\/div>\n\n\n\n<div class=\"wp-block-image\"><figure class=\"aligncenter size-full\"><img loading=\"lazy\" decoding=\"async\" width=\"450\" height=\"276\" src=\"https:\/\/agendadelsur.com\/wp-content\/uploads\/2022\/07\/MILLANEL-NUEVO-5.jpg\" alt=\"\" class=\"wp-image-22255\" srcset=\"https:\/\/agendadelsur.com\/wp-content\/uploads\/2022\/07\/MILLANEL-NUEVO-5.jpg 450w, https:\/\/agendadelsur.com\/wp-content\/uploads\/2022\/07\/MILLANEL-NUEVO-5-300x184.jpg 300w\" sizes=\"(max-width: 450px) 100vw, 450px\" \/><\/figure><\/div>\n","protected":false},"excerpt":{"rendered":"<p>El 9 de julio de 1816, el Congreso de Tucum\u00e1n, integrado por representantes de las Provincias Unidas del R\u00edo de la Plata declar\u00f3 la independencia de nuestro pa\u00eds. Esta gesta hist\u00f3rica, que complet\u00f3 el proceso revolucionario iniciado en mayo de 1810, signific\u00f3 la ruptura definitiva de los v\u00ednculos de dependencia pol\u00edtica con la corona espa\u00f1ola [&hellip;]<\/p>\n","protected":false},"author":2,"featured_media":22253,"comment_status":"closed","ping_status":"open","sticky":false,"template":"","format":"standard","meta":{"footnotes":""},"categories":[9],"tags":[6660,6658,2670,6659],"_links":{"self":[{"href":"https:\/\/agendadelsur.com\/index.php\/wp-json\/wp\/v2\/posts\/22249"}],"collection":[{"href":"https:\/\/agendadelsur.com\/index.php\/wp-json\/wp\/v2\/posts"}],"about":[{"href":"https:\/\/agendadelsur.com\/index.php\/wp-json\/wp\/v2\/types\/post"}],"author":[{"embeddable":true,"href":"https:\/\/agendadelsur.com\/index.php\/wp-json\/wp\/v2\/users\/2"}],"replies":[{"embeddable":true,"href":"https:\/\/agendadelsur.com\/index.php\/wp-json\/wp\/v2\/comments?post=22249"}],"version-history":[{"count":1,"href":"https:\/\/agendadelsur.com\/index.php\/wp-json\/wp\/v2\/posts\/22249\/revisions"}],"predecessor-version":[{"id":22256,"href":"https:\/\/agendadelsur.com\/index.php\/wp-json\/wp\/v2\/posts\/22249\/revisions\/22256"}],"wp:featuredmedia":[{"embeddable":true,"href":"https:\/\/agendadelsur.com\/index.php\/wp-json\/wp\/v2\/media\/22253"}],"wp:attachment":[{"href":"https:\/\/agendadelsur.com\/index.php\/wp-json\/wp\/v2\/media?parent=22249"}],"wp:term":[{"taxonomy":"category","embeddable":true,"href":"https:\/\/agendadelsur.com\/index.php\/wp-json\/wp\/v2\/categories?post=22249"},{"taxonomy":"post_tag","embeddable":true,"href":"https:\/\/agendadelsur.com\/index.php\/wp-json\/wp\/v2\/tags?post=22249"}],"curies":[{"name":"wp","href":"https:\/\/api.w.org\/{rel}","templated":true}]}}