{"id":22258,"date":"2022-07-10T00:55:44","date_gmt":"2022-07-10T03:55:44","guid":{"rendered":"https:\/\/agendadelsur.com\/?p=22258"},"modified":"2022-07-10T00:55:45","modified_gmt":"2022-07-10T03:55:45","slug":"el-gobierno-firmo-convenios-por-400-millones-de-pesos-para-fortalecer-la-actividad-agropecuaria-en-tucuman","status":"publish","type":"post","link":"https:\/\/agendadelsur.com\/index.php\/2022\/07\/10\/el-gobierno-firmo-convenios-por-400-millones-de-pesos-para-fortalecer-la-actividad-agropecuaria-en-tucuman\/","title":{"rendered":"El Gobierno firm\u00f3 convenios por 400 millones de pesos para fortalecer la actividad agropecuaria en Tucum\u00e1n"},"content":{"rendered":"\n<h5 class=\"has-text-color wp-block-heading\" style=\"color:#f9080c\">Fue en un acto con la presencia de Juan Manzur, el ministro Juli\u00e1n Dom\u00ednguez y el gobernador Osvaldo Jaldo. Los recursos se destinar\u00e1n a la producci\u00f3n ganadera y a reforzar fideicomisos para el sector azucarero. El jefe de Gabinete de Ministros particip\u00f3 adem\u00e1s del Ciclo de Foros Federales &#8220;Hablemos del Agua&#8221;, que impulsa el Ente Nacional de Obras H\u00eddricas de Saneamiento.<\/h5>\n\n\n\n<p>El jefe de Gabinete de ministros, Juan Manzur, asisti\u00f3 en el Sal\u00f3n Blanco de la Casa de Gobierno de Tucum\u00e1n a la firma de convenios entre el Gobierno Nacional y la provincia para el fortalecimiento de fideicomisos azucareros, adem\u00e1s de generar l\u00edneas de financiamiento destinadas a la producci\u00f3n ganadera bovina a trav\u00e9s del Plan GanAr. Tambi\u00e9n asistieron al acto, el ministro de Agricultura, Ganader\u00eda, Pesca y Alimentaci\u00f3n, Juli\u00e1n Dom\u00ednguez, y el gobernador de Tucum\u00e1n, Osvaldo Jaldo.<\/p>\n\n\n\n<p>Los acuerdos suman un total de 400 millones de pesos. Por un lado, se destinan 280 millones de pesos para el Programa Federal de Reconversi\u00f3n Productiva y Apoyo a la Actividad Ganadera, que busca aportar soluciones para el sector y avanzar en la reconversi\u00f3n industrial de frigor\u00edficos provinciales. El otro convenio, por 120 millones de pesos, financiar\u00e1 las actividades productivas, de cosecha y acarreo de productores ca\u00f1eros.<\/p>\n\n\n\n<p>En el acto, en el que se mantuvo el esp\u00edritu de trabajo en equipo manifestado en la \u00faltima cumbre de gobernadores del Norte Grande, celebrada el martes en Formosa, Manzur afirm\u00f3 que \u201cla riqueza de la Argentina est\u00e1 en el Interior\u201d y expres\u00f3: \u201cEn la medida en que podamos avanzar en estas l\u00edneas de acci\u00f3n y que todo el Interior empiece a desplegar su capacidad productiva, la Argentina podr\u00e1 salir adelante\u201d.<\/p>\n\n\n\n<p>El ministro Dom\u00ednguez subray\u00f3 a su vez que \u201cel sector agropecuario hace una enorme contribuci\u00f3n para el pa\u00eds\u201d, y postul\u00f3: \u201cTenemos que ser parte de un mismo proyecto, de un destino com\u00fan. O nos salvamos en racimo, o nos condenamos por ego\u00edstas, y esto no solo es responsabilidad de la pol\u00edtica. Es el compromiso conjunto de todos los actores sociales\u201d.<\/p>\n\n\n\n<p>Jaldo, en tanto, record\u00f3: \u201cEl sector privado siempre ha sido acompa\u00f1ado por el gobierno provincial y nacional, porque somos conscientes de que la \u00fanica manera de sacar este pa\u00eds adelante es con el sector p\u00fablico y privado trabajando de la mano\u201d.<\/p>\n\n\n\n<p>En el acto tambi\u00e9n estuvieron presentes el vicejefe de Gabinete, Jorge Neme; el presidente del INTA, Mariano Garmendia; y representantes, funcionarios y autoridades provinciales.<\/p>\n\n\n\n<div class=\"wp-block-image\"><figure class=\"aligncenter size-full\"><img loading=\"lazy\" decoding=\"async\" width=\"651\" height=\"474\" src=\"https:\/\/agendadelsur.com\/wp-content\/uploads\/2022\/07\/MANZUR_CONVENIO_JGM1273-copia.jpg\" alt=\"\" class=\"wp-image-22259\" srcset=\"https:\/\/agendadelsur.com\/wp-content\/uploads\/2022\/07\/MANZUR_CONVENIO_JGM1273-copia.jpg 651w, https:\/\/agendadelsur.com\/wp-content\/uploads\/2022\/07\/MANZUR_CONVENIO_JGM1273-copia-300x218.jpg 300w\" sizes=\"(max-width: 651px) 100vw, 651px\" \/><figcaption>El jefe de Gabinete, Juan Manzur, asiste a la firma de un convenio en San Miguel de Tucum\u00e1n. Participan el Ministro de Agriculltura, Juli\u00e1n Dominguez, y el Gobernador de la provincia, Osvaldo Jaldo. Tucum\u00e1n, 8 de julio de 2022. Foto: Laura Szenkierman &#8211; Fotograf\u00eda Jefatura de Gabinete.<\/figcaption><\/figure><\/div>\n\n\n\n<p>M\u00e1s temprano, Manzur particip\u00f3 adem\u00e1s del encuentro del Ciclo de Foros Federales &#8220;Hablemos del Agua&#8221;, impulsado por el Ente Nacional de Obras H\u00eddricas de Saneamiento (ENOHSA), en la sede de la Federaci\u00f3n Econ\u00f3mica de Tucum\u00e1n. Remarc\u00f3 all\u00ed que \u201ccada vez que el Estado llega con una obra de agua y cloacas combate a la pobreza estructural, porque est\u00e1 claro que la falta de agua y saneamiento es un componente esencial de esas carencias\u201d.<\/p>\n\n\n\n<p>El ministro coordinador asever\u00f3 que \u201cel agua potable y el saneamiento son prioridades del Gobierno\u201d, y advirti\u00f3: \u201cAunque nos hayan dejado sin Presupuesto, la plata que haga falta para que todos los argentinos tengan agua potable va a estar\u201d.<\/p>\n\n\n\n<p>Del panel donde fue desplegado el debate disertaron el gobernador Jaldo, que asegur\u00f3 que \u201cnunca en la historia, Tucum\u00e1n accedi\u00f3 a una inversi\u00f3n en agua y saneamiento como la que tiene hoy\u201d; y el administrador del ENOHSA, Enrique Cresto, quien destac\u00f3 que \u201ces fundamental democratizar el acceso al agua y a las pol\u00edticas de saneamiento, porque si no se invierte en esta \u00e1rea, como pas\u00f3 entre 2015 y 2019, las asimetr\u00edas crecen\u201d y record\u00f3: \u201cCuando asum\u00ed en el ENOHSA hab\u00eda apenas 11 obras en marcha y ahora hay 1.500 en toda la Argentina\u201d.<\/p>\n\n\n\n<p>Tambi\u00e9n hizo su exposici\u00f3n el jefe regional de la Delegaci\u00f3n Norte Grande del ENOHSA, Ger\u00f3nimo Vargas Aignasse, ante la presencia del secretario de Comunicaci\u00f3n y Prensa, Juan Ross, y otros funcionarios nacionales y provinciales.<\/p>\n\n\n\n<p>Hablemos del Agua se inscribe en la pol\u00edtica federal de acceso al agua y saneamiento, con el objetivo de cumplir con la premisa establecida en la ONU que se\u00f1ala la importancia de disminuir la brecha entre los distintos conglomerados urbanos. Se trata de un ciclo de foros federales que desarrolla en Tucum\u00e1n su 13\u00b0 cap\u00edtulo, y consiste en paneles organizados para debatir las pol\u00edticas necesarias que propicien este derecho humano y los desaf\u00edos que deben asumir los distintos actores gubernamentales para lograrlo.<\/p>\n","protected":false},"excerpt":{"rendered":"<p>Fue en un acto con la presencia de Juan Manzur, el ministro Juli\u00e1n Dom\u00ednguez y el gobernador Osvaldo Jaldo. Los recursos se destinar\u00e1n a la producci\u00f3n ganadera y a reforzar fideicomisos para el sector azucarero. El jefe de Gabinete de Ministros particip\u00f3 adem\u00e1s del Ciclo de Foros Federales &#8220;Hablemos del Agua&#8221;, que impulsa el Ente [&hellip;]<\/p>\n","protected":false},"author":2,"featured_media":22260,"comment_status":"closed","ping_status":"open","sticky":false,"template":"","format":"standard","meta":{"footnotes":""},"categories":[9],"tags":[],"_links":{"self":[{"href":"https:\/\/agendadelsur.com\/index.php\/wp-json\/wp\/v2\/posts\/22258"}],"collection":[{"href":"https:\/\/agendadelsur.com\/index.php\/wp-json\/wp\/v2\/posts"}],"about":[{"href":"https:\/\/agendadelsur.com\/index.php\/wp-json\/wp\/v2\/types\/post"}],"author":[{"embeddable":true,"href":"https:\/\/agendadelsur.com\/index.php\/wp-json\/wp\/v2\/users\/2"}],"replies":[{"embeddable":true,"href":"https:\/\/agendadelsur.com\/index.php\/wp-json\/wp\/v2\/comments?post=22258"}],"version-history":[{"count":1,"href":"https:\/\/agendadelsur.com\/index.php\/wp-json\/wp\/v2\/posts\/22258\/revisions"}],"predecessor-version":[{"id":22261,"href":"https:\/\/agendadelsur.com\/index.php\/wp-json\/wp\/v2\/posts\/22258\/revisions\/22261"}],"wp:featuredmedia":[{"embeddable":true,"href":"https:\/\/agendadelsur.com\/index.php\/wp-json\/wp\/v2\/media\/22260"}],"wp:attachment":[{"href":"https:\/\/agendadelsur.com\/index.php\/wp-json\/wp\/v2\/media?parent=22258"}],"wp:term":[{"taxonomy":"category","embeddable":true,"href":"https:\/\/agendadelsur.com\/index.php\/wp-json\/wp\/v2\/categories?post=22258"},{"taxonomy":"post_tag","embeddable":true,"href":"https:\/\/agendadelsur.com\/index.php\/wp-json\/wp\/v2\/tags?post=22258"}],"curies":[{"name":"wp","href":"https:\/\/api.w.org\/{rel}","templated":true}]}}