{"id":22982,"date":"2022-07-25T20:53:11","date_gmt":"2022-07-25T23:53:11","guid":{"rendered":"https:\/\/agendadelsur.com\/?p=22982"},"modified":"2022-07-25T20:54:49","modified_gmt":"2022-07-25T23:54:49","slug":"taller-de-narrativas-digitales-una-nueva-forma-de-gestionar-la-comunicacion-politica","status":"publish","type":"post","link":"https:\/\/agendadelsur.com\/index.php\/2022\/07\/25\/taller-de-narrativas-digitales-una-nueva-forma-de-gestionar-la-comunicacion-politica\/","title":{"rendered":"Taller de Narrativas Digitales: una nueva forma de gestionar la comunicaci\u00f3n pol\u00edtica"},"content":{"rendered":"\n<h5 class=\"has-text-color wp-block-heading\" style=\"color:#f6060a\">Seminario gratuito sobre comunicaci\u00f3n pol\u00edtica y narrativas digitales. La nueva propuesta&nbsp; del Instituto de Capacitaci\u00f3n Pol\u00edtica (ICP) se dictar\u00e1 de forma online. La inscripci\u00f3n est\u00e1 abierta, comienza el 2 de agosto<\/h5>\n\n\n\n<div class=\"wp-block-image\"><figure class=\"alignright size-full is-resized\"><img loading=\"lazy\" decoding=\"async\" src=\"https:\/\/agendadelsur.com\/wp-content\/uploads\/2022\/07\/Taller-de-Narrativas-Digitales-.jpeg\" alt=\"\" class=\"wp-image-22983\" width=\"601\" height=\"850\" srcset=\"https:\/\/agendadelsur.com\/wp-content\/uploads\/2022\/07\/Taller-de-Narrativas-Digitales-.jpeg 724w, https:\/\/agendadelsur.com\/wp-content\/uploads\/2022\/07\/Taller-de-Narrativas-Digitales--212x300.jpeg 212w\" sizes=\"auto, (max-width: 601px) 100vw, 601px\" \/><\/figure><\/div>\n\n\n\n<p class=\"wp-block-paragraph\">El Instituto de Capacitaci\u00f3n Pol\u00edtica y Estudios Estrat\u00e9gicos (ICP) dictar\u00e1 a partir agosto un seminario-taller gratuito sobre las nuevas formas de gestionar la comunicaci\u00f3n pol\u00edtica a partir de la irrupci\u00f3n de los medios digitales, un fen\u00f3meno que modific\u00f3 la relaci\u00f3n, el v\u00ednculo y la conversaci\u00f3n entre los pol\u00edticos y los ciudadanos.<\/p>\n\n\n\n<p class=\"wp-block-paragraph\">Al frente de las clases estar\u00e1n los docentes Mart\u00edn Gonz\u00e1lez Fr\u00edgoli, director de la Especializaci\u00f3n en Comunicaci\u00f3n Digital de la Facultad de Periodismo y Comunicaci\u00f3n Social de la Universidad Nacional de La Plata, y el&nbsp; licenciado en Comunicaci\u00f3n Social, Rodrigo Romero Bazterrica.<\/p>\n\n\n\n<p class=\"wp-block-paragraph\">\u201cNarrativas Digitales: una nueva forma de gestionar la comunicaci\u00f3n pol\u00edtica\u201d, comienza el martes 2 de agosto y se desarrollar\u00e1 de manera online con una duraci\u00f3n de 4 encuentros.&nbsp;<\/p>\n\n\n\n<p class=\"wp-block-paragraph\">\u201cPensar en comunicar como sol\u00eda hacerse en la prepandemia, es un error. Vivimos un hecho que no solo cambi\u00f3 el uso y el consumo de los medios digitales, sino que tambi\u00e9n adelant\u00f3 10 a\u00f1os la evoluci\u00f3n de la narrativa en los territorios digitales\u201d, sostiene la propuesta.<\/p>\n\n\n\n<p class=\"wp-block-paragraph\">En ese marco, el director Acad\u00e9mico del ICP, Sebasti\u00e1n Tangorra, adelant\u00f3 que el taller buscar\u00e1 abordar de manera pr\u00e1ctica y mediante ejemplos concretos c\u00f3mo se dio este cambio, \u201cde qui\u00e9n fue la culpa que pasemos de leer noticias a mirarlas en clave de im\u00e1genes, la importancia de mirar qu\u00e9 est\u00e1n haciendo otros, c\u00f3mo hacemos para competir por la atenci\u00f3n y la importancia de los datos para construir mensajes\u201d, entre otras nociones.<\/p>\n\n\n\n<p class=\"wp-block-paragraph\">Los participantes podr\u00e1n aprender conceptos innovadores sobre narrativas m\u00f3viles, contenido interactivo, redes sociales, el rol del Community Manager y el Social Media Manager, Whatsapp y Telegram como nuevos canales de comunicaci\u00f3n, newsletters, podcasts, y medici\u00f3n de impactos y monitoreo de datos, adem\u00e1s de reconocer las herramientas existentes en internet y su potencial para la aplicaci\u00f3n pr\u00e1ctica.<\/p>\n\n\n\n<p class=\"wp-block-paragraph\">La actividad es completamente gratuita y los interesados en participar podr\u00e1n inscribirse previamente a trav\u00e9s de la p\u00e1gina www.icpweb.ar.<\/p>\n\n\n\n<p class=\"wp-block-paragraph\">Este seminario es abierto, no requiere de conocimientos espec\u00edficos previos y est\u00e1 orientado a personas que deseen en adquirir conocimientos sobre la comunicaci\u00f3n pol\u00edtica digital y sus amplificaciones en plataformas y medios, participar de campa\u00f1as digitales, trabajar en equipos de gobierno, partidos pol\u00edticos, ONG, profesionales de la comunicaci\u00f3n y p\u00fablico en general.<\/p>\n\n\n\n<p class=\"wp-block-paragraph\">Fuente: &nbsp;ICP Instituto de Capacitaci\u00f3n Pol\u00edtica<\/p>\n\n\n\n<div class=\"wp-block-image\"><figure class=\"aligncenter size-full\"><img loading=\"lazy\" decoding=\"async\" width=\"300\" height=\"250\" src=\"https:\/\/agendadelsur.com\/wp-content\/uploads\/2022\/07\/VITALAB-AAABBB-65.jpg\" alt=\"\" class=\"wp-image-22984\"\/><\/figure><\/div>\n\n\n\n<div class=\"wp-block-image\"><figure class=\"aligncenter size-full\"><img loading=\"lazy\" decoding=\"async\" width=\"300\" height=\"250\" src=\"https:\/\/agendadelsur.com\/wp-content\/uploads\/2022\/07\/MILLANEL-INT.-1-55.jpg\" alt=\"\" class=\"wp-image-22985\"\/><\/figure><\/div>\n","protected":false},"excerpt":{"rendered":"<p>Seminario gratuito sobre comunicaci\u00f3n pol\u00edtica y narrativas digitales. La nueva propuesta&nbsp; del Instituto de Capacitaci\u00f3n Pol\u00edtica (ICP) se dictar\u00e1 de forma online. La inscripci\u00f3n est\u00e1 abierta, comienza el 2 de agosto El Instituto de Capacitaci\u00f3n Pol\u00edtica y Estudios Estrat\u00e9gicos (ICP) dictar\u00e1 a partir agosto un seminario-taller gratuito sobre las nuevas formas de gestionar la comunicaci\u00f3n [&hellip;]<\/p>\n","protected":false},"author":2,"featured_media":22988,"comment_status":"closed","ping_status":"open","sticky":false,"template":"","format":"standard","meta":{"_jetpack_newsletter_access":"","_jetpack_dont_email_post_to_subs":false,"_jetpack_newsletter_tier_id":0,"_jetpack_memberships_contains_paywalled_content":false,"_jetpack_feature_clip_id":0,"_jetpack_memberships_contains_paid_content":false,"footnotes":"","jetpack_post_was_ever_published":false},"categories":[9],"tags":[6845,6844],"class_list":["post-22982","post","type-post","status-publish","format-standard","has-post-thumbnail","hentry","category-noticias-nacionales","tag-gestionar-la-comunicacion-politica","tag-taller-de-narrativas-digitales"],"jetpack_sharing_enabled":true,"jetpack_featured_media_url":"https:\/\/agendadelsur.com\/wp-content\/uploads\/2022\/07\/1.-Taller-de-Narrativas-Digitales.jpg","_links":{"self":[{"href":"https:\/\/agendadelsur.com\/index.php\/wp-json\/wp\/v2\/posts\/22982","targetHints":{"allow":["GET"]}}],"collection":[{"href":"https:\/\/agendadelsur.com\/index.php\/wp-json\/wp\/v2\/posts"}],"about":[{"href":"https:\/\/agendadelsur.com\/index.php\/wp-json\/wp\/v2\/types\/post"}],"author":[{"embeddable":true,"href":"https:\/\/agendadelsur.com\/index.php\/wp-json\/wp\/v2\/users\/2"}],"replies":[{"embeddable":true,"href":"https:\/\/agendadelsur.com\/index.php\/wp-json\/wp\/v2\/comments?post=22982"}],"version-history":[{"count":2,"href":"https:\/\/agendadelsur.com\/index.php\/wp-json\/wp\/v2\/posts\/22982\/revisions"}],"predecessor-version":[{"id":22989,"href":"https:\/\/agendadelsur.com\/index.php\/wp-json\/wp\/v2\/posts\/22982\/revisions\/22989"}],"wp:featuredmedia":[{"embeddable":true,"href":"https:\/\/agendadelsur.com\/index.php\/wp-json\/wp\/v2\/media\/22988"}],"wp:attachment":[{"href":"https:\/\/agendadelsur.com\/index.php\/wp-json\/wp\/v2\/media?parent=22982"}],"wp:term":[{"taxonomy":"category","embeddable":true,"href":"https:\/\/agendadelsur.com\/index.php\/wp-json\/wp\/v2\/categories?post=22982"},{"taxonomy":"post_tag","embeddable":true,"href":"https:\/\/agendadelsur.com\/index.php\/wp-json\/wp\/v2\/tags?post=22982"}],"curies":[{"name":"wp","href":"https:\/\/api.w.org\/{rel}","templated":true}]}}