{"id":23015,"date":"2022-07-26T14:08:10","date_gmt":"2022-07-26T17:08:10","guid":{"rendered":"https:\/\/agendadelsur.com\/?p=23015"},"modified":"2022-07-26T14:08:11","modified_gmt":"2022-07-26T17:08:11","slug":"se-inaugura-el-hotel-6-del-complejo-turistico-de-chapadmalal","status":"publish","type":"post","link":"https:\/\/agendadelsur.com\/index.php\/2022\/07\/26\/se-inaugura-el-hotel-6-del-complejo-turistico-de-chapadmalal\/","title":{"rendered":"Se inaugura el Hotel 6 del Complejo Tur\u00edstico de Chapadmalal"},"content":{"rendered":"\n<h5 class=\"has-text-color wp-block-heading\" style=\"color:#fb0408\">El Hotel 6 de la Unidad Tur\u00edstica de Chapadmalal permaneci\u00f3 cerrado durante 15 a\u00f1os &nbsp;y este martes fue inaugurado por el Presidente Alberto Fern\u00e1ndez. El Video.<\/h5>\n\n\n\n<figure class=\"wp-block-embed aligncenter is-type-video is-provider-youtube wp-block-embed-youtube wp-embed-aspect-16-9 wp-has-aspect-ratio\"><div class=\"wp-block-embed__wrapper\">\n<div class=\"epyt-video-wrapper\"><iframe loading=\"lazy\"  id=\"_ytid_90684\"  width=\"640\" height=\"360\"  data-origwidth=\"640\" data-origheight=\"360\" src=\"https:\/\/www.youtube.com\/embed\/Zwo2L3ZqRq8?enablejsapi=1&#038;autoplay=0&#038;cc_load_policy=0&#038;cc_lang_pref=&#038;iv_load_policy=1&#038;loop=0&#038;rel=1&#038;fs=1&#038;playsinline=0&#038;autohide=2&#038;theme=dark&#038;color=red&#038;controls=1&#038;disablekb=0&#038;\" class=\"__youtube_prefs__  epyt-is-override  no-lazyload\" title=\"YouTube player\"  allow=\"fullscreen; accelerometer; autoplay; clipboard-write; encrypted-media; gyroscope; picture-in-picture; web-share\" referrerpolicy=\"strict-origin-when-cross-origin\" allowfullscreen data-no-lazy=\"1\" data-skipgform_ajax_framebjll=\"\"><\/iframe><\/div>\n<\/div><\/figure>\n\n\n\n<p class=\"wp-block-paragraph\">La Unidad Tur\u00edstica Chapadmalal es un complejo de nueve hoteles, emplazado a 35 kil\u00f3metros de Mar del Plata, ciudad del municipio bonaerense de General Pueyrred\u00f3n.<\/p>\n\n\n\n<p class=\"wp-block-paragraph\">Su construcci\u00f3n comenz\u00f3 en 1945 durante la primera presidencia de Juan Domingo Per\u00f3n y fue impulsada por la Fundaci\u00f3n Eva Per\u00f3n con el objetivo de desarrollar el turismo social en el pa\u00eds.<\/p>\n\n\n\n<p class=\"wp-block-paragraph\">Durante su discurso, el Presidente asegur\u00f3 que Eva Per\u00f3n, de cuya muerte se cumplen este martes 70 a\u00f1os, \u201csiempre se preocup\u00f3 para que todos los argentinos tengan vacaciones\u201d, y afirm\u00f3 que la reinauguraci\u00f3n del hotel \u201ces el mejor homenaje que se le puede hacer\u201d.<\/p>\n\n\n\n<p class=\"wp-block-paragraph\">El presidente Alberto Fern\u00e1ndez tambi\u00e9n asegur\u00f3 que en el verano de 2023 \u201clos nueve hoteles de Chapadmalal estar\u00e1n abiertos para el beneficio de todos los argentinos\u201d, y se\u00f1al\u00f3 que durante el gobierno de Cambiemos hubo una baja del 72 por ciento en el presupuesto del turismo social.<\/p>\n\n\n\n<p class=\"wp-block-paragraph\">Fuente: T\u00e9lam<\/p>\n\n\n\n<div class=\"wp-block-image\"><figure class=\"aligncenter size-full\"><img loading=\"lazy\" decoding=\"async\" width=\"300\" height=\"250\" src=\"https:\/\/agendadelsur.com\/wp-content\/uploads\/2022\/07\/VITALAB-AAABBB-68.jpg\" alt=\"\" class=\"wp-image-23017\"\/><\/figure><\/div>\n\n\n\n<div class=\"wp-block-image\"><figure class=\"aligncenter size-full\"><img loading=\"lazy\" decoding=\"async\" width=\"300\" height=\"250\" src=\"https:\/\/agendadelsur.com\/wp-content\/uploads\/2022\/07\/MILLANEL-INT.-1-57.jpg\" alt=\"\" class=\"wp-image-23018\"\/><\/figure><\/div>\n","protected":false},"excerpt":{"rendered":"<p>El Hotel 6 de la Unidad Tur\u00edstica de Chapadmalal permaneci\u00f3 cerrado durante 15 a\u00f1os &nbsp;y este martes fue inaugurado por el Presidente Alberto Fern\u00e1ndez. El Video. La Unidad Tur\u00edstica Chapadmalal es un complejo de nueve hoteles, emplazado a 35 kil\u00f3metros de Mar del Plata, ciudad del municipio bonaerense de General Pueyrred\u00f3n. Su construcci\u00f3n comenz\u00f3 en [&hellip;]<\/p>\n","protected":false},"author":2,"featured_media":23016,"comment_status":"closed","ping_status":"open","sticky":false,"template":"","format":"standard","meta":{"_jetpack_newsletter_access":"","_jetpack_dont_email_post_to_subs":false,"_jetpack_newsletter_tier_id":0,"_jetpack_memberships_contains_paywalled_content":false,"_jetpack_feature_clip_id":0,"_jetpack_memberships_contains_paid_content":false,"footnotes":"","jetpack_post_was_ever_published":false},"categories":[9,1419],"tags":[6851,6850],"class_list":["post-23015","post","type-post","status-publish","format-standard","has-post-thumbnail","hentry","category-noticias-nacionales","category-provincia-de-buenos-aires","tag-complejo-turistico-de-chapadmalal","tag-inauguracion-del-hotel-de-chapadmalal"],"jetpack_sharing_enabled":true,"jetpack_featured_media_url":"https:\/\/agendadelsur.com\/wp-content\/uploads\/2022\/07\/FHH-IyAWQAcLgVC.jpg","_links":{"self":[{"href":"https:\/\/agendadelsur.com\/index.php\/wp-json\/wp\/v2\/posts\/23015","targetHints":{"allow":["GET"]}}],"collection":[{"href":"https:\/\/agendadelsur.com\/index.php\/wp-json\/wp\/v2\/posts"}],"about":[{"href":"https:\/\/agendadelsur.com\/index.php\/wp-json\/wp\/v2\/types\/post"}],"author":[{"embeddable":true,"href":"https:\/\/agendadelsur.com\/index.php\/wp-json\/wp\/v2\/users\/2"}],"replies":[{"embeddable":true,"href":"https:\/\/agendadelsur.com\/index.php\/wp-json\/wp\/v2\/comments?post=23015"}],"version-history":[{"count":1,"href":"https:\/\/agendadelsur.com\/index.php\/wp-json\/wp\/v2\/posts\/23015\/revisions"}],"predecessor-version":[{"id":23019,"href":"https:\/\/agendadelsur.com\/index.php\/wp-json\/wp\/v2\/posts\/23015\/revisions\/23019"}],"wp:featuredmedia":[{"embeddable":true,"href":"https:\/\/agendadelsur.com\/index.php\/wp-json\/wp\/v2\/media\/23016"}],"wp:attachment":[{"href":"https:\/\/agendadelsur.com\/index.php\/wp-json\/wp\/v2\/media?parent=23015"}],"wp:term":[{"taxonomy":"category","embeddable":true,"href":"https:\/\/agendadelsur.com\/index.php\/wp-json\/wp\/v2\/categories?post=23015"},{"taxonomy":"post_tag","embeddable":true,"href":"https:\/\/agendadelsur.com\/index.php\/wp-json\/wp\/v2\/tags?post=23015"}],"curies":[{"name":"wp","href":"https:\/\/api.w.org\/{rel}","templated":true}]}}