{"id":23028,"date":"2022-07-26T18:02:46","date_gmt":"2022-07-26T21:02:46","guid":{"rendered":"https:\/\/agendadelsur.com\/?p=23028"},"modified":"2022-07-26T18:02:47","modified_gmt":"2022-07-26T21:02:47","slug":"evita-inmortal","status":"publish","type":"post","link":"https:\/\/agendadelsur.com\/index.php\/2022\/07\/26\/evita-inmortal\/","title":{"rendered":"Evita Inmortal"},"content":{"rendered":"\n<h5 class=\"has-text-color wp-block-heading\" style=\"color:#f1070b\">Con actos y actividades en todo el pa\u00eds, el peronismo rinde homenaje a Eva Per\u00f3n en el 70 aniversario de su muerte.\u00a0\u00a0\u00a0\u00a0\u00a0\u00a0\u00a0\u00a0\u00a0\u00a0\u00a0\u00a0\u00a0\u00a0 <\/h5>\n\n\n\n<div class=\"wp-block-image\"><figure class=\"aligncenter size-full is-resized\"><img loading=\"lazy\" decoding=\"async\" src=\"https:\/\/agendadelsur.com\/wp-content\/uploads\/2022\/07\/descarga-9.jpg\" alt=\"\" class=\"wp-image-23031\" width=\"456\" height=\"346\"\/><\/figure><\/div>\n\n\n\n<p class=\"wp-block-paragraph\">El 26 de julio de 1952, a las 20.25 horas, Mar\u00eda Eva Duarte, la mujer amada por el pueblo y que la llamaba simplemente Evita- dejaba este mundo. Un largo y extenso velatorio se desarroll\u00f3 durante las semanas siguientes. Filas de hombres y mujeres que parec\u00edan no tener fin se agolpaban en la Confederaci\u00f3n General del Trabajo.<\/p>\n\n\n\n<p class=\"wp-block-paragraph\">A 70 a\u00f1os del paso a la inmortalidad de una de las figuras m\u00e1s importantes de la historia universal, es complejo definir con palabras el sentimiento que genera esta mujer.<\/p>\n\n\n\n<p class=\"wp-block-paragraph\">&#8220;Donde existe una necesidad, nace un Derecho&#8221;, Evita.<\/p>\n\n\n\n<div class=\"wp-block-image\"><figure class=\"aligncenter size-full\"><img loading=\"lazy\" decoding=\"async\" width=\"300\" height=\"250\" src=\"https:\/\/agendadelsur.com\/wp-content\/uploads\/2022\/07\/VITALAB-AAABBB-69.jpg\" alt=\"\" class=\"wp-image-23029\"\/><\/figure><\/div>\n\n\n\n<div class=\"wp-block-image\"><figure class=\"aligncenter size-full\"><img loading=\"lazy\" decoding=\"async\" width=\"300\" height=\"250\" src=\"https:\/\/agendadelsur.com\/wp-content\/uploads\/2022\/07\/MILLANEL-INT.-1-58.jpg\" alt=\"\" class=\"wp-image-23030\"\/><\/figure><\/div>\n","protected":false},"excerpt":{"rendered":"<p>Con actos y actividades en todo el pa\u00eds, el peronismo rinde homenaje a Eva Per\u00f3n en el 70 aniversario de su muerte.\u00a0\u00a0\u00a0\u00a0\u00a0\u00a0\u00a0\u00a0\u00a0\u00a0\u00a0\u00a0\u00a0\u00a0 El 26 de julio de 1952, a las 20.25 horas, Mar\u00eda Eva Duarte, la mujer amada por el pueblo y que la llamaba simplemente Evita- dejaba este mundo. Un largo y extenso velatorio [&hellip;]<\/p>\n","protected":false},"author":2,"featured_media":23032,"comment_status":"closed","ping_status":"open","sticky":false,"template":"","format":"standard","meta":{"_jetpack_newsletter_access":"","_jetpack_dont_email_post_to_subs":false,"_jetpack_newsletter_tier_id":0,"_jetpack_memberships_contains_paywalled_content":false,"_jetpack_feature_clip_id":0,"_jetpack_memberships_contains_paid_content":false,"footnotes":"","jetpack_post_was_ever_published":false},"categories":[9],"tags":[4070,62],"class_list":["post-23028","post","type-post","status-publish","format-standard","has-post-thumbnail","hentry","category-noticias-nacionales","tag-eva-peron","tag-evita"],"jetpack_sharing_enabled":true,"jetpack_featured_media_url":"https:\/\/agendadelsur.com\/wp-content\/uploads\/2022\/07\/evita-1.jpg","_links":{"self":[{"href":"https:\/\/agendadelsur.com\/index.php\/wp-json\/wp\/v2\/posts\/23028","targetHints":{"allow":["GET"]}}],"collection":[{"href":"https:\/\/agendadelsur.com\/index.php\/wp-json\/wp\/v2\/posts"}],"about":[{"href":"https:\/\/agendadelsur.com\/index.php\/wp-json\/wp\/v2\/types\/post"}],"author":[{"embeddable":true,"href":"https:\/\/agendadelsur.com\/index.php\/wp-json\/wp\/v2\/users\/2"}],"replies":[{"embeddable":true,"href":"https:\/\/agendadelsur.com\/index.php\/wp-json\/wp\/v2\/comments?post=23028"}],"version-history":[{"count":1,"href":"https:\/\/agendadelsur.com\/index.php\/wp-json\/wp\/v2\/posts\/23028\/revisions"}],"predecessor-version":[{"id":23033,"href":"https:\/\/agendadelsur.com\/index.php\/wp-json\/wp\/v2\/posts\/23028\/revisions\/23033"}],"wp:featuredmedia":[{"embeddable":true,"href":"https:\/\/agendadelsur.com\/index.php\/wp-json\/wp\/v2\/media\/23032"}],"wp:attachment":[{"href":"https:\/\/agendadelsur.com\/index.php\/wp-json\/wp\/v2\/media?parent=23028"}],"wp:term":[{"taxonomy":"category","embeddable":true,"href":"https:\/\/agendadelsur.com\/index.php\/wp-json\/wp\/v2\/categories?post=23028"},{"taxonomy":"post_tag","embeddable":true,"href":"https:\/\/agendadelsur.com\/index.php\/wp-json\/wp\/v2\/tags?post=23028"}],"curies":[{"name":"wp","href":"https:\/\/api.w.org\/{rel}","templated":true}]}}