{"id":23091,"date":"2022-07-27T21:06:07","date_gmt":"2022-07-28T00:06:07","guid":{"rendered":"https:\/\/agendadelsur.com\/?p=23091"},"modified":"2022-07-28T01:09:42","modified_gmt":"2022-07-28T04:09:42","slug":"encuentro-de-guayaquil","status":"publish","type":"post","link":"https:\/\/agendadelsur.com\/index.php\/2022\/07\/27\/encuentro-de-guayaquil\/","title":{"rendered":"&#8220;Encuentro de Guayaquil&#8221;"},"content":{"rendered":"\n<h5 class=\"has-text-color wp-block-heading\" style=\"color:#ef090d\">Se cumplen 200 a\u00f1os del encuentro entre los generales Jos\u00e9 de San Mart\u00edn y Sim\u00f3n Bol\u00edvar que marc\u00f3 el rumbo de la Independencia Latinoamericana. La reuni\u00f3n se realiz\u00f3 entre los d\u00edas 26 y 27 de julio de 1822.<\/h5>\n\n\n\n<div class=\"wp-block-image\"><figure class=\"aligncenter size-full\"><img loading=\"lazy\" decoding=\"async\" width=\"533\" height=\"510\" src=\"https:\/\/agendadelsur.com\/wp-content\/uploads\/2022\/07\/entrevistaII.jpg\" alt=\"\" class=\"wp-image-23092\" srcset=\"https:\/\/agendadelsur.com\/wp-content\/uploads\/2022\/07\/entrevistaII.jpg 533w, https:\/\/agendadelsur.com\/wp-content\/uploads\/2022\/07\/entrevistaII-300x287.jpg 300w\" sizes=\"auto, (max-width: 533px) 100vw, 533px\" \/><figcaption><em>&#8220;Entrevista de Guayaquil&#8221;. Dibujo de Joseph Collington. Grabado de Gustave Levy &#8211; Museo Hist\u00f3rico Nacional<\/em><\/figcaption><\/figure><\/div>\n\n\n\n<p class=\"wp-block-paragraph\">El 20 de agosto de 1820, Jos\u00e9 de San Mart\u00edn se embarc\u00f3 en Valpara\u00edso al mando de 4.430 soldados, con 35 piezas de artiller\u00eda y armamento y vestuario para equipar a 15.000 hombres, en una expedici\u00f3n bajo bandera de Chile. El virrey Pezuela en Lima dispon\u00eda de 25.000 hombres pero desparramados en todo el territorio. El 7 de septiembre de 1820, San Mart\u00edn desembarc\u00f3 en Paracai, a 250 kil\u00f3metros al sur de Lima. El ej\u00e9rcito ocup\u00f3 Pisco e Ica, venci\u00f3 en los combates de Acar\u00ed y Nazca y todas las poblaciones del sur del Per\u00fa se declararon por la independencia. El 5 de octubre de 1820, el virrey Pezuela propuso a San Mart\u00edn una reuni\u00f3n en Miraflores, cerca de Lima, para negociar el cese de hostilidades, pero el intento fracas\u00f3. Un a\u00f1o despu\u00e9s, el 21 de julio de 1821, San Mart\u00edn entr\u00f3 triunfante en Lima y el 28 de ese mes, en un cabildo abierto, se declar\u00f3 la independencia del Per\u00fa. El 3 de agosto se hizo cargo del gobierno con el t\u00edtulo de Protector del Per\u00fa.<\/p>\n\n\n\n<p class=\"wp-block-paragraph\">San Mart\u00edn hab\u00eda concebido su expedici\u00f3n como un movimiento de pinzas. Se hab\u00eda cumplido por v\u00eda mar\u00edtima pero quedaba pendiente la terrestre. Las tropas del ej\u00e9rcito auxiliar estaban, solo faltaban las armas y el dinero para solventarlas. Buenos Aires ten\u00eda esos recursos pero se los neg\u00f3. San Mart\u00edn estaba convencido que sin ese apoyo no podr\u00eda terminar la guerra y por esta raz\u00f3n acudi\u00f3 a Sim\u00f3n Bol\u00edvar con quien se reuni\u00f3 en la c\u00e9lebre Entrevista de Guayaquil, el 26 de julio de 1822. As\u00ed lo reconoci\u00f3 a\u00f1os despu\u00e9s el propio San Mart\u00edn en una carta dirigida al general Ram\u00f3n Castilla, presidente del Per\u00fa: \u201cHe aqu\u00ed, mi querido general, un corto an\u00e1lisis de mi vida p\u00fablica seguida en Am\u00e9rica: yo hubiera tenido la m\u00e1s completa satisfacci\u00f3n habi\u00e9ndola puesto fin con la terminaci\u00f3n de la guerra de la Independencia en el Per\u00fa, pero mi entrevista en Guayaquil con el general Bol\u00edvar me convenci\u00f3 (no obstante sus protestas) que el solo obst\u00e1culo de su venida al Per\u00fa con el ej\u00e9rcito de su mando, no era otro que la presencia del general San Mart\u00edn, a pesar de la sinceridad con que le ofrec\u00ed ponerme bajo sus \u00f3rdenes con todas las fuerzas de que yo dispon\u00eda\u201d (Carta del general Jos\u00e9 de San Mart\u00edn al general Ram\u00f3n Castilla, presidente del Per\u00fa, Boulogne Sur Mer, 11-9-1848).<\/p>\n\n\n\n<p class=\"wp-block-paragraph\"><strong>El encuentro entre San Mart\u00edn y Bol\u00edvar en Guayaquil<\/strong><\/p>\n\n\n\n<figure class=\"wp-block-embed is-type-video is-provider-youtube wp-block-embed-youtube wp-embed-aspect-16-9 wp-has-aspect-ratio\"><div class=\"wp-block-embed__wrapper\">\n<div class=\"epyt-video-wrapper\"><iframe loading=\"lazy\"  id=\"_ytid_83208\"  width=\"640\" height=\"360\"  data-origwidth=\"640\" data-origheight=\"360\" src=\"https:\/\/www.youtube.com\/embed\/u1EwiETRQIA?enablejsapi=1&#038;autoplay=0&#038;cc_load_policy=0&#038;cc_lang_pref=&#038;iv_load_policy=1&#038;loop=0&#038;rel=1&#038;fs=1&#038;playsinline=0&#038;autohide=2&#038;theme=dark&#038;color=red&#038;controls=1&#038;disablekb=0&#038;\" class=\"__youtube_prefs__  epyt-is-override  no-lazyload\" title=\"YouTube player\"  allow=\"fullscreen; accelerometer; autoplay; clipboard-write; encrypted-media; gyroscope; picture-in-picture; web-share\" referrerpolicy=\"strict-origin-when-cross-origin\" allowfullscreen data-no-lazy=\"1\" data-skipgform_ajax_framebjll=\"\"><\/iframe><\/div>\n<\/div><\/figure>\n\n\n\n<p class=\"wp-block-paragraph\">Tambi\u00e9n le hizo saber sus apreciaciones al mismo Bol\u00edvar, el 29 de agosto de 1822 en una carta que fue publicada en 1843 por Gabriel Lafond de Lurcy en su obra \u201cViajes alrededor del mundo y naufragios famosos\u201d donde expres\u00f3: \u201cLos resultados de nuestra entrevista no han sido los que me promet\u00eda para la pronta terminaci\u00f3n de la guerra. Desgraciadamente, yo estoy \u00edntimamente convencido, o que no ha cre\u00eddo sincero mi ofrecimiento de servir bajo sus \u00f3rdenes con las fuerzas de mi mando, o que mi persona le es embarazosa. Las razones que usted me expuso, de que su delicadez no le permitir\u00eda jam\u00e1s mandarme, y que, a\u00fan en el caso de que esta dificultad pudiese ser vencida, estaba seguro que el Congreso de Colombia no consentir\u00eda su separaci\u00f3n de la Rep\u00fablica, perm\u00edtame general, le diga no me han parecido plausibles&#8221;. M\u00e1s adelante agreg\u00f3: &#8220;Para m\u00ed hubiese sido el colmo de la felicidad terminar la guerra de la independencia bajo las \u00f3rdenes de un general a quien la Am\u00e9rica debe su libertad. El destino lo dispone de otro modo, y es preciso conformarse&#8221;. Esta obra tuvo tanta repercusi\u00f3n que fue reeditada en 1870, y en unos de sus tomos aparece un grabado dibujado por Joseph Collington e impreso por Gustave Levy titulado &#8220;Entrevista de Guayaquil&#8221; que se conserva en el Museo Hist\u00f3rico Nacional.<\/p>\n\n\n\n<p class=\"wp-block-paragraph\">Tras la Entrevista de Guayaquil San Mart\u00edn resolvi\u00f3 no s\u00f3lo renunciar a su mando pol\u00edtico de Protector del Per\u00fa, decisi\u00f3n que ya hab\u00eda adoptado con anterioridad, sino tambi\u00e9n a su mando militar. El ej\u00e9rcito comandado por Rudecindo Alvarado no reaccion\u00f3 para defender a Monteagudo de la revoluci\u00f3n de Riva Ag\u00fcero. San Mart\u00edn comprendi\u00f3 su impopularidad en el Per\u00fa y tras someter a Riva Ag\u00fcero, el 20 de septiembre de 1822 convoc\u00f3 a un Congreso Constituyente y present\u00f3 su renuncia que fue aceptada aunque se le ofreci\u00f3 el mando superior de los ej\u00e9rcitos de la nueva rep\u00fablica. San Mart\u00edn resign\u00f3 el cargo, y esa misma noche abandon\u00f3 Lima.<\/p>\n\n\n\n<p class=\"wp-block-paragraph\"><strong>El encuentro en la pantalla grande<\/strong><\/p>\n\n\n\n<p class=\"wp-block-paragraph\">En 2016 se estren\u00f3 la pel\u00edcula El Encuentro de Guayaquil, con guion de Pacho O&#8217;Donnell y la actuaci\u00f3n de Pablo Echarri, Anderson Ballesteros, Eva De Dominici, Arturo Bon\u00edn y Juan Palomino, entre otros. Respecto a la experiencia de realizar este largometraje, su director Nicol\u00e1s Capelli se\u00f1al\u00f3: &#8220;Para m\u00ed poder dirigir una historia de la que no hab\u00eda informaci\u00f3n fue un doble desaf\u00edo. En primer lugar porque nos oblig\u00f3 a trabajar sobre documentos hist\u00f3ricos e investigaciones realizadas en todo el mundo para poder dejar constancia de la \u00e9pica de \u00e9stos dos extraordinarios hombres. Y despu\u00e9s, tener que hacerlo dirigiendo a un elenco de rodaje internacional comprometido en el desarrollo de lo que cont\u00e1bamos&#8221;.<\/p>\n\n\n\n<p class=\"wp-block-paragraph\">Con relaci\u00f3n a la composici\u00f3n de los personajes, el director reconoci\u00f3: &#8220;Trabajamos con mucho compromiso y ensayo, entrevistando a historiadores, con debates, tomando decisiones pol\u00e9micas (desde la sexualidad hasta el lenguaje), para mostrar una historia que pueda llegar a todos y todas&#8221;. En cuanto al guion, Capelli dijo que &#8220;siempre trabajar con un texto como los que hace el Dr. O&#8217;Donnell representa un doble compromiso. M\u00e1s a\u00fan viniendo de una obra que hab\u00eda sido tan exitosa en el teatro. Pero con el desaf\u00edo de llevar un texto pensado para dos personajes a un elenco coral&#8221;.<\/p>\n\n\n\n<p class=\"wp-block-paragraph\">Sobre al tiempo particular en el que apareci\u00f3 en cartelera, Capelli afirm\u00f3: &#8220;La pel\u00edcula se estren\u00f3 como parte de los festejos oficiales del Bicentenario de la Independencia, celebrando la lucha de estos hombres en medio de un discurso que le ped\u00eda disculpas al Rey de Espa\u00f1a. Y despu\u00e9s de un impulso de gobiernos populares, ve\u00edamos como las elecciones en Am\u00e9rica nos auguraban un resurgir conservador que se volv\u00eda amenazante. En ese momento la pel\u00edcula se vivi\u00f3 como una peque\u00f1a resistencia cultural en las salas donde se proyectaba&#8221;. Para concluir del siguiente modo: &#8220;Hoy, con mejores condiciones pol\u00edticas y una proyecci\u00f3n del Mercosur m\u00e1s alentadora, queda de manifiesto que doscientos a\u00f1os despu\u00e9s los enemigos de la Patria Grande son los mismos, adentro y afuera&#8221;.<\/p>\n\n\n\n<figure class=\"wp-block-embed aligncenter is-type-video is-provider-youtube wp-block-embed-youtube wp-embed-aspect-16-9 wp-has-aspect-ratio\"><div class=\"wp-block-embed__wrapper\">\n<div class=\"epyt-video-wrapper\"><iframe loading=\"lazy\"  id=\"_ytid_17330\"  width=\"640\" height=\"360\"  data-origwidth=\"640\" data-origheight=\"360\" src=\"https:\/\/www.youtube.com\/embed\/j9k8DkYnurI?enablejsapi=1&#038;autoplay=0&#038;cc_load_policy=0&#038;cc_lang_pref=&#038;iv_load_policy=1&#038;loop=0&#038;rel=1&#038;fs=1&#038;playsinline=0&#038;autohide=2&#038;theme=dark&#038;color=red&#038;controls=1&#038;disablekb=0&#038;\" class=\"__youtube_prefs__  epyt-is-override  no-lazyload\" title=\"YouTube player\"  allow=\"fullscreen; accelerometer; autoplay; clipboard-write; encrypted-media; gyroscope; picture-in-picture; web-share\" referrerpolicy=\"strict-origin-when-cross-origin\" allowfullscreen data-no-lazy=\"1\" data-skipgform_ajax_framebjll=\"\"><\/iframe><\/div>\n<\/div><figcaption><em>Trailer &#8220;El Encuentro de Guayaquil&#8221; basada en la obra de Pacho O&#8217;Donnell. Dirigida por Nicol\u00e1s Capelli.<\/em> <\/figcaption><\/figure>\n\n\n\n<p class=\"wp-block-paragraph\">Fuentes: Biblioteca de Mayo. Colecci\u00f3n de Obras y Documentos para la Historia Argentina. Tomo III. Autobiograf\u00edas. Senado de la Naci\u00f3n; Roberto L. Elissalde, Gaceta Mercantil; Museo Hist\u00f3rico Nacional.<\/p>\n\n\n\n<p class=\"wp-block-paragraph\">Fuente: Ministerio de Cultura de La Naci\u00f3n<\/p>\n\n\n\n<figure class=\"wp-block-image size-full\"><img loading=\"lazy\" decoding=\"async\" width=\"300\" height=\"250\" src=\"https:\/\/agendadelsur.com\/wp-content\/uploads\/2022\/07\/agenda-del-sur-41.png\" alt=\"\" class=\"wp-image-23094\"\/><\/figure>\n\n\n","protected":false},"excerpt":{"rendered":"<p>Se cumplen 200 a\u00f1os del encuentro entre los generales Jos\u00e9 de San Mart\u00edn y Sim\u00f3n Bol\u00edvar que marc\u00f3 el rumbo de la Independencia Latinoamericana. La reuni\u00f3n se realiz\u00f3 entre los d\u00edas 26 y 27 de julio de 1822. El 20 de agosto de 1820, Jos\u00e9 de San Mart\u00edn se embarc\u00f3 en Valpara\u00edso al mando de [&hellip;]<\/p>\n","protected":false},"author":2,"featured_media":23108,"comment_status":"closed","ping_status":"open","sticky":false,"template":"","format":"standard","meta":{"_jetpack_newsletter_access":"","_jetpack_dont_email_post_to_subs":false,"_jetpack_newsletter_tier_id":0,"_jetpack_memberships_contains_paywalled_content":false,"_jetpack_feature_clip_id":0,"_jetpack_memberships_contains_paid_content":false,"footnotes":"","jetpack_post_was_ever_published":false},"categories":[9],"tags":[6864,6865],"class_list":["post-23091","post","type-post","status-publish","format-standard","has-post-thumbnail","hentry","category-noticias-nacionales","tag-encuentro-de-guayaquil","tag-200-anos-del-encuentro-de-guayaquil"],"jetpack_sharing_enabled":true,"jetpack_featured_media_url":"https:\/\/agendadelsur.com\/wp-content\/uploads\/2022\/07\/1564143418384_0.jpg","_links":{"self":[{"href":"https:\/\/agendadelsur.com\/index.php\/wp-json\/wp\/v2\/posts\/23091","targetHints":{"allow":["GET"]}}],"collection":[{"href":"https:\/\/agendadelsur.com\/index.php\/wp-json\/wp\/v2\/posts"}],"about":[{"href":"https:\/\/agendadelsur.com\/index.php\/wp-json\/wp\/v2\/types\/post"}],"author":[{"embeddable":true,"href":"https:\/\/agendadelsur.com\/index.php\/wp-json\/wp\/v2\/users\/2"}],"replies":[{"embeddable":true,"href":"https:\/\/agendadelsur.com\/index.php\/wp-json\/wp\/v2\/comments?post=23091"}],"version-history":[{"count":3,"href":"https:\/\/agendadelsur.com\/index.php\/wp-json\/wp\/v2\/posts\/23091\/revisions"}],"predecessor-version":[{"id":23101,"href":"https:\/\/agendadelsur.com\/index.php\/wp-json\/wp\/v2\/posts\/23091\/revisions\/23101"}],"wp:featuredmedia":[{"embeddable":true,"href":"https:\/\/agendadelsur.com\/index.php\/wp-json\/wp\/v2\/media\/23108"}],"wp:attachment":[{"href":"https:\/\/agendadelsur.com\/index.php\/wp-json\/wp\/v2\/media?parent=23091"}],"wp:term":[{"taxonomy":"category","embeddable":true,"href":"https:\/\/agendadelsur.com\/index.php\/wp-json\/wp\/v2\/categories?post=23091"},{"taxonomy":"post_tag","embeddable":true,"href":"https:\/\/agendadelsur.com\/index.php\/wp-json\/wp\/v2\/tags?post=23091"}],"curies":[{"name":"wp","href":"https:\/\/api.w.org\/{rel}","templated":true}]}}