{"id":23113,"date":"2022-07-28T01:33:14","date_gmt":"2022-07-28T04:33:14","guid":{"rendered":"https:\/\/agendadelsur.com\/?p=23113"},"modified":"2022-07-28T01:33:15","modified_gmt":"2022-07-28T04:33:15","slug":"el-ministerio-de-ciencia-invertira-9-900-millones-a-traves-del-construir-ciencia","status":"publish","type":"post","link":"https:\/\/agendadelsur.com\/index.php\/2022\/07\/28\/el-ministerio-de-ciencia-invertira-9-900-millones-a-traves-del-construir-ciencia\/","title":{"rendered":"El Ministerio de Ciencia invertir\u00e1 $9.900 millones a trav\u00e9s del \u201cConstruir Ciencia\u201d"},"content":{"rendered":"\n<h5 class=\"has-text-color wp-block-heading\" style=\"color:#fb060a\"><strong><em>El Programa Federal \u201cConstruir Ciencia\u201d tiene como objetivo contribuir al fortalecimiento de las capacidades de investigaci\u00f3n cient\u00edfica y desarrollo e innovaci\u00f3n tecnol\u00f3gica de las instituciones del Sistema Nacional de Ciencia, a trav\u00e9s de la creaci\u00f3n o adecuaci\u00f3n de sus infraestructuras para reducir asimetr\u00edas existentes entre jurisdicciones y regiones del pa\u00eds.<\/em><\/strong><\/h5>\n\n\n\n<div class=\"wp-block-image\"><figure class=\"aligncenter size-full is-resized\"><img loading=\"lazy\" decoding=\"async\" src=\"https:\/\/agendadelsur.com\/wp-content\/uploads\/2022\/07\/construir_2.jpeg\" alt=\"\" class=\"wp-image-23114\" width=\"518\" height=\"355\" srcset=\"https:\/\/agendadelsur.com\/wp-content\/uploads\/2022\/07\/construir_2.jpeg 700w, https:\/\/agendadelsur.com\/wp-content\/uploads\/2022\/07\/construir_2-300x206.jpeg 300w\" sizes=\"auto, (max-width: 518px) 100vw, 518px\" \/><\/figure><\/div>\n\n\n\n<p class=\"wp-block-paragraph\"><strong>Las obras a financiar son las siguientes:<\/strong><\/p>\n\n\n\n<p class=\"wp-block-paragraph\">CITES Centro de Investigaci\u00f3n y Extensi\u00f3n Forestal Andino Patag\u00f3nico (CIEFAP). Monto: $226.000.000. Provincias: Chubut, Tierra del Fuego e Islas del Atl\u00e1ntico Sur.<\/p>\n\n\n\n<p class=\"wp-block-paragraph\">CITES Golfo San Jorge. Monto: $438.000.000. Provincia: Chubut.<\/p>\n\n\n\n<p class=\"wp-block-paragraph\">Centro Interinstitucional en Temas Estrat\u00e9gicos Atl\u00e1ntico Sur (CITEAS). Monto: $666.000.000. Provincia: Tierra del Fuego e Islas del Atl\u00e1ntico Sur.<\/p>\n\n\n\n<p class=\"wp-block-paragraph\">Centro de Investigaci\u00f3n, Desarrollo e Innovaci\u00f3n en Salud (CIDIS). Monto: $438.000.000. Provincia: Entre R\u00edos.<\/p>\n\n\n\n<p class=\"wp-block-paragraph\">Planetario de la ciudad de Paran\u00e1. Monto: $454.000.000. Provincia: Entre R\u00edos.<\/p>\n\n\n\n<p class=\"wp-block-paragraph\">Centro Interinstitucional Regional Biorrefiner\u00edas del Norte argentino (BIONA). Monto: $438.000.000. Provincia: Misiones.<\/p>\n\n\n\n<p class=\"wp-block-paragraph\">Manzana Tecnol\u00f3gica. Monto: $125.000.000. Provincia: Misiones.<\/p>\n\n\n\n<p class=\"wp-block-paragraph\">Centro Interinstitucional para el Desarrollo Regional de la Econom\u00eda Popular, Social y Solidaria. Monto: $257.000.000. Provincia: Buenos Aires.<\/p>\n\n\n\n<p class=\"wp-block-paragraph\">Centro Interinstitucional de Investigaciones Marinas (CIIMAR). Monto: $1.000.000.000. Provincia: Buenos Aires.<\/p>\n\n\n\n<p class=\"wp-block-paragraph\">Edificio i+d+i Biotecnologia (UNAHUR). Monto: $133.000.000. Provincia: Buenos Aires.<\/p>\n\n\n\n<p class=\"wp-block-paragraph\">Centro de Innovaci\u00f3n en Ciencia de Datos (CINNODAT). Monto: $552.000.000. Provincia: Chaco.<\/p>\n\n\n\n<p class=\"wp-block-paragraph\">Salta Ventana al Universo. Monto: $165.000.000. Provincia: Salta.<\/p>\n\n\n\n<p class=\"wp-block-paragraph\">Centro Interinstitucional de Investigaci\u00f3n y Desarrollo de Productos y Procesos en Alimentos C\u00f3rdoba (CIIDPACOR). Monto: $438.000.000. Provincia: C\u00f3rdoba.<\/p>\n\n\n\n<p class=\"wp-block-paragraph\">Museo Tecnol\u00f3gico Interactivo de Ciencia, Ambiente y Sociedad (MUTEC). Monto: $626.000.000. Provincia: R\u00edo Negro.<\/p>\n\n\n\n<p class=\"wp-block-paragraph\">F\u00e1brica de Bioinsumos Formosa. Monto: $527.000.000. Provincia: Formosa.<\/p>\n\n\n\n<p class=\"wp-block-paragraph\">Universidad de Buenos Aires &#8211; Facultad de Filosof\u00eda y Letras. Monto: $54.000.000. Provincia: Ciudad Aut\u00f3noma de Buenos Aires.<\/p>\n\n\n\n<p class=\"wp-block-paragraph\">Parque Cient\u00edfico Tecnol\u00f3gico Santiago del Estero. Monto: $877.000.000. Provincia: Santiago del Estero.<\/p>\n\n\n\n<p class=\"wp-block-paragraph\">Polo Cient\u00edfico Tecnol\u00f3gico. Monto: $595.000.000. Provincia: La Rioja.<\/p>\n\n\n\n<p class=\"wp-block-paragraph\">Centro Integral para la Sustentabilidad Vinculada con las Tecnolog\u00edas 4.0 en la Vitivinicultura (CETCO). Monto: $ 438.000.000. Provincia: Mendoza.<\/p>\n\n\n\n<p class=\"wp-block-paragraph\">Cites INDyA. Monto: $400.000.000. Provincia: Jujuy.<\/p>\n\n\n\n<p class=\"wp-block-paragraph\">Centro de Investigaci\u00f3n Aplicada. Monto: $530.000.000. Provincia: Santa Fe.<\/p>\n\n\n\n<p class=\"wp-block-paragraph\">Incubadora de Proyectos y Empresas Biotecnol\u00f3gicas de Agrifood Tech. Monto: $551.000.000. Provincia: Santa Fe.<\/p>\n\n\n\n<p class=\"wp-block-paragraph\">Con la presencia del Presidente Alberto Fern\u00e1ndez, el Ministro de Ciencia, Daniel Filmus, y gobernadores de 16 provincias, el pasado viernes, se anunci\u00f3 la financiaci\u00f3n de 22 obras de infraestructura cient\u00edfica y tecnol\u00f3gica en todo el pa\u00eds. Se trata de la inversi\u00f3n en equipamiento cient\u00edfico m\u00e1s grande de la historia argentina.<\/p>\n\n\n\n<div class=\"wp-block-image\"><figure class=\"alignright size-full is-resized\"><img decoding=\"async\" src=\"https:\/\/agendadelsur.com\/wp-content\/uploads\/2022\/07\/dsc1802.jpg\" alt=\"\" class=\"wp-image-23115\" width=\"-288\" height=\"-288\" srcset=\"https:\/\/agendadelsur.com\/wp-content\/uploads\/2022\/07\/dsc1802.jpg 720w, https:\/\/agendadelsur.com\/wp-content\/uploads\/2022\/07\/dsc1802-300x300.jpg 300w, https:\/\/agendadelsur.com\/wp-content\/uploads\/2022\/07\/dsc1802-150x150.jpg 150w\" sizes=\"(max-width: 720px) 100vw, 720px\" \/><\/figure><\/div>\n\n\n\n<p class=\"wp-block-paragraph\">En su alocuci\u00f3n, el Ministro Filmus afirm\u00f3 que \u201ces un orgullo enorme presentar aqu\u00ed un proyecto que tiene que ver con la construcci\u00f3n del futuro del pa\u00eds, para que realmente tengamos una Argentina que resuelva los problemas de su gente, que cambie la matriz productiva, la matriz de exportaciones y que sea soberano\u201d. Adem\u00e1s, consider\u00f3 que \u201cno es com\u00fan que hoy hayamos concitado alrededor de la ciencia toda esta expectativa y toda esta participaci\u00f3n. Y esto es posible porque estamos frente a un Gobierno que ha decidido que el modelo de desarrollo tiene como caracter\u00edsticas y ejes para el crecimiento la capacidad, el talento y el trabajo de las y los argentinos; y que la investigaci\u00f3n, la ciencia y la tecnolog\u00eda tienen un papel fundamental\u201d.<\/p>\n\n\n\n<p class=\"wp-block-paragraph\">Al referirse a la necesidad de federalizar la ciencia y la tecnolog\u00eda, el titular de la cartera de Ciencia afirm\u00f3: \u201cEs en las provincias en donde nos hace falta que las y los investigadores tengan un destino, porque ah\u00ed nacieron y es su derecho\u201d. Y finaliz\u00f3: \u201cComienza a gestarse una pol\u00edtica de Estado a partir de la aprobaci\u00f3n de leyes que hablan de c\u00f3mo vamos a invertir los recursos. Este es un s\u00edmbolo del pa\u00eds que queremos\u201d.<\/p>\n\n\n\n<p class=\"wp-block-paragraph\">El Programa Federal \u201cConstruir Ciencia\u201d se complementa con el Programa Federal &#8220;Equipar Ciencia\u201d que destin\u00f3 una inversi\u00f3n de $7.800 millones para la adquisici\u00f3n de 167 equipos tecnol\u00f3gicos para 60 instituciones cient\u00edficas y tecnol\u00f3gicas nacionales situadas en las 24 jurisdicciones del pa\u00eds. Se trata de la inversi\u00f3n en equipamiento cient\u00edfico m\u00e1s grande de la historia argentina.<\/p>\n\n\n\n<p class=\"wp-block-paragraph\">Firmaron el acuerdo de manera presencial la gobernadora de Arabela Carreras (R\u00edo Negro) y los gobernadores Axel Kicillof ( Buenos Aires); Mariano Arcioni (Chubut); Gildo Insfran (Formosa); Sergio Ziliotto (La Pampa); Omar Perotti (Santa Fe); Gerardo Zamora (Santiago del Estero); y Gustavo Melella (Tierra del Fuego).<\/p>\n\n\n\n<p class=\"wp-block-paragraph\">Participaron tambi\u00e9n los vicegobernadores Carlos Haquim por Jujuy; y de Tucum\u00e1n, Sergio Mansilla. Por la Universidad de Buenos Aires asisti\u00f3 el decano de la Facultad de Filosof\u00eda y Letras, Am\u00e9rico Crist\u00f3falo.<\/p>\n\n\n\n<p class=\"wp-block-paragraph\">Adem\u00e1s, formaron parte del acto mediante videoconferencia los gobernadores Jorge Capitanich (Chaco); Oscar Herrera Ahuad (Misiones); Rodolfo Su\u00e1rez (Mendoza); Gustavo Bordet (Entre R\u00edos); y el vicegobernador de Salta, Antonio Marocco.<\/p>\n\n\n\n<p class=\"wp-block-paragraph\">Fuente: Ministerio de Ciencia y Tecnolog\u00eda<\/p>\n\n\n\n<div class=\"wp-block-image\"><figure class=\"aligncenter size-full\"><img loading=\"lazy\" decoding=\"async\" width=\"300\" height=\"300\" src=\"https:\/\/agendadelsur.com\/wp-content\/uploads\/2022\/07\/agenda-del-sur-45.png\" alt=\"\" class=\"wp-image-23118\" srcset=\"https:\/\/agendadelsur.com\/wp-content\/uploads\/2022\/07\/agenda-del-sur-45.png 300w, https:\/\/agendadelsur.com\/wp-content\/uploads\/2022\/07\/agenda-del-sur-45-150x150.png 150w\" sizes=\"auto, (max-width: 300px) 100vw, 300px\" \/><\/figure><\/div>\n\n\n\n<div class=\"wp-block-image\"><figure class=\"aligncenter size-full\"><img loading=\"lazy\" decoding=\"async\" width=\"300\" height=\"250\" src=\"https:\/\/agendadelsur.com\/wp-content\/uploads\/2022\/07\/VITALAB-AAABBB-73.jpg\" alt=\"\" class=\"wp-image-23117\"\/><\/figure><\/div>\n\n\n\n<p class=\"wp-block-paragraph\"><\/p>\n","protected":false},"excerpt":{"rendered":"<p>El Programa Federal \u201cConstruir Ciencia\u201d tiene como objetivo contribuir al fortalecimiento de las capacidades de investigaci\u00f3n cient\u00edfica y desarrollo e innovaci\u00f3n tecnol\u00f3gica de las instituciones del Sistema Nacional de Ciencia, a trav\u00e9s de la creaci\u00f3n o adecuaci\u00f3n de sus infraestructuras para reducir asimetr\u00edas existentes entre jurisdicciones y regiones del pa\u00eds. Las obras a financiar son [&hellip;]<\/p>\n","protected":false},"author":2,"featured_media":23114,"comment_status":"closed","ping_status":"open","sticky":false,"template":"","format":"standard","meta":{"_jetpack_newsletter_access":"","_jetpack_dont_email_post_to_subs":false,"_jetpack_newsletter_tier_id":0,"_jetpack_memberships_contains_paywalled_content":false,"_jetpack_feature_clip_id":0,"_jetpack_memberships_contains_paid_content":false,"footnotes":"","jetpack_post_was_ever_published":false},"categories":[9],"tags":[6870,6871],"class_list":["post-23113","post","type-post","status-publish","format-standard","has-post-thumbnail","hentry","category-noticias-nacionales","tag-construir-ciencia","tag-9-900-millones-en-ciencia"],"jetpack_sharing_enabled":true,"jetpack_featured_media_url":"https:\/\/agendadelsur.com\/wp-content\/uploads\/2022\/07\/construir_2.jpeg","_links":{"self":[{"href":"https:\/\/agendadelsur.com\/index.php\/wp-json\/wp\/v2\/posts\/23113","targetHints":{"allow":["GET"]}}],"collection":[{"href":"https:\/\/agendadelsur.com\/index.php\/wp-json\/wp\/v2\/posts"}],"about":[{"href":"https:\/\/agendadelsur.com\/index.php\/wp-json\/wp\/v2\/types\/post"}],"author":[{"embeddable":true,"href":"https:\/\/agendadelsur.com\/index.php\/wp-json\/wp\/v2\/users\/2"}],"replies":[{"embeddable":true,"href":"https:\/\/agendadelsur.com\/index.php\/wp-json\/wp\/v2\/comments?post=23113"}],"version-history":[{"count":1,"href":"https:\/\/agendadelsur.com\/index.php\/wp-json\/wp\/v2\/posts\/23113\/revisions"}],"predecessor-version":[{"id":23119,"href":"https:\/\/agendadelsur.com\/index.php\/wp-json\/wp\/v2\/posts\/23113\/revisions\/23119"}],"wp:featuredmedia":[{"embeddable":true,"href":"https:\/\/agendadelsur.com\/index.php\/wp-json\/wp\/v2\/media\/23114"}],"wp:attachment":[{"href":"https:\/\/agendadelsur.com\/index.php\/wp-json\/wp\/v2\/media?parent=23113"}],"wp:term":[{"taxonomy":"category","embeddable":true,"href":"https:\/\/agendadelsur.com\/index.php\/wp-json\/wp\/v2\/categories?post=23113"},{"taxonomy":"post_tag","embeddable":true,"href":"https:\/\/agendadelsur.com\/index.php\/wp-json\/wp\/v2\/tags?post=23113"}],"curies":[{"name":"wp","href":"https:\/\/api.w.org\/{rel}","templated":true}]}}