{"id":23121,"date":"2022-07-28T01:45:05","date_gmt":"2022-07-28T04:45:05","guid":{"rendered":"https:\/\/agendadelsur.com\/?p=23121"},"modified":"2022-07-28T01:45:35","modified_gmt":"2022-07-28T04:45:35","slug":"asociacion-de-abogados-denuncio-ante-la-onu-a-la-corte-de-justicia","status":"publish","type":"post","link":"https:\/\/agendadelsur.com\/index.php\/2022\/07\/28\/asociacion-de-abogados-denuncio-ante-la-onu-a-la-corte-de-justicia\/","title":{"rendered":"Asociaci\u00f3n de Abogados denunci\u00f3 ante la ONU a la Corte de Justicia"},"content":{"rendered":"\n<h5 class=\"has-text-color wp-block-heading\" style=\"color:#f90509\">La Asociaci\u00f3n de Abogados por la Justicia Social (AJUS) La Plata, Berisso y Ensenada denunci\u00f3 ante la Relator\u00eda Especial sobre Independencia Judicial de Naciones Unidas a los cuatro integrantes de la Corte Suprema por supuesta falta de &#8220;independencia e imparcialidad&#8221; por la reforma del Consejo de la Magistratura.<\/h5>\n\n\n\n<div class=\"wp-block-image\"><figure class=\"alignright size-full is-resized\"><img decoding=\"async\" src=\"https:\/\/agendadelsur.com\/wp-content\/uploads\/2022\/07\/62e15e7a82cb8_750x511.jpg\" alt=\"\" class=\"wp-image-23122\" width=\"-285\" height=\"-195\" srcset=\"https:\/\/agendadelsur.com\/wp-content\/uploads\/2022\/07\/62e15e7a82cb8_750x511.jpg 700w, https:\/\/agendadelsur.com\/wp-content\/uploads\/2022\/07\/62e15e7a82cb8_750x511-300x206.jpg 300w\" sizes=\"(max-width: 700px) 100vw, 700px\" \/><\/figure><\/div>\n\n\n\n<p class=\"wp-block-paragraph\">La denuncia contra el m\u00e1ximo tribunal del pa\u00eds, que encabeza Horacio Rosatti, se radic\u00f3 el pasado viernes ante el organismo internacional a fin de que &#8220;se requieran medidas para favorecer la independencia e imparcialidad&#8221; en la conformaci\u00f3n del Consejo de la Magistratura.<\/p>\n\n\n\n<p class=\"wp-block-paragraph\">La presentaci\u00f3n se hizo ante la &#8220;Relator\u00eda Especial de Naciones Unidas para la Independencia de los Jueces y los Abogados&#8221; y se dirigi\u00f3 &#8220;contra los cuatro jueces de la Corte Suprema de Justicia de la Naci\u00f3n&#8221;, se inform\u00f3 hoy en un comunicado.<\/p>\n\n\n\n<p class=\"wp-block-paragraph\">Los hechos denunciados ponen &#8220;al descubierto las graves intromisiones e irregularidades efectuadas por la Corte Suprema de Justicia de la Naci\u00f3n por el dictado del fallo &#8216;Colegio de Abogados de la Ciudad de Buenos Aires&#8217;, conformando un Consejo de la Magistratura &#8216;a la carta&#8217;, poniendo en riesgo el estado de derecho y al propio sistema democr\u00e1tico de la Rep\u00fablica Argentina&#8221;, sostuvo la presentaci\u00f3n.<\/p>\n\n\n\n<p class=\"wp-block-paragraph\">Los denunciantes aludieron al fallo que declar\u00f3 inconstitucional la reforma del organismo que selecciona y sanciona a los jueces y administra los fondos del Poder Judicial argentino.<\/p>\n\n\n\n<p class=\"wp-block-paragraph\">&#8220;La sentencia se inscribe en un sendero de deslegitimaci\u00f3n y debilitamiento en la calidad institucional de la Corte Suprema que se iniciara en 2015 con la designaci\u00f3n de los jueces Carlos Rosenkrantz y Horacio Rosatti, quienes aceptaron ser designados en forma inconstitucional por el expresidente Mauricio Macri, actuando en franca regresi\u00f3n con los est\u00e1ndares de derechos humanos y en manifiesto conflicto de intereses&#8221;, agreg\u00f3 el comunicado sobre la presentaci\u00f3n.<\/p>\n\n\n\n<p class=\"wp-block-paragraph\">La Corte &#8220;usurp\u00f3&#8221; funciones, advirtieron los denunciantes y pidieron que &#8220;se incluya a la Argentina en el informe anual que presentar\u00e1 ese Relator Especial al Consejo de Derechos Humanos, realizando un an\u00e1lisis completo, reflejando la complejidad que posee la manipulaci\u00f3n del Sistema Judicial, que ha creado una \u201cJusticia a la carta\u201d&#8221;.<\/p>\n\n\n\n<p class=\"wp-block-paragraph\">Fuente: Pol\u00edtica Argentina<\/p>\n","protected":false},"excerpt":{"rendered":"<p>La Asociaci\u00f3n de Abogados por la Justicia Social (AJUS) La Plata, Berisso y Ensenada denunci\u00f3 ante la Relator\u00eda Especial sobre Independencia Judicial de Naciones Unidas a los cuatro integrantes de la Corte Suprema por supuesta falta de &#8220;independencia e imparcialidad&#8221; por la reforma del Consejo de la Magistratura. La denuncia contra el m\u00e1ximo tribunal del [&hellip;]<\/p>\n","protected":false},"author":2,"featured_media":23122,"comment_status":"closed","ping_status":"open","sticky":false,"template":"","format":"standard","meta":{"_jetpack_newsletter_access":"","_jetpack_dont_email_post_to_subs":false,"_jetpack_newsletter_tier_id":0,"_jetpack_memberships_contains_paywalled_content":false,"_jetpack_feature_clip_id":0,"_jetpack_memberships_contains_paid_content":false,"footnotes":"","jetpack_post_was_ever_published":false},"categories":[9],"tags":[],"class_list":["post-23121","post","type-post","status-publish","format-standard","has-post-thumbnail","hentry","category-noticias-nacionales"],"jetpack_sharing_enabled":true,"jetpack_featured_media_url":"https:\/\/agendadelsur.com\/wp-content\/uploads\/2022\/07\/62e15e7a82cb8_750x511.jpg","_links":{"self":[{"href":"https:\/\/agendadelsur.com\/index.php\/wp-json\/wp\/v2\/posts\/23121","targetHints":{"allow":["GET"]}}],"collection":[{"href":"https:\/\/agendadelsur.com\/index.php\/wp-json\/wp\/v2\/posts"}],"about":[{"href":"https:\/\/agendadelsur.com\/index.php\/wp-json\/wp\/v2\/types\/post"}],"author":[{"embeddable":true,"href":"https:\/\/agendadelsur.com\/index.php\/wp-json\/wp\/v2\/users\/2"}],"replies":[{"embeddable":true,"href":"https:\/\/agendadelsur.com\/index.php\/wp-json\/wp\/v2\/comments?post=23121"}],"version-history":[{"count":1,"href":"https:\/\/agendadelsur.com\/index.php\/wp-json\/wp\/v2\/posts\/23121\/revisions"}],"predecessor-version":[{"id":23123,"href":"https:\/\/agendadelsur.com\/index.php\/wp-json\/wp\/v2\/posts\/23121\/revisions\/23123"}],"wp:featuredmedia":[{"embeddable":true,"href":"https:\/\/agendadelsur.com\/index.php\/wp-json\/wp\/v2\/media\/23122"}],"wp:attachment":[{"href":"https:\/\/agendadelsur.com\/index.php\/wp-json\/wp\/v2\/media?parent=23121"}],"wp:term":[{"taxonomy":"category","embeddable":true,"href":"https:\/\/agendadelsur.com\/index.php\/wp-json\/wp\/v2\/categories?post=23121"},{"taxonomy":"post_tag","embeddable":true,"href":"https:\/\/agendadelsur.com\/index.php\/wp-json\/wp\/v2\/tags?post=23121"}],"curies":[{"name":"wp","href":"https:\/\/api.w.org\/{rel}","templated":true}]}}