{"id":23125,"date":"2022-07-28T14:02:50","date_gmt":"2022-07-28T17:02:50","guid":{"rendered":"https:\/\/agendadelsur.com\/?p=23125"},"modified":"2022-07-28T14:02:51","modified_gmt":"2022-07-28T17:02:51","slug":"trastorno-por-deficit-de-atencion-con-hiperactividad","status":"publish","type":"post","link":"https:\/\/agendadelsur.com\/index.php\/2022\/07\/28\/trastorno-por-deficit-de-atencion-con-hiperactividad\/","title":{"rendered":"Trastorno por D\u00e9ficit de Atenci\u00f3n con Hiperactividad"},"content":{"rendered":"\n<h5 class=\"has-text-color wp-block-heading\" style=\"color:#f0070b\">Hoy 28 de julio D\u00eda Nacional TDAH se impulsan numerosas acciones a lo largo de todo el pa\u00eds para visibilizar y concientizar sobre el. Trastorno por D\u00e9ficit de Atenci\u00f3n con Hiperactividad.<\/h5>\n\n\n\n<figure class=\"wp-block-gallery columns-2 is-cropped wp-block-gallery-1 is-layout-flex wp-block-gallery-is-layout-flex\"><ul class=\"blocks-gallery-grid\"><li class=\"blocks-gallery-item\"><figure><img loading=\"lazy\" decoding=\"async\" width=\"700\" height=\"480\" src=\"https:\/\/agendadelsur.com\/wp-content\/uploads\/2022\/07\/1-11.jpg\" alt=\"\" data-id=\"23126\" data-full-url=\"https:\/\/agendadelsur.com\/wp-content\/uploads\/2022\/07\/1-11.jpg\" data-link=\"https:\/\/agendadelsur.com\/?attachment_id=23126\" class=\"wp-image-23126\" srcset=\"https:\/\/agendadelsur.com\/wp-content\/uploads\/2022\/07\/1-11.jpg 700w, https:\/\/agendadelsur.com\/wp-content\/uploads\/2022\/07\/1-11-300x206.jpg 300w\" sizes=\"(max-width: 700px) 100vw, 700px\" \/><\/figure><\/li><li class=\"blocks-gallery-item\"><figure><img loading=\"lazy\" decoding=\"async\" width=\"960\" height=\"960\" src=\"https:\/\/agendadelsur.com\/wp-content\/uploads\/2022\/07\/2-18.jpg\" alt=\"\" data-id=\"23127\" data-full-url=\"https:\/\/agendadelsur.com\/wp-content\/uploads\/2022\/07\/2-18.jpg\" data-link=\"https:\/\/agendadelsur.com\/?attachment_id=23127\" class=\"wp-image-23127\" srcset=\"https:\/\/agendadelsur.com\/wp-content\/uploads\/2022\/07\/2-18.jpg 960w, https:\/\/agendadelsur.com\/wp-content\/uploads\/2022\/07\/2-18-300x300.jpg 300w, https:\/\/agendadelsur.com\/wp-content\/uploads\/2022\/07\/2-18-150x150.jpg 150w, https:\/\/agendadelsur.com\/wp-content\/uploads\/2022\/07\/2-18-768x768.jpg 768w\" sizes=\"(max-width: 960px) 100vw, 960px\" \/><\/figure><\/li><\/ul><\/figure>\n\n\n\n<figure class=\"wp-block-gallery columns-2 is-cropped wp-block-gallery-2 is-layout-flex wp-block-gallery-is-layout-flex\"><ul class=\"blocks-gallery-grid\"><li class=\"blocks-gallery-item\"><figure><img loading=\"lazy\" decoding=\"async\" width=\"960\" height=\"960\" src=\"https:\/\/agendadelsur.com\/wp-content\/uploads\/2022\/07\/3-14.jpg\" alt=\"\" data-id=\"23128\" data-full-url=\"https:\/\/agendadelsur.com\/wp-content\/uploads\/2022\/07\/3-14.jpg\" data-link=\"https:\/\/agendadelsur.com\/?attachment_id=23128\" class=\"wp-image-23128\" srcset=\"https:\/\/agendadelsur.com\/wp-content\/uploads\/2022\/07\/3-14.jpg 960w, https:\/\/agendadelsur.com\/wp-content\/uploads\/2022\/07\/3-14-300x300.jpg 300w, https:\/\/agendadelsur.com\/wp-content\/uploads\/2022\/07\/3-14-150x150.jpg 150w, https:\/\/agendadelsur.com\/wp-content\/uploads\/2022\/07\/3-14-768x768.jpg 768w\" sizes=\"(max-width: 960px) 100vw, 960px\" \/><\/figure><\/li><li class=\"blocks-gallery-item\"><figure><img loading=\"lazy\" decoding=\"async\" width=\"960\" height=\"960\" src=\"https:\/\/agendadelsur.com\/wp-content\/uploads\/2022\/07\/4-15.jpg\" alt=\"\" data-id=\"23129\" data-full-url=\"https:\/\/agendadelsur.com\/wp-content\/uploads\/2022\/07\/4-15.jpg\" data-link=\"https:\/\/agendadelsur.com\/?attachment_id=23129\" class=\"wp-image-23129\" srcset=\"https:\/\/agendadelsur.com\/wp-content\/uploads\/2022\/07\/4-15.jpg 960w, https:\/\/agendadelsur.com\/wp-content\/uploads\/2022\/07\/4-15-300x300.jpg 300w, https:\/\/agendadelsur.com\/wp-content\/uploads\/2022\/07\/4-15-150x150.jpg 150w, https:\/\/agendadelsur.com\/wp-content\/uploads\/2022\/07\/4-15-768x768.jpg 768w\" sizes=\"(max-width: 960px) 100vw, 960px\" \/><\/figure><\/li><\/ul><\/figure>\n\n\n\n<p>Un diagn\u00f3stico temprano y un tratamiento adecuado durante la infancia son factores clave para maximizar los resultados positivos y minimizar los efectos negativos a largo plazo del TDAH en la vida adulta.<\/p>\n\n\n\n<p>La Direcci\u00f3n de Inclusi\u00f3n de personas con Discapacidad del Observatorio Social de Pol\u00edticas P\u00fablicas de Municipio se suma al compromiso de las familias de Unidas por el Tdah Avellaneda, aportando material de difusi\u00f3n y trabajando como siempre por el bienestar y la plena inclusi\u00f3n de las personas con discapacidad en la sociedad, promoviendo y defendiendo sus derechos.<\/p>\n\n\n\n<div class=\"wp-block-image\"><figure class=\"aligncenter size-full is-resized\"><img loading=\"lazy\" decoding=\"async\" src=\"https:\/\/agendadelsur.com\/wp-content\/uploads\/2022\/07\/VITALAB-AAABBB-74.jpg\" alt=\"\" class=\"wp-image-23131\" width=\"391\" height=\"326\"\/><\/figure><\/div>\n\n\n\n<div class=\"wp-block-image\"><figure class=\"aligncenter size-full\"><img loading=\"lazy\" decoding=\"async\" width=\"676\" height=\"221\" src=\"https:\/\/agendadelsur.com\/wp-content\/uploads\/2022\/07\/avisos-banner-PRIVAMED-14.jpg\" alt=\"\" class=\"wp-image-23132\" srcset=\"https:\/\/agendadelsur.com\/wp-content\/uploads\/2022\/07\/avisos-banner-PRIVAMED-14.jpg 676w, https:\/\/agendadelsur.com\/wp-content\/uploads\/2022\/07\/avisos-banner-PRIVAMED-14-300x98.jpg 300w\" sizes=\"(max-width: 676px) 100vw, 676px\" \/><\/figure><\/div>\n","protected":false},"excerpt":{"rendered":"<p>Hoy 28 de julio D\u00eda Nacional TDAH se impulsan numerosas acciones a lo largo de todo el pa\u00eds para visibilizar y concientizar sobre el. Trastorno por D\u00e9ficit de Atenci\u00f3n con Hiperactividad. Un diagn\u00f3stico temprano y un tratamiento adecuado durante la infancia son factores clave para maximizar los resultados positivos y minimizar los efectos negativos a [&hellip;]<\/p>\n","protected":false},"author":2,"featured_media":23130,"comment_status":"closed","ping_status":"open","sticky":false,"template":"","format":"standard","meta":{"footnotes":""},"categories":[4,9],"tags":[6874,6,6873,6875],"_links":{"self":[{"href":"https:\/\/agendadelsur.com\/index.php\/wp-json\/wp\/v2\/posts\/23125"}],"collection":[{"href":"https:\/\/agendadelsur.com\/index.php\/wp-json\/wp\/v2\/posts"}],"about":[{"href":"https:\/\/agendadelsur.com\/index.php\/wp-json\/wp\/v2\/types\/post"}],"author":[{"embeddable":true,"href":"https:\/\/agendadelsur.com\/index.php\/wp-json\/wp\/v2\/users\/2"}],"replies":[{"embeddable":true,"href":"https:\/\/agendadelsur.com\/index.php\/wp-json\/wp\/v2\/comments?post=23125"}],"version-history":[{"count":1,"href":"https:\/\/agendadelsur.com\/index.php\/wp-json\/wp\/v2\/posts\/23125\/revisions"}],"predecessor-version":[{"id":23133,"href":"https:\/\/agendadelsur.com\/index.php\/wp-json\/wp\/v2\/posts\/23125\/revisions\/23133"}],"wp:featuredmedia":[{"embeddable":true,"href":"https:\/\/agendadelsur.com\/index.php\/wp-json\/wp\/v2\/media\/23130"}],"wp:attachment":[{"href":"https:\/\/agendadelsur.com\/index.php\/wp-json\/wp\/v2\/media?parent=23125"}],"wp:term":[{"taxonomy":"category","embeddable":true,"href":"https:\/\/agendadelsur.com\/index.php\/wp-json\/wp\/v2\/categories?post=23125"},{"taxonomy":"post_tag","embeddable":true,"href":"https:\/\/agendadelsur.com\/index.php\/wp-json\/wp\/v2\/tags?post=23125"}],"curies":[{"name":"wp","href":"https:\/\/api.w.org\/{rel}","templated":true}]}}