{"id":23134,"date":"2022-07-28T14:17:59","date_gmt":"2022-07-28T17:17:59","guid":{"rendered":"https:\/\/agendadelsur.com\/?p=23134"},"modified":"2022-07-28T14:18:01","modified_gmt":"2022-07-28T17:18:01","slug":"vacaciones-de-invierno-en-avellaneda-4","status":"publish","type":"post","link":"https:\/\/agendadelsur.com\/index.php\/2022\/07\/28\/vacaciones-de-invierno-en-avellaneda-4\/","title":{"rendered":"Vacaciones de Invierno en Avellaneda"},"content":{"rendered":"\n<p class=\"has-text-color wp-block-paragraph\" style=\"color:#ee0105\"><strong><em>La Programaci\u00f3n de los espect\u00e1culos gratuitos que se pueden hoy jueves 28 de julio.<\/em><\/strong><\/p>\n\n\n\n<figure class=\"wp-block-gallery columns-3 is-cropped wp-block-gallery-1 is-layout-flex wp-block-gallery-is-layout-flex\"><ul class=\"blocks-gallery-grid\"><li class=\"blocks-gallery-item\"><figure><img loading=\"lazy\" decoding=\"async\" width=\"960\" height=\"960\" src=\"https:\/\/agendadelsur.com\/wp-content\/uploads\/2022\/07\/6-9.jpg\" alt=\"\" data-id=\"23138\" data-link=\"https:\/\/agendadelsur.com\/?attachment_id=23138\" class=\"wp-image-23138\" srcset=\"https:\/\/agendadelsur.com\/wp-content\/uploads\/2022\/07\/6-9.jpg 960w, https:\/\/agendadelsur.com\/wp-content\/uploads\/2022\/07\/6-9-300x300.jpg 300w, https:\/\/agendadelsur.com\/wp-content\/uploads\/2022\/07\/6-9-150x150.jpg 150w, https:\/\/agendadelsur.com\/wp-content\/uploads\/2022\/07\/6-9-768x768.jpg 768w\" sizes=\"auto, (max-width: 960px) 100vw, 960px\" \/><\/figure><\/li><li class=\"blocks-gallery-item\"><figure><img loading=\"lazy\" decoding=\"async\" width=\"960\" height=\"960\" src=\"https:\/\/agendadelsur.com\/wp-content\/uploads\/2022\/07\/7-6.jpg\" alt=\"\" data-id=\"23139\" data-link=\"https:\/\/agendadelsur.com\/?attachment_id=23139\" class=\"wp-image-23139\" srcset=\"https:\/\/agendadelsur.com\/wp-content\/uploads\/2022\/07\/7-6.jpg 960w, https:\/\/agendadelsur.com\/wp-content\/uploads\/2022\/07\/7-6-300x300.jpg 300w, https:\/\/agendadelsur.com\/wp-content\/uploads\/2022\/07\/7-6-150x150.jpg 150w, https:\/\/agendadelsur.com\/wp-content\/uploads\/2022\/07\/7-6-768x768.jpg 768w\" sizes=\"auto, (max-width: 960px) 100vw, 960px\" \/><\/figure><\/li><li class=\"blocks-gallery-item\"><figure><img loading=\"lazy\" decoding=\"async\" width=\"960\" height=\"960\" src=\"https:\/\/agendadelsur.com\/wp-content\/uploads\/2022\/07\/8-4.jpg\" alt=\"\" data-id=\"23140\" data-link=\"https:\/\/agendadelsur.com\/?attachment_id=23140\" class=\"wp-image-23140\" srcset=\"https:\/\/agendadelsur.com\/wp-content\/uploads\/2022\/07\/8-4.jpg 960w, https:\/\/agendadelsur.com\/wp-content\/uploads\/2022\/07\/8-4-300x300.jpg 300w, https:\/\/agendadelsur.com\/wp-content\/uploads\/2022\/07\/8-4-150x150.jpg 150w, https:\/\/agendadelsur.com\/wp-content\/uploads\/2022\/07\/8-4-768x768.jpg 768w\" sizes=\"auto, (max-width: 960px) 100vw, 960px\" \/><\/figure><\/li><li class=\"blocks-gallery-item\"><figure><img loading=\"lazy\" decoding=\"async\" width=\"960\" height=\"960\" src=\"https:\/\/agendadelsur.com\/wp-content\/uploads\/2022\/07\/9-3.jpg\" alt=\"\" data-id=\"23141\" data-link=\"https:\/\/agendadelsur.com\/?attachment_id=23141\" class=\"wp-image-23141\" srcset=\"https:\/\/agendadelsur.com\/wp-content\/uploads\/2022\/07\/9-3.jpg 960w, https:\/\/agendadelsur.com\/wp-content\/uploads\/2022\/07\/9-3-300x300.jpg 300w, https:\/\/agendadelsur.com\/wp-content\/uploads\/2022\/07\/9-3-150x150.jpg 150w, https:\/\/agendadelsur.com\/wp-content\/uploads\/2022\/07\/9-3-768x768.jpg 768w\" sizes=\"auto, (max-width: 960px) 100vw, 960px\" \/><\/figure><\/li><li class=\"blocks-gallery-item\"><figure><img loading=\"lazy\" decoding=\"async\" width=\"960\" height=\"960\" src=\"https:\/\/agendadelsur.com\/wp-content\/uploads\/2022\/07\/11-3.jpg\" alt=\"\" data-id=\"23143\" data-link=\"https:\/\/agendadelsur.com\/?attachment_id=23143\" class=\"wp-image-23143\" srcset=\"https:\/\/agendadelsur.com\/wp-content\/uploads\/2022\/07\/11-3.jpg 960w, https:\/\/agendadelsur.com\/wp-content\/uploads\/2022\/07\/11-3-300x300.jpg 300w, https:\/\/agendadelsur.com\/wp-content\/uploads\/2022\/07\/11-3-150x150.jpg 150w, https:\/\/agendadelsur.com\/wp-content\/uploads\/2022\/07\/11-3-768x768.jpg 768w\" sizes=\"auto, (max-width: 960px) 100vw, 960px\" \/><\/figure><\/li><li class=\"blocks-gallery-item\"><figure><img loading=\"lazy\" decoding=\"async\" width=\"960\" height=\"960\" src=\"https:\/\/agendadelsur.com\/wp-content\/uploads\/2022\/07\/12-4.jpg\" alt=\"\" data-id=\"23144\" data-link=\"https:\/\/agendadelsur.com\/?attachment_id=23144\" class=\"wp-image-23144\" srcset=\"https:\/\/agendadelsur.com\/wp-content\/uploads\/2022\/07\/12-4.jpg 960w, https:\/\/agendadelsur.com\/wp-content\/uploads\/2022\/07\/12-4-300x300.jpg 300w, https:\/\/agendadelsur.com\/wp-content\/uploads\/2022\/07\/12-4-150x150.jpg 150w, https:\/\/agendadelsur.com\/wp-content\/uploads\/2022\/07\/12-4-768x768.jpg 768w\" sizes=\"auto, (max-width: 960px) 100vw, 960px\" \/><\/figure><\/li><li class=\"blocks-gallery-item\"><figure><img loading=\"lazy\" decoding=\"async\" width=\"960\" height=\"960\" src=\"https:\/\/agendadelsur.com\/wp-content\/uploads\/2022\/07\/13-3.jpg\" alt=\"\" data-id=\"23145\" data-link=\"https:\/\/agendadelsur.com\/?attachment_id=23145\" class=\"wp-image-23145\" srcset=\"https:\/\/agendadelsur.com\/wp-content\/uploads\/2022\/07\/13-3.jpg 960w, https:\/\/agendadelsur.com\/wp-content\/uploads\/2022\/07\/13-3-300x300.jpg 300w, https:\/\/agendadelsur.com\/wp-content\/uploads\/2022\/07\/13-3-150x150.jpg 150w, https:\/\/agendadelsur.com\/wp-content\/uploads\/2022\/07\/13-3-768x768.jpg 768w\" sizes=\"auto, (max-width: 960px) 100vw, 960px\" \/><\/figure><\/li><li class=\"blocks-gallery-item\"><figure><img loading=\"lazy\" decoding=\"async\" width=\"960\" height=\"960\" src=\"https:\/\/agendadelsur.com\/wp-content\/uploads\/2022\/07\/10-4.jpg\" alt=\"\" data-id=\"23147\" data-full-url=\"https:\/\/agendadelsur.com\/wp-content\/uploads\/2022\/07\/10-4.jpg\" data-link=\"https:\/\/agendadelsur.com\/?attachment_id=23147\" class=\"wp-image-23147\" srcset=\"https:\/\/agendadelsur.com\/wp-content\/uploads\/2022\/07\/10-4.jpg 960w, https:\/\/agendadelsur.com\/wp-content\/uploads\/2022\/07\/10-4-300x300.jpg 300w, https:\/\/agendadelsur.com\/wp-content\/uploads\/2022\/07\/10-4-150x150.jpg 150w, https:\/\/agendadelsur.com\/wp-content\/uploads\/2022\/07\/10-4-768x768.jpg 768w\" sizes=\"auto, (max-width: 960px) 100vw, 960px\" \/><\/figure><\/li><\/ul><\/figure>\n\n\n\n<p class=\"wp-block-paragraph\">ENTRADAS: se retiran en cada sede, el mismo d\u00eda de la funci\u00f3n, a partir de las 12hs.<\/p>\n\n\n\n<p class=\"wp-block-paragraph\">Los esperamos en estas sedes:<\/p>\n\n\n\n<p class=\"wp-block-paragraph\"><a href=\"file:\/\/\/C:\\Users\\Raul\\Documents\\Doc%20A.docx\">@teatro.roma [a partir de las 12 hs hasta agotar la capacidad de la sala]<\/a><\/p>\n\n\n\n<p class=\"wp-block-paragraph\"><a href=\"file:\/\/\/C:\\Users\\Raul\\Documents\\Doc%20A.docx\">@cma.mda<\/a><\/p>\n\n\n\n<p class=\"wp-block-paragraph\"><a href=\"file:\/\/\/C:\\Users\\Raul\\Documents\\Doc%20A.docx\">&nbsp;@escuelacircoavellaneda<\/a><\/p>\n\n\n\n<p class=\"wp-block-paragraph\"><a href=\"file:\/\/\/C:\\Users\\Raul\\Documents\\Doc%20A.docx\">@_escuelamunicipalcircolamaciel<\/a><\/p>\n\n\n\n<p class=\"wp-block-paragraph\">&nbsp;<a href=\"file:\/\/\/C:\\Users\\Raul\\Documents\\Doc%20A.docx\">@cineteatromunicipalwilde<\/a> [a partir de las 12hs para cualquiera de las 2 funciones. M\u00e1ximo 4 entradas por persona por d\u00eda hasta agotar capacidad de sala en ambos espect\u00e1culos].<\/p>\n\n\n\n<p class=\"wp-block-paragraph\"><a href=\"file:\/\/\/C:\\Users\\Raul\\Documents\\Doc%20A.docx\">@imta.avellaneda<\/a><\/p>\n\n\n\n<p class=\"wp-block-paragraph\"><a href=\"file:\/\/\/C:\\Users\\Raul\\Documents\\Doc%20A.docx\">@laestacionparque<\/a><\/p>\n\n\n\n<p class=\"wp-block-paragraph\"><a href=\"file:\/\/\/C:\\Users\\Raul\\Documents\\Doc%20A.docx\">@lfaviomda<\/a><\/p>\n\n\n\n<p class=\"wp-block-paragraph\">&nbsp;Sal\u00f3n de los Encuentros del <a href=\"file:\/\/\/C:\\Users\\Raul\\Documents\\Doc%20A.docx\">@teatro.roma<\/a><\/p>\n\n\n\n<p class=\"wp-block-paragraph\">\u00a0Programaci\u00f3n completa: <a href=\"https:\/\/vacaciones.mda.gob.ar\/\">https:\/\/vacaciones.mda.gob.ar\/<\/a><\/p>\n\n\n\n<div class=\"wp-block-image\"><figure class=\"aligncenter size-full\"><img loading=\"lazy\" decoding=\"async\" width=\"300\" height=\"300\" src=\"https:\/\/agendadelsur.com\/wp-content\/uploads\/2022\/07\/Agregar-un-titulo-22.png\" alt=\"\" class=\"wp-image-23135\" srcset=\"https:\/\/agendadelsur.com\/wp-content\/uploads\/2022\/07\/Agregar-un-titulo-22.png 300w, https:\/\/agendadelsur.com\/wp-content\/uploads\/2022\/07\/Agregar-un-titulo-22-150x150.png 150w\" sizes=\"auto, (max-width: 300px) 100vw, 300px\" \/><\/figure><\/div>\n\n\n\n<div class=\"wp-block-image\"><figure class=\"aligncenter size-full\"><img loading=\"lazy\" decoding=\"async\" width=\"300\" height=\"250\" src=\"https:\/\/agendadelsur.com\/wp-content\/uploads\/2022\/07\/MILLANEL-INT.-1-61.jpg\" alt=\"\" class=\"wp-image-23136\"\/><\/figure><\/div>\n","protected":false},"excerpt":{"rendered":"<p>La Programaci\u00f3n de los espect\u00e1culos gratuitos que se pueden hoy jueves 28 de julio. ENTRADAS: se retiran en cada sede, el mismo d\u00eda de la funci\u00f3n, a partir de las 12hs. Los esperamos en estas sedes: @teatro.roma [a partir de las 12 hs hasta agotar la capacidad de la sala] @cma.mda &nbsp;@escuelacircoavellaneda @_escuelamunicipalcircolamaciel &nbsp;@cineteatromunicipalwilde [a [&hellip;]<\/p>\n","protected":false},"author":2,"featured_media":23137,"comment_status":"closed","ping_status":"open","sticky":false,"template":"","format":"standard","meta":{"_jetpack_newsletter_access":"","_jetpack_dont_email_post_to_subs":false,"_jetpack_newsletter_tier_id":0,"_jetpack_memberships_contains_paywalled_content":false,"_jetpack_feature_clip_id":0,"_jetpack_memberships_contains_paid_content":false,"footnotes":"","jetpack_post_was_ever_published":false},"categories":[4],"tags":[6,54,2706,2788],"class_list":["post-23134","post","type-post","status-publish","format-standard","has-post-thumbnail","hentry","category-avellaneda","tag-avellaneda","tag-teatro-roma","tag-teatro-roma-de-avellaneda","tag-vacaciones-de-invierno-en-avellaneda"],"jetpack_sharing_enabled":true,"jetpack_featured_media_url":"https:\/\/agendadelsur.com\/wp-content\/uploads\/2022\/07\/5-13.jpg","_links":{"self":[{"href":"https:\/\/agendadelsur.com\/index.php\/wp-json\/wp\/v2\/posts\/23134","targetHints":{"allow":["GET"]}}],"collection":[{"href":"https:\/\/agendadelsur.com\/index.php\/wp-json\/wp\/v2\/posts"}],"about":[{"href":"https:\/\/agendadelsur.com\/index.php\/wp-json\/wp\/v2\/types\/post"}],"author":[{"embeddable":true,"href":"https:\/\/agendadelsur.com\/index.php\/wp-json\/wp\/v2\/users\/2"}],"replies":[{"embeddable":true,"href":"https:\/\/agendadelsur.com\/index.php\/wp-json\/wp\/v2\/comments?post=23134"}],"version-history":[{"count":1,"href":"https:\/\/agendadelsur.com\/index.php\/wp-json\/wp\/v2\/posts\/23134\/revisions"}],"predecessor-version":[{"id":23148,"href":"https:\/\/agendadelsur.com\/index.php\/wp-json\/wp\/v2\/posts\/23134\/revisions\/23148"}],"wp:featuredmedia":[{"embeddable":true,"href":"https:\/\/agendadelsur.com\/index.php\/wp-json\/wp\/v2\/media\/23137"}],"wp:attachment":[{"href":"https:\/\/agendadelsur.com\/index.php\/wp-json\/wp\/v2\/media?parent=23134"}],"wp:term":[{"taxonomy":"category","embeddable":true,"href":"https:\/\/agendadelsur.com\/index.php\/wp-json\/wp\/v2\/categories?post=23134"},{"taxonomy":"post_tag","embeddable":true,"href":"https:\/\/agendadelsur.com\/index.php\/wp-json\/wp\/v2\/tags?post=23134"}],"curies":[{"name":"wp","href":"https:\/\/api.w.org\/{rel}","templated":true}]}}