{"id":23157,"date":"2022-07-28T15:42:04","date_gmt":"2022-07-28T18:42:04","guid":{"rendered":"https:\/\/agendadelsur.com\/?p=23157"},"modified":"2022-07-28T17:17:42","modified_gmt":"2022-07-28T20:17:42","slug":"contundente-paro-de-lxs-trabajadorxs-de-prensa-de-todo-el-pais","status":"publish","type":"post","link":"https:\/\/agendadelsur.com\/index.php\/2022\/07\/28\/contundente-paro-de-lxs-trabajadorxs-de-prensa-de-todo-el-pais\/","title":{"rendered":"Contundente paro de lxs trabajadorxs de prensa en todo el pa\u00eds"},"content":{"rendered":"\n<p class=\"has-text-color wp-block-paragraph\" style=\"color:#f1080c\"><strong><em>La Federaci\u00f3n de prensa FATPREN llev\u00f3 adelante a nivel nacional en reclamo de un salario m\u00ednimo inicial de 120 mil pesos.<\/em><\/strong><\/p>\n\n\n\n<div class=\"wp-block-image\"><figure class=\"aligncenter size-full is-resized\"><img loading=\"lazy\" decoding=\"async\" src=\"https:\/\/agendadelsur.com\/wp-content\/uploads\/2022\/07\/0-nqn-280722-2.jpg\" alt=\"\" class=\"wp-image-23158\" width=\"573\" height=\"382\" srcset=\"https:\/\/agendadelsur.com\/wp-content\/uploads\/2022\/07\/0-nqn-280722-2.jpg 1024w, https:\/\/agendadelsur.com\/wp-content\/uploads\/2022\/07\/0-nqn-280722-2-300x200.jpg 300w, https:\/\/agendadelsur.com\/wp-content\/uploads\/2022\/07\/0-nqn-280722-2-768x512.jpg 768w\" sizes=\"auto, (max-width: 573px) 100vw, 573px\" \/><\/figure><\/div>\n\n\n\n<p class=\"wp-block-paragraph\">Este mi\u00e9rcoles 27 de julio, en el marco de la lucha por la discusi\u00f3n paritaria del Convenio Colectivo de Trabajo N\u00b0 541\/08, donde se le exige a la c\u00e1mara empresaria ADIRA una recomposici\u00f3n salarial urgente, las y los trabajadores de la prensa escrita llevaron adelante un contundente paro nacional.<\/p>\n\n\n\n<p class=\"wp-block-paragraph\">La medida impact\u00f3 en las principales redacciones del pa\u00eds. Una vez m\u00e1s, el diario El Popular de Olavarr\u00eda no saldr\u00e1 a las calles debido al alto acatamiento de sus trabajadores y trabajadoras. \u201cFue una medida realmente de mucho alcance\u201d, sostuvo Andr\u00e9s Pellegrini, secretario adjunto de la Asociaci\u00f3n de Periodistas de Olavarr\u00eda (APO), quien destac\u00f3 el acompa\u00f1amiento de todxs lxs trabajadorxs de El Popular Medios e Infoeme, un portal digital.<\/p>\n\n\n\n<p class=\"wp-block-paragraph\">El paro tambi\u00e9n se sinti\u00f3 en las redacciones bonaerenses del diario El Tiempo de Azul y El Eco de Tandil. En el caso de El Tiempo, es la primera vez en m\u00e1s de 100 a\u00f1os de historia que no va a estar en la calle como consecuencia de la medida de fuerza adoptada.<\/p>\n\n\n\n<p class=\"wp-block-paragraph\">En tanto, lxs trabajadorxs de prensa de Neuqu\u00e9n llevaron adelante una asamblea durante su retenci\u00f3n de tareas con la presencia del secretario gremial de la Federaci\u00f3n Argentina de Trabajadores de Prensa (FATPREN), Flavio Ram\u00edrez. All\u00ed se encontraron laburantes de La Ma\u00f1ana de Neuqu\u00e9n y de Cipolletti y de la radio LU5.<\/p>\n\n\n\n<p class=\"wp-block-paragraph\">Tambi\u00e9n se sumaron a la medida lxs trabajadorxs de Bariloche, La Pampa y Viedma. Por su parte, desde la Asociaci\u00f3n de Prensa de Santa Fe, el Sipreba y el C\u00edrculo Sindical de la Prensa y la Comunicaci\u00f3n (Cispren) de C\u00f3rdoba acompa\u00f1aron y se solidarizaron con la medida.<\/p>\n\n\n\n<div class=\"wp-block-image\"><figure class=\"aligncenter size-full is-resized\"><img loading=\"lazy\" decoding=\"async\" src=\"https:\/\/agendadelsur.com\/wp-content\/uploads\/2022\/07\/lp-280722-1-1-1024x768-1.jpg\" alt=\"\" class=\"wp-image-23159\" width=\"585\" height=\"439\" srcset=\"https:\/\/agendadelsur.com\/wp-content\/uploads\/2022\/07\/lp-280722-1-1-1024x768-1.jpg 1024w, https:\/\/agendadelsur.com\/wp-content\/uploads\/2022\/07\/lp-280722-1-1-1024x768-1-300x225.jpg 300w, https:\/\/agendadelsur.com\/wp-content\/uploads\/2022\/07\/lp-280722-1-1-1024x768-1-768x576.jpg 768w\" sizes=\"auto, (max-width: 585px) 100vw, 585px\" \/><\/figure><\/div>\n\n\n\n<p class=\"wp-block-paragraph\">La Secretaria General de la FATPREN, Carla Gaudensi, acompa\u00f1\u00f3 la concentraci\u00f3n y choriceada que realizaron lxs trabajadores de Diario Popular en Avellaneda, quienes vienen resistiendo al pago miserable en cuotas. All\u00ed estuvieron presentes tambi\u00e9n dirigentes del Sindicato de Prensa de Buenos Aires (Sipreba) y el Bonaerense (Siprebo).<\/p>\n\n\n\n<p class=\"wp-block-paragraph\">Luego de esa actividad, los dirigentes acompa\u00f1aron la marcha propuesta por el Siprebo en La Plata, la cual recorri\u00f3 bajo la lluvia desde Plaza San Mart\u00edn hasta las puertas del diario El D\u00eda. Al finalizar realizaron un acto, en donde la Secretaria General de Siprebo, Mar\u00eda Laura L\u00f3pez Silva, resalt\u00f3 que \u201clos trabajadores y trabajadoras de prensa estamos organizados en unidad en todo el pa\u00eds, y reclamando lo que nos merecemos que es cobrar salarios dignos\u201d.<\/p>\n\n\n\n<p class=\"wp-block-paragraph\">\u201cLos trabajadores y trabajadoras de prensa nunca fuimos, ni somos ni seremos meros espectadores. Estamos en pie de lucha, estamos en la calle y estamos peleando no solo con los empresarios de medios sino con la situaci\u00f3n general que est\u00e1n atravesando toda la clase trabajadora\u201d, agreg\u00f3 por su parte Gaudensi.<\/p>\n\n\n\n<p class=\"wp-block-paragraph\">Al mismo tiempo que subray\u00f3 la importancia de garantizar el derecho humano de la informaci\u00f3n. \u201cEl modelo de los empresarios de medios es con poca calidad period\u00edstica, con trabajadores precarizados y con hambre, mientras que ese no es el modelo de comunicaci\u00f3n que los y las trabajadoras defendemos en nuestro trabajo y en las calles\u201d.<\/p>\n\n\n\n<p class=\"wp-block-paragraph\">Asimismo, la dirigenta nacional dej\u00f3 en claro que \u201csi ADIRA no nos da una recomposici\u00f3n ya, para este mes, vamos a seguir profundizando el plan de lucha\u201d.<\/p>\n\n\n\n<p class=\"wp-block-paragraph\">De este modo, con una contundente acci\u00f3n, las y los trabajadores de prensa nos seguimos organizando en unidad para exigirle a ADIRA un salario b\u00e1sico de $ 120.000 y terminar con los sueldos por debajo de la canasta b\u00e1sica. Si se mantiene la intransigencia de la c\u00e1mara empresaria, se profundizar\u00e1n las medidas hasta lograr salarios dignos para lxs trabajadorxs de prensa de todo el pa\u00eds.<\/p>\n\n\n\n<p class=\"wp-block-paragraph\">Fuente:  FATPREN  <\/p>\n\n\n\n<div class=\"wp-block-image\"><figure class=\"aligncenter size-full\"><img loading=\"lazy\" decoding=\"async\" width=\"300\" height=\"250\" src=\"https:\/\/agendadelsur.com\/wp-content\/uploads\/2022\/07\/VITALAB-AAABBB-76.jpg\" alt=\"\" class=\"wp-image-23161\"\/><\/figure><\/div>\n\n\n\n<div class=\"wp-block-image\"><figure class=\"aligncenter size-full\"><img loading=\"lazy\" decoding=\"async\" width=\"300\" height=\"250\" src=\"https:\/\/agendadelsur.com\/wp-content\/uploads\/2022\/07\/MILLANEL-INT.-1-62.jpg\" alt=\"\" class=\"wp-image-23162\"\/><\/figure><\/div>\n","protected":false},"excerpt":{"rendered":"<p>La Federaci\u00f3n de prensa FATPREN llev\u00f3 adelante a nivel nacional en reclamo de un salario m\u00ednimo inicial de 120 mil pesos. Este mi\u00e9rcoles 27 de julio, en el marco de la lucha por la discusi\u00f3n paritaria del Convenio Colectivo de Trabajo N\u00b0 541\/08, donde se le exige a la c\u00e1mara empresaria ADIRA una recomposici\u00f3n salarial [&hellip;]<\/p>\n","protected":false},"author":2,"featured_media":23160,"comment_status":"closed","ping_status":"open","sticky":false,"template":"","format":"standard","meta":{"_jetpack_newsletter_access":"","_jetpack_dont_email_post_to_subs":false,"_jetpack_newsletter_tier_id":0,"_jetpack_memberships_contains_paywalled_content":false,"_jetpack_feature_clip_id":0,"_jetpack_memberships_contains_paid_content":false,"footnotes":"","jetpack_post_was_ever_published":false},"categories":[9],"tags":[6879,6878],"class_list":["post-23157","post","type-post","status-publish","format-standard","has-post-thumbnail","hentry","category-noticias-nacionales","tag-fatpren","tag-paro-de-trabajadorxs-de-prensa"],"jetpack_sharing_enabled":true,"jetpack_featured_media_url":"https:\/\/agendadelsur.com\/wp-content\/uploads\/2022\/07\/lp-280722-2-1-1024x768-1.jpg","_links":{"self":[{"href":"https:\/\/agendadelsur.com\/index.php\/wp-json\/wp\/v2\/posts\/23157","targetHints":{"allow":["GET"]}}],"collection":[{"href":"https:\/\/agendadelsur.com\/index.php\/wp-json\/wp\/v2\/posts"}],"about":[{"href":"https:\/\/agendadelsur.com\/index.php\/wp-json\/wp\/v2\/types\/post"}],"author":[{"embeddable":true,"href":"https:\/\/agendadelsur.com\/index.php\/wp-json\/wp\/v2\/users\/2"}],"replies":[{"embeddable":true,"href":"https:\/\/agendadelsur.com\/index.php\/wp-json\/wp\/v2\/comments?post=23157"}],"version-history":[{"count":2,"href":"https:\/\/agendadelsur.com\/index.php\/wp-json\/wp\/v2\/posts\/23157\/revisions"}],"predecessor-version":[{"id":23164,"href":"https:\/\/agendadelsur.com\/index.php\/wp-json\/wp\/v2\/posts\/23157\/revisions\/23164"}],"wp:featuredmedia":[{"embeddable":true,"href":"https:\/\/agendadelsur.com\/index.php\/wp-json\/wp\/v2\/media\/23160"}],"wp:attachment":[{"href":"https:\/\/agendadelsur.com\/index.php\/wp-json\/wp\/v2\/media?parent=23157"}],"wp:term":[{"taxonomy":"category","embeddable":true,"href":"https:\/\/agendadelsur.com\/index.php\/wp-json\/wp\/v2\/categories?post=23157"},{"taxonomy":"post_tag","embeddable":true,"href":"https:\/\/agendadelsur.com\/index.php\/wp-json\/wp\/v2\/tags?post=23157"}],"curies":[{"name":"wp","href":"https:\/\/api.w.org\/{rel}","templated":true}]}}