{"id":23169,"date":"2022-07-28T18:46:57","date_gmt":"2022-07-28T21:46:57","guid":{"rendered":"https:\/\/agendadelsur.com\/?p=23169"},"modified":"2022-07-28T18:46:58","modified_gmt":"2022-07-28T21:46:58","slug":"movilizacion-de-organizaciones-sociales-en-todo-el-pais","status":"publish","type":"post","link":"https:\/\/agendadelsur.com\/index.php\/2022\/07\/28\/movilizacion-de-organizaciones-sociales-en-todo-el-pais\/","title":{"rendered":"Movilizaci\u00f3n de Organizaciones Sociales en todo el pa\u00eds"},"content":{"rendered":"\n<h5 class=\"has-text-color wp-block-heading\" style=\"color:#ee0a0e\">Organizaciones sociales y agrupaciones piqueteras se movilizan en distintos puntos del centro de la ciudad de Buenos Aires en direcci\u00f3n a Plaza de Mayo por &#8220;la defensa del salario y el trabajo genuino&#8221; y en rechazo a la &#8220;criminalizaci\u00f3n de la protesta social&#8221;.<\/h5>\n\n\n\n<div class=\"wp-block-image\"><figure class=\"aligncenter size-full is-resized\"><img loading=\"lazy\" decoding=\"async\" src=\"https:\/\/agendadelsur.com\/wp-content\/uploads\/2022\/07\/Sin-titulo-2-5.jpg\" alt=\"\" class=\"wp-image-23170\" width=\"573\" height=\"271\" srcset=\"https:\/\/agendadelsur.com\/wp-content\/uploads\/2022\/07\/Sin-titulo-2-5.jpg 800w, https:\/\/agendadelsur.com\/wp-content\/uploads\/2022\/07\/Sin-titulo-2-5-300x142.jpg 300w, https:\/\/agendadelsur.com\/wp-content\/uploads\/2022\/07\/Sin-titulo-2-5-768x364.jpg 768w\" sizes=\"auto, (max-width: 573px) 100vw, 573px\" \/><\/figure><\/div>\n\n\n\n<p class=\"wp-block-paragraph\">Las agrupaciones nucleadas en la &#8220;Unidad Piquetera&#8221; que integran el Polo Obrero, MTR-Votamos Luchar, el CUBA-MTR, el Bloque Piquetero Nacional, la Agrupaci\u00f3n Armando Conciencia, la Organizaci\u00f3n 17 de Noviembre, el MTR Teresa Rodr\u00edguez y el Movimiento Territorial Liberaci\u00f3n (MTL-Rebelde), se concentraron en el Obelisco para luego marchar hacia Plaza de Mayo. La protesta se replicar\u00e1 en distintos puntos del pa\u00eds con movilizaciones, marchas y asambleas.<\/p>\n\n\n\n<p class=\"wp-block-paragraph\">&#8220;Estamos denunciado los m\u00e1s de 50 allanamientos que se realizaron contra sedes de las organizaciones sociales en distintos barrios populares del pa\u00eds. Quieren criminalizar la protesta y nuestras posturas en contra del ajuste&#8221;, se\u00f1al\u00f3 en di\u00e1logo con T\u00e9lam el referente del Polo Obrero Eduardo Belliboni.<\/p>\n\n\n\n<p class=\"wp-block-paragraph\">Fuente: Pol\u00edtica Argentina<\/p>\n","protected":false},"excerpt":{"rendered":"<p>Organizaciones sociales y agrupaciones piqueteras se movilizan en distintos puntos del centro de la ciudad de Buenos Aires en direcci\u00f3n a Plaza de Mayo por &#8220;la defensa del salario y el trabajo genuino&#8221; y en rechazo a la &#8220;criminalizaci\u00f3n de la protesta social&#8221;. Las agrupaciones nucleadas en la &#8220;Unidad Piquetera&#8221; que integran el Polo Obrero, [&hellip;]<\/p>\n","protected":false},"author":2,"featured_media":23171,"comment_status":"closed","ping_status":"open","sticky":false,"template":"","format":"standard","meta":{"_jetpack_newsletter_access":"","_jetpack_dont_email_post_to_subs":false,"_jetpack_newsletter_tier_id":0,"_jetpack_memberships_contains_paywalled_content":false,"_jetpack_feature_clip_id":0,"_jetpack_memberships_contains_paid_content":false,"footnotes":"","jetpack_post_was_ever_published":false},"categories":[926,9],"tags":[6705,6880,6213],"class_list":["post-23169","post","type-post","status-publish","format-standard","has-post-thumbnail","hentry","category-ciudad-de-buenos-aires","category-noticias-nacionales","tag-marcha-piquetera-a-plaza-de-mayo","tag-movilizacion-de-organizaciones-sociales","tag-piqueteros"],"jetpack_sharing_enabled":true,"jetpack_featured_media_url":"https:\/\/agendadelsur.com\/wp-content\/uploads\/2022\/07\/627bffe18a6e5_900.jpg","_links":{"self":[{"href":"https:\/\/agendadelsur.com\/index.php\/wp-json\/wp\/v2\/posts\/23169","targetHints":{"allow":["GET"]}}],"collection":[{"href":"https:\/\/agendadelsur.com\/index.php\/wp-json\/wp\/v2\/posts"}],"about":[{"href":"https:\/\/agendadelsur.com\/index.php\/wp-json\/wp\/v2\/types\/post"}],"author":[{"embeddable":true,"href":"https:\/\/agendadelsur.com\/index.php\/wp-json\/wp\/v2\/users\/2"}],"replies":[{"embeddable":true,"href":"https:\/\/agendadelsur.com\/index.php\/wp-json\/wp\/v2\/comments?post=23169"}],"version-history":[{"count":1,"href":"https:\/\/agendadelsur.com\/index.php\/wp-json\/wp\/v2\/posts\/23169\/revisions"}],"predecessor-version":[{"id":23172,"href":"https:\/\/agendadelsur.com\/index.php\/wp-json\/wp\/v2\/posts\/23169\/revisions\/23172"}],"wp:featuredmedia":[{"embeddable":true,"href":"https:\/\/agendadelsur.com\/index.php\/wp-json\/wp\/v2\/media\/23171"}],"wp:attachment":[{"href":"https:\/\/agendadelsur.com\/index.php\/wp-json\/wp\/v2\/media?parent=23169"}],"wp:term":[{"taxonomy":"category","embeddable":true,"href":"https:\/\/agendadelsur.com\/index.php\/wp-json\/wp\/v2\/categories?post=23169"},{"taxonomy":"post_tag","embeddable":true,"href":"https:\/\/agendadelsur.com\/index.php\/wp-json\/wp\/v2\/tags?post=23169"}],"curies":[{"name":"wp","href":"https:\/\/api.w.org\/{rel}","templated":true}]}}