{"id":23180,"date":"2022-07-29T00:24:08","date_gmt":"2022-07-29T03:24:08","guid":{"rendered":"https:\/\/agendadelsur.com\/?p=23180"},"modified":"2022-07-29T00:32:27","modified_gmt":"2022-07-29T03:32:27","slug":"carreras-de-bicis","status":"publish","type":"post","link":"https:\/\/agendadelsur.com\/index.php\/2022\/07\/29\/carreras-de-bicis\/","title":{"rendered":"Carreras de Bicis"},"content":{"rendered":"\n<h5 class=\"has-text-color wp-block-heading\" style=\"color:#f20408\">Es para ni\u00f1os y ni\u00f1as de 4 a 13 a\u00f1os y la inscripci\u00f3n puede ser el mismo d\u00eda en lugar o v\u00eda on line, ingresando a: <a href=\"https:\/\/docs.google.com\/...\/1FAIpQLScacrC...\/viewform\">https:\/\/docs.google.com\/&#8230;\/1FAIpQLScacrC&#8230;\/viewform<\/a><\/h5>\n\n\n\n<div class=\"wp-block-image\"><figure class=\"aligncenter size-full is-resized\"><img loading=\"lazy\" decoding=\"async\" src=\"https:\/\/agendadelsur.com\/wp-content\/uploads\/2022\/07\/295905666_429591262544421_6679614986721791090_n.jpg\" alt=\"\" class=\"wp-image-23181\" width=\"317\" height=\"317\" srcset=\"https:\/\/agendadelsur.com\/wp-content\/uploads\/2022\/07\/295905666_429591262544421_6679614986721791090_n.jpg 960w, https:\/\/agendadelsur.com\/wp-content\/uploads\/2022\/07\/295905666_429591262544421_6679614986721791090_n-300x300.jpg 300w, https:\/\/agendadelsur.com\/wp-content\/uploads\/2022\/07\/295905666_429591262544421_6679614986721791090_n-150x150.jpg 150w, https:\/\/agendadelsur.com\/wp-content\/uploads\/2022\/07\/295905666_429591262544421_6679614986721791090_n-768x768.jpg 768w\" sizes=\"auto, (max-width: 317px) 100vw, 317px\" \/><\/figure><\/div>\n\n\n\n<p class=\"wp-block-paragraph\">Tra\u00e9 tu bici y casco (opcional).<\/p>\n\n\n\n<p class=\"wp-block-paragraph\">&nbsp;S\u00e1bado 30 de julio a las 14.30 horas.<\/p>\n\n\n\n<p class=\"wp-block-paragraph\">&nbsp;\u00c1rea X, V\u00e9lez Sarsfield y Col\u00f3n. Avellaneda.<\/p>\n\n\n\n<p class=\"wp-block-paragraph\">&nbsp;+ info: 15-5490-3217<\/p>\n\n\n\n<div class=\"wp-block-image\"><figure class=\"aligncenter size-large is-resized\"><img loading=\"lazy\" decoding=\"async\" src=\"https:\/\/agendadelsur.com\/wp-content\/uploads\/2022\/07\/total-nuevo-14-feb-22-12-729x1024.jpg\" alt=\"\" class=\"wp-image-23183\" width=\"313\" height=\"439\" srcset=\"https:\/\/agendadelsur.com\/wp-content\/uploads\/2022\/07\/total-nuevo-14-feb-22-12-729x1024.jpg 729w, https:\/\/agendadelsur.com\/wp-content\/uploads\/2022\/07\/total-nuevo-14-feb-22-12-214x300.jpg 214w, https:\/\/agendadelsur.com\/wp-content\/uploads\/2022\/07\/total-nuevo-14-feb-22-12-768x1079.jpg 768w, https:\/\/agendadelsur.com\/wp-content\/uploads\/2022\/07\/total-nuevo-14-feb-22-12.jpg 929w\" sizes=\"auto, (max-width: 313px) 100vw, 313px\" \/><\/figure><\/div>\n\n\n\n<div class=\"wp-block-image\"><figure class=\"aligncenter size-full\"><img loading=\"lazy\" decoding=\"async\" width=\"300\" height=\"250\" src=\"https:\/\/agendadelsur.com\/wp-content\/uploads\/2022\/07\/VIDRIOS-AVELLANEDA-V-300x250-44.jpg\" alt=\"\" class=\"wp-image-23182\"\/><\/figure><\/div>\n","protected":false},"excerpt":{"rendered":"<p>Es para ni\u00f1os y ni\u00f1as de 4 a 13 a\u00f1os y la inscripci\u00f3n puede ser el mismo d\u00eda en lugar o v\u00eda on line, ingresando a: https:\/\/docs.google.com\/&#8230;\/1FAIpQLScacrC&#8230;\/viewform Tra\u00e9 tu bici y casco (opcional). &nbsp;S\u00e1bado 30 de julio a las 14.30 horas. &nbsp;\u00c1rea X, V\u00e9lez Sarsfield y Col\u00f3n. Avellaneda. &nbsp;+ info: 15-5490-3217<\/p>\n","protected":false},"author":2,"featured_media":23185,"comment_status":"closed","ping_status":"open","sticky":false,"template":"","format":"standard","meta":{"_jetpack_newsletter_access":"","_jetpack_dont_email_post_to_subs":false,"_jetpack_newsletter_tier_id":0,"_jetpack_memberships_contains_paywalled_content":false,"_jetpack_feature_clip_id":0,"_jetpack_memberships_contains_paid_content":false,"footnotes":"","jetpack_post_was_ever_published":false},"categories":[4],"tags":[6884,6,6883],"class_list":["post-23180","post","type-post","status-publish","format-standard","has-post-thumbnail","hentry","category-avellaneda","tag-area-x","tag-avellaneda","tag-carreras-de-bicis"],"jetpack_sharing_enabled":true,"jetpack_featured_media_url":"https:\/\/agendadelsur.com\/wp-content\/uploads\/2022\/07\/295905666_429591262544421_6679614986721791090_n-1.jpg","_links":{"self":[{"href":"https:\/\/agendadelsur.com\/index.php\/wp-json\/wp\/v2\/posts\/23180","targetHints":{"allow":["GET"]}}],"collection":[{"href":"https:\/\/agendadelsur.com\/index.php\/wp-json\/wp\/v2\/posts"}],"about":[{"href":"https:\/\/agendadelsur.com\/index.php\/wp-json\/wp\/v2\/types\/post"}],"author":[{"embeddable":true,"href":"https:\/\/agendadelsur.com\/index.php\/wp-json\/wp\/v2\/users\/2"}],"replies":[{"embeddable":true,"href":"https:\/\/agendadelsur.com\/index.php\/wp-json\/wp\/v2\/comments?post=23180"}],"version-history":[{"count":2,"href":"https:\/\/agendadelsur.com\/index.php\/wp-json\/wp\/v2\/posts\/23180\/revisions"}],"predecessor-version":[{"id":23187,"href":"https:\/\/agendadelsur.com\/index.php\/wp-json\/wp\/v2\/posts\/23180\/revisions\/23187"}],"wp:featuredmedia":[{"embeddable":true,"href":"https:\/\/agendadelsur.com\/index.php\/wp-json\/wp\/v2\/media\/23185"}],"wp:attachment":[{"href":"https:\/\/agendadelsur.com\/index.php\/wp-json\/wp\/v2\/media?parent=23180"}],"wp:term":[{"taxonomy":"category","embeddable":true,"href":"https:\/\/agendadelsur.com\/index.php\/wp-json\/wp\/v2\/categories?post=23180"},{"taxonomy":"post_tag","embeddable":true,"href":"https:\/\/agendadelsur.com\/index.php\/wp-json\/wp\/v2\/tags?post=23180"}],"curies":[{"name":"wp","href":"https:\/\/api.w.org\/{rel}","templated":true}]}}