{"id":23197,"date":"2022-07-29T01:14:58","date_gmt":"2022-07-29T04:14:58","guid":{"rendered":"https:\/\/agendadelsur.com\/?p=23197"},"modified":"2022-07-29T01:15:00","modified_gmt":"2022-07-29T04:15:00","slug":"el-ferrocarril-urquiza-cargas-vuelve-a-llegar-a-paraguay","status":"publish","type":"post","link":"https:\/\/agendadelsur.com\/index.php\/2022\/07\/29\/el-ferrocarril-urquiza-cargas-vuelve-a-llegar-a-paraguay\/","title":{"rendered":"El Ferrocarril Urquiza Cargas vuelve a llegar a Paraguay"},"content":{"rendered":"\n<h5 class=\"has-text-color wp-block-heading\" style=\"color:#f1060a\">Es en el marco de la reactivaci\u00f3n de la l\u00ednea mesopot\u00e1mica y como parte del Plan de Modernizaci\u00f3n del Transporte el tren volver\u00e1 a llegar hasta Encarnaci\u00f3n despu\u00e9s de siete a\u00f1os sin servicios.<\/h5>\n\n\n\n<div class=\"wp-block-image\"><figure class=\"aligncenter size-full is-resized\"><img loading=\"lazy\" decoding=\"async\" src=\"https:\/\/agendadelsur.com\/wp-content\/uploads\/2022\/07\/o_1547629669.jpg\" alt=\"\" class=\"wp-image-23201\" width=\"577\" height=\"396\" srcset=\"https:\/\/agendadelsur.com\/wp-content\/uploads\/2022\/07\/o_1547629669.jpg 700w, https:\/\/agendadelsur.com\/wp-content\/uploads\/2022\/07\/o_1547629669-300x206.jpg 300w\" sizes=\"auto, (max-width: 577px) 100vw, 577px\" \/><\/figure><\/div>\n\n\n\n<p class=\"wp-block-paragraph\">Esto permitir\u00e1 extender el recorrido y aumentar las cargas transportadas, fortaleciendo la log\u00edstica, as\u00ed como al desarrollo de las econom\u00edas regionales.<\/p>\n\n\n\n<p class=\"wp-block-paragraph\">Seg\u00fan voceros de la cartera de transporte la reconexi\u00f3n y reactivaci\u00f3n de los servicios ferroviarios es prioridad de ese ministerio y es uno de los objetivos en el marco de la reactivaci\u00f3n de la l\u00ednea mesopot\u00e1mica y como parte del Plan de Modernizaci\u00f3n del Transporte contin\u00faa en marcha.<\/p>\n\n\n\n<p class=\"wp-block-paragraph\">Durante estos 24 meses la l\u00ednea pas\u00f3 de transportar 25 mil toneladas promedio mensuales a 40 mil llegando incluso al r\u00e9cord de 48.528 toneladas despachadas en mayo de 2022, alcanzando registros de 2011. Se sumaron y reincorporaron siete clientes y se recuper\u00f3 el transporte de cemento y pasta de celulosa entre Misiones y Buenos Aires, las dos cabeceras de la l\u00ednea.<\/p>\n\n\n\n<p class=\"wp-block-paragraph\">Este crecimiento se logr\u00f3 pese a dos frenos inesperados: la pandemia del Covid-19 y los incendios forestales ocurridos en marzo de este a\u00f1o en Corrientes, que mantuvieron a la traza afectada durante dos meses, en los que se doblaron los trabajos con m\u00e1s personal para que la v\u00eda vuelva a estar operativa en tiempo r\u00e9cord.<\/p>\n\n\n\n<p class=\"wp-block-paragraph\">En cuanto a la diversidad de carga que corre por las v\u00edas mesopot\u00e1micas, los \u00e1ridos (piedra partida) son el principal producto con origen en Corrientes seguido por la carga general en la que se cuentan raleo, cemento y pasta de celulosa en su flujo Buenos Aires-Misiones y viceversa. Finalmente, y no menor, el segmento agr\u00edcola proveniente de Entre R\u00edos.<\/p>\n\n\n\n<p class=\"wp-block-paragraph\">En 2021, se llevaron adelante y finalizaron tres obras de mantenimiento y actualmente est\u00e1n en ejecuci\u00f3n otras cuatro. El dato a remarcar es que estos proyectos de acondicionamiento de infraestructura f\u00e9rrea se dan en sectores estrat\u00e9gicos que cubren cerca de 100 kil\u00f3metros y que mejorar\u00e1n la seguridad y estabilidad de las formaciones.<\/p>\n\n\n\n<p class=\"wp-block-paragraph\">El total de v\u00edas activas de la l\u00ednea Urquiza ascienden a 1.500 que pasan por Buenos Aires, Entre R\u00edos, Corrientes y Misiones. Se cubren con 14 locomotoras y 947 vagones; todo movilizado por la operatoria de 571 trabajadores y trabajadoras. La recuperaci\u00f3n de la cabecera norte fue el primer paso estrat\u00e9gico en el esquema de esta gesti\u00f3n.<\/p>\n\n\n\n<p class=\"wp-block-paragraph\">En tanto, los potenciales de amplificaci\u00f3n de la carga, adem\u00e1s de seguir sumando clientes, se proyecta ahora, la recuperaci\u00f3n de los tr\u00e1ficos internacionales entre Posadas en Misiones y Encarnaci\u00f3n en Paraguay.<\/p>\n\n\n\n<p class=\"wp-block-paragraph\">Fuente: T\u00e9lam<\/p>\n\n\n\n<div class=\"wp-block-image\"><figure class=\"aligncenter size-large is-resized\"><img decoding=\"async\" src=\"https:\/\/agendadelsur.com\/wp-content\/uploads\/2022\/07\/total-nuevo-14-feb-22-13-729x1024.jpg\" alt=\"\" class=\"wp-image-23199\" width=\"-376\" height=\"-527\" srcset=\"https:\/\/agendadelsur.com\/wp-content\/uploads\/2022\/07\/total-nuevo-14-feb-22-13-729x1024.jpg 729w, https:\/\/agendadelsur.com\/wp-content\/uploads\/2022\/07\/total-nuevo-14-feb-22-13-214x300.jpg 214w, https:\/\/agendadelsur.com\/wp-content\/uploads\/2022\/07\/total-nuevo-14-feb-22-13-768x1079.jpg 768w, https:\/\/agendadelsur.com\/wp-content\/uploads\/2022\/07\/total-nuevo-14-feb-22-13.jpg 929w\" sizes=\"(max-width: 729px) 100vw, 729px\" \/><\/figure><\/div>\n\n\n\n<div class=\"wp-block-image\"><figure class=\"aligncenter size-full\"><img loading=\"lazy\" decoding=\"async\" width=\"300\" height=\"250\" src=\"https:\/\/agendadelsur.com\/wp-content\/uploads\/2022\/07\/VIDRIOS-AVELLANEDA-V-300x250-45.jpg\" alt=\"\" class=\"wp-image-23198\"\/><\/figure><\/div>\n","protected":false},"excerpt":{"rendered":"<p>Es en el marco de la reactivaci\u00f3n de la l\u00ednea mesopot\u00e1mica y como parte del Plan de Modernizaci\u00f3n del Transporte el tren volver\u00e1 a llegar hasta Encarnaci\u00f3n despu\u00e9s de siete a\u00f1os sin servicios. Esto permitir\u00e1 extender el recorrido y aumentar las cargas transportadas, fortaleciendo la log\u00edstica, as\u00ed como al desarrollo de las econom\u00edas regionales. Seg\u00fan [&hellip;]<\/p>\n","protected":false},"author":2,"featured_media":23200,"comment_status":"closed","ping_status":"open","sticky":false,"template":"","format":"standard","meta":{"_jetpack_newsletter_access":"","_jetpack_dont_email_post_to_subs":false,"_jetpack_newsletter_tier_id":0,"_jetpack_memberships_contains_paywalled_content":false,"_jetpack_feature_clip_id":0,"_jetpack_memberships_contains_paid_content":false,"footnotes":"","jetpack_post_was_ever_published":false},"categories":[9],"tags":[6888,6887],"class_list":["post-23197","post","type-post","status-publish","format-standard","has-post-thumbnail","hentry","category-noticias-nacionales","tag-ferrocarril-urquiza","tag-ferrocarril-urquiza-cargas"],"jetpack_sharing_enabled":true,"jetpack_featured_media_url":"https:\/\/agendadelsur.com\/wp-content\/uploads\/2022\/07\/TRANSPORTE-DE-CARGAS-LALINEA-URQUIZA-DUPLICO-LA-CARGA-TRANSPORTADA-EN-OCTUBRE-TRAS-SU-REACTIVACION1.jpg","_links":{"self":[{"href":"https:\/\/agendadelsur.com\/index.php\/wp-json\/wp\/v2\/posts\/23197","targetHints":{"allow":["GET"]}}],"collection":[{"href":"https:\/\/agendadelsur.com\/index.php\/wp-json\/wp\/v2\/posts"}],"about":[{"href":"https:\/\/agendadelsur.com\/index.php\/wp-json\/wp\/v2\/types\/post"}],"author":[{"embeddable":true,"href":"https:\/\/agendadelsur.com\/index.php\/wp-json\/wp\/v2\/users\/2"}],"replies":[{"embeddable":true,"href":"https:\/\/agendadelsur.com\/index.php\/wp-json\/wp\/v2\/comments?post=23197"}],"version-history":[{"count":1,"href":"https:\/\/agendadelsur.com\/index.php\/wp-json\/wp\/v2\/posts\/23197\/revisions"}],"predecessor-version":[{"id":23202,"href":"https:\/\/agendadelsur.com\/index.php\/wp-json\/wp\/v2\/posts\/23197\/revisions\/23202"}],"wp:featuredmedia":[{"embeddable":true,"href":"https:\/\/agendadelsur.com\/index.php\/wp-json\/wp\/v2\/media\/23200"}],"wp:attachment":[{"href":"https:\/\/agendadelsur.com\/index.php\/wp-json\/wp\/v2\/media?parent=23197"}],"wp:term":[{"taxonomy":"category","embeddable":true,"href":"https:\/\/agendadelsur.com\/index.php\/wp-json\/wp\/v2\/categories?post=23197"},{"taxonomy":"post_tag","embeddable":true,"href":"https:\/\/agendadelsur.com\/index.php\/wp-json\/wp\/v2\/tags?post=23197"}],"curies":[{"name":"wp","href":"https:\/\/api.w.org\/{rel}","templated":true}]}}