{"id":23247,"date":"2022-07-30T01:25:03","date_gmt":"2022-07-30T04:25:03","guid":{"rendered":"https:\/\/agendadelsur.com\/?p=23247"},"modified":"2022-07-30T01:25:04","modified_gmt":"2022-07-30T04:25:04","slug":"vacaciones-en-avellaneda","status":"publish","type":"post","link":"https:\/\/agendadelsur.com\/index.php\/2022\/07\/30\/vacaciones-en-avellaneda\/","title":{"rendered":"Vacaciones en Avellaneda"},"content":{"rendered":"\n<h4 class=\"has-text-color wp-block-heading\" style=\"color:#fc0206\">Ultimo d\u00eda para disfrutar los espect\u00e1culos gratuitos que ofrece la ciudad.<\/h4>\n\n\n\n<div class=\"wp-block-image\"><figure class=\"aligncenter size-full is-resized\"><img decoding=\"async\" src=\"https:\/\/agendadelsur.com\/wp-content\/uploads\/2022\/07\/VACACIONES-II.jpg\" alt=\"\" class=\"wp-image-23248\" width=\"-202\" height=\"-138\" srcset=\"https:\/\/agendadelsur.com\/wp-content\/uploads\/2022\/07\/VACACIONES-II.jpg 700w, https:\/\/agendadelsur.com\/wp-content\/uploads\/2022\/07\/VACACIONES-II-300x206.jpg 300w\" sizes=\"(max-width: 700px) 100vw, 700px\" \/><\/figure><\/div>\n\n\n\n<p class=\"wp-block-paragraph\">La programaci\u00f3n del s\u00e1bado 30 en: \u00a0<a href=\"file:\/\/\/C:\/Users\/Agenda%20del%20Sur\/Documents\/MAYO%2021\">vacaciones.mda.gob.ar<\/a><\/p>\n\n\n\n<div class=\"wp-block-image\"><figure class=\"aligncenter size-full\"><img loading=\"lazy\" decoding=\"async\" width=\"300\" height=\"300\" src=\"https:\/\/agendadelsur.com\/wp-content\/uploads\/2022\/07\/agenda-del-sur-47.png\" alt=\"\" class=\"wp-image-23251\" srcset=\"https:\/\/agendadelsur.com\/wp-content\/uploads\/2022\/07\/agenda-del-sur-47.png 300w, https:\/\/agendadelsur.com\/wp-content\/uploads\/2022\/07\/agenda-del-sur-47-150x150.png 150w\" sizes=\"auto, (max-width: 300px) 100vw, 300px\" \/><\/figure><\/div>\n\n\n\n<div class=\"wp-block-image\"><figure class=\"aligncenter size-full\"><img loading=\"lazy\" decoding=\"async\" width=\"300\" height=\"300\" src=\"https:\/\/agendadelsur.com\/wp-content\/uploads\/2022\/07\/MILLANEL-INT.-1-64.jpg\" alt=\"\" class=\"wp-image-23250\" srcset=\"https:\/\/agendadelsur.com\/wp-content\/uploads\/2022\/07\/MILLANEL-INT.-1-64.jpg 300w, https:\/\/agendadelsur.com\/wp-content\/uploads\/2022\/07\/MILLANEL-INT.-1-64-150x150.jpg 150w\" sizes=\"auto, (max-width: 300px) 100vw, 300px\" \/><\/figure><\/div>\n","protected":false},"excerpt":{"rendered":"<p>Ultimo d\u00eda para disfrutar los espect\u00e1culos gratuitos que ofrece la ciudad. La programaci\u00f3n del s\u00e1bado 30 en: \u00a0vacaciones.mda.gob.ar<\/p>\n","protected":false},"author":2,"featured_media":23249,"comment_status":"closed","ping_status":"open","sticky":false,"template":"","format":"standard","meta":{"_jetpack_newsletter_access":"","_jetpack_dont_email_post_to_subs":false,"_jetpack_newsletter_tier_id":0,"_jetpack_memberships_contains_paywalled_content":false,"_jetpack_feature_clip_id":0,"_jetpack_memberships_contains_paid_content":false,"footnotes":"","jetpack_post_was_ever_published":false},"categories":[4],"tags":[6,6760],"class_list":["post-23247","post","type-post","status-publish","format-standard","has-post-thumbnail","hentry","category-avellaneda","tag-avellaneda","tag-vacaciones-en-avellaneda"],"jetpack_sharing_enabled":true,"jetpack_featured_media_url":"https:\/\/agendadelsur.com\/wp-content\/uploads\/2022\/07\/VACACIONES.jpg","_links":{"self":[{"href":"https:\/\/agendadelsur.com\/index.php\/wp-json\/wp\/v2\/posts\/23247","targetHints":{"allow":["GET"]}}],"collection":[{"href":"https:\/\/agendadelsur.com\/index.php\/wp-json\/wp\/v2\/posts"}],"about":[{"href":"https:\/\/agendadelsur.com\/index.php\/wp-json\/wp\/v2\/types\/post"}],"author":[{"embeddable":true,"href":"https:\/\/agendadelsur.com\/index.php\/wp-json\/wp\/v2\/users\/2"}],"replies":[{"embeddable":true,"href":"https:\/\/agendadelsur.com\/index.php\/wp-json\/wp\/v2\/comments?post=23247"}],"version-history":[{"count":1,"href":"https:\/\/agendadelsur.com\/index.php\/wp-json\/wp\/v2\/posts\/23247\/revisions"}],"predecessor-version":[{"id":23252,"href":"https:\/\/agendadelsur.com\/index.php\/wp-json\/wp\/v2\/posts\/23247\/revisions\/23252"}],"wp:featuredmedia":[{"embeddable":true,"href":"https:\/\/agendadelsur.com\/index.php\/wp-json\/wp\/v2\/media\/23249"}],"wp:attachment":[{"href":"https:\/\/agendadelsur.com\/index.php\/wp-json\/wp\/v2\/media?parent=23247"}],"wp:term":[{"taxonomy":"category","embeddable":true,"href":"https:\/\/agendadelsur.com\/index.php\/wp-json\/wp\/v2\/categories?post=23247"},{"taxonomy":"post_tag","embeddable":true,"href":"https:\/\/agendadelsur.com\/index.php\/wp-json\/wp\/v2\/tags?post=23247"}],"curies":[{"name":"wp","href":"https:\/\/api.w.org\/{rel}","templated":true}]}}