{"id":23278,"date":"2022-07-31T17:57:50","date_gmt":"2022-07-31T20:57:50","guid":{"rendered":"https:\/\/agendadelsur.com\/?p=23278"},"modified":"2022-07-31T20:50:31","modified_gmt":"2022-07-31T23:50:31","slug":"construccion-de-un-centro-de-desarrollo-cientifico-en-catamarca","status":"publish","type":"post","link":"https:\/\/agendadelsur.com\/index.php\/2022\/07\/31\/construccion-de-un-centro-de-desarrollo-cientifico-en-catamarca\/","title":{"rendered":"El Gobierno Nacional Construye un Centro de Desarrollo Cient\u00edfico en Catamarca"},"content":{"rendered":"\n<h5 class=\"has-text-color wp-block-heading\" style=\"color:#f20509\">Ser\u00e1 financiado por el Ministerio de Ciencia de la Naci\u00f3n y estar\u00e1 situado en la localidad de Colonia Nueva Coneta, en el Departamento Capay\u00e1n. Tiene el objetivo de crear un ecosistema entre los sectores cient\u00edfico-tecnol\u00f3gico, gubernamental y empresarial que impulse empresas de base tecnol\u00f3gica con alta capacidad innovadora.<\/h5>\n\n\n\n<div class=\"wp-block-image\"><figure class=\"aligncenter size-full\"><img loading=\"lazy\" decoding=\"async\" width=\"500\" height=\"343\" src=\"https:\/\/agendadelsur.com\/wp-content\/uploads\/2022\/07\/gobierno-aprobo-politica-nacional-para-desarrollo-10541.jpg\" alt=\"\" class=\"wp-image-23279\" srcset=\"https:\/\/agendadelsur.com\/wp-content\/uploads\/2022\/07\/gobierno-aprobo-politica-nacional-para-desarrollo-10541.jpg 500w, https:\/\/agendadelsur.com\/wp-content\/uploads\/2022\/07\/gobierno-aprobo-politica-nacional-para-desarrollo-10541-300x206.jpg 300w\" sizes=\"auto, (max-width: 500px) 100vw, 500px\" \/><\/figure><\/div>\n\n\n\n<p class=\"wp-block-paragraph\">Para la construcci\u00f3n del Centro, el Ministerio de Ciencia, destinar\u00e1 4 millones de d\u00f3lares cuya erogaci\u00f3n se realizar\u00e1 en pesos argentinos al valor del tipo de cambio vendedor, publicado por el Banco de la Naci\u00f3n Argentina, el d\u00eda h\u00e1bil inmediato anterior a la fecha de la firma del convenio.<\/p>\n\n\n\n<p class=\"wp-block-paragraph\">El Ministro de Ciencia, Tecnolog\u00eda e Innovaci\u00f3n Daniel Filmus firm\u00f3 junto con el Gobernador de la provincia de Catamarca Ra\u00fal Jalil, un convenio de ejecuci\u00f3n, en el marco del Programa Federal \u201cConstruir Ciencia\u201d, para la construcci\u00f3n de un Centro de Desarrollo Cient\u00edfico, Tecnol\u00f3gico y Productivo en la localidad de Colonia Nueva Coneta en el Departamento Capay\u00e1n.<\/p>\n\n\n\n<p class=\"wp-block-paragraph\">Filmus destac\u00f3 que Catamarca \u201ctiene una iniciativa enorme y este centro est\u00e1 en l\u00ednea con nuestro objetivo de federalizar la ciencia en todo el pa\u00eds. Hoy la actividad cient\u00edfica est\u00e1 concentrada en la regi\u00f3n centro y metropolitana y resulta fundamental poder llevarla a los centros productores de materia prima para agregar valor en origen\u201d.<\/p>\n\n\n\n<p class=\"wp-block-paragraph\">A su turno, Jalil agradeci\u00f3 el acompa\u00f1amiento del Presidente Alberto Fern\u00e1ndez y del ministro Filmus para construcci\u00f3n del Centro de Desarrollo Cient\u00edfico y se\u00f1al\u00f3: \u201cCon su creaci\u00f3n buscamos potenciar las capacidades cient\u00edfico-tecnol\u00f3gicas para nuestros sectores productivos, como el textil y el minero, y fortalecer la articulaci\u00f3n p\u00fablico-privada\u201d.<\/p>\n\n\n\n<p class=\"wp-block-paragraph\">Sobre \u201cConstruir Ciencia\u201d<\/p>\n\n\n\n<p class=\"wp-block-paragraph\">El Programa Federal \u201cConstruir Ciencia\u201d tiene como objetivo contribuir al fortalecimiento de las capacidades de investigaci\u00f3n cient\u00edfica, desarrollo e innovaci\u00f3n tecnol\u00f3gica de las instituciones del Sistema Nacional de Ciencia, Tecnolog\u00eda e Innovaci\u00f3n, a trav\u00e9s de la creaci\u00f3n o adecuaci\u00f3n de sus infraestructuras para reducir asimetr\u00edas existentes entre jurisdicciones y regiones del pa\u00eds. Hasta el momento, se firmaron convenios para la realizaci\u00f3n de 22 obras de infraestructura cient\u00edfico-tecnol\u00f3gica en 16 provincias por un total de $9.900 millones de pesos.<\/p>\n\n\n\n<p class=\"wp-block-paragraph\">Fuente: Ministerio de Ciencia y Tecnolog\u00eda de la Naci\u00f3n<\/p>\n\n\n\n<div class=\"wp-block-image\"><figure class=\"aligncenter size-full\"><img loading=\"lazy\" decoding=\"async\" width=\"300\" height=\"250\" src=\"https:\/\/agendadelsur.com\/wp-content\/uploads\/2022\/07\/VITALAB-AAABBB-78.jpg\" alt=\"\" class=\"wp-image-23281\"\/><\/figure><\/div>\n\n\n\n<div class=\"wp-block-image\"><figure class=\"aligncenter size-full\"><img loading=\"lazy\" decoding=\"async\" width=\"300\" height=\"300\" src=\"https:\/\/agendadelsur.com\/wp-content\/uploads\/2022\/07\/MILLANEL-INT.-1-66.jpg\" alt=\"\" class=\"wp-image-23282\" srcset=\"https:\/\/agendadelsur.com\/wp-content\/uploads\/2022\/07\/MILLANEL-INT.-1-66.jpg 300w, https:\/\/agendadelsur.com\/wp-content\/uploads\/2022\/07\/MILLANEL-INT.-1-66-150x150.jpg 150w\" sizes=\"auto, (max-width: 300px) 100vw, 300px\" \/><\/figure><\/div>\n","protected":false},"excerpt":{"rendered":"<p>Ser\u00e1 financiado por el Ministerio de Ciencia de la Naci\u00f3n y estar\u00e1 situado en la localidad de Colonia Nueva Coneta, en el Departamento Capay\u00e1n. Tiene el objetivo de crear un ecosistema entre los sectores cient\u00edfico-tecnol\u00f3gico, gubernamental y empresarial que impulse empresas de base tecnol\u00f3gica con alta capacidad innovadora. Para la construcci\u00f3n del Centro, el Ministerio [&hellip;]<\/p>\n","protected":false},"author":2,"featured_media":23280,"comment_status":"closed","ping_status":"open","sticky":false,"template":"","format":"standard","meta":{"_jetpack_newsletter_access":"","_jetpack_dont_email_post_to_subs":false,"_jetpack_newsletter_tier_id":0,"_jetpack_memberships_contains_paywalled_content":false,"_jetpack_feature_clip_id":0,"_jetpack_memberships_contains_paid_content":false,"footnotes":"","jetpack_post_was_ever_published":false},"categories":[6901,9],"tags":[4211,6902],"class_list":["post-23278","post","type-post","status-publish","format-standard","has-post-thumbnail","hentry","category-catamarca","category-noticias-nacionales","tag-catamarca","tag-desarrollo-cientifico-en-catamarca"],"jetpack_sharing_enabled":true,"jetpack_featured_media_url":"https:\/\/agendadelsur.com\/wp-content\/uploads\/2022\/07\/dsc9317.jpg","_links":{"self":[{"href":"https:\/\/agendadelsur.com\/index.php\/wp-json\/wp\/v2\/posts\/23278","targetHints":{"allow":["GET"]}}],"collection":[{"href":"https:\/\/agendadelsur.com\/index.php\/wp-json\/wp\/v2\/posts"}],"about":[{"href":"https:\/\/agendadelsur.com\/index.php\/wp-json\/wp\/v2\/types\/post"}],"author":[{"embeddable":true,"href":"https:\/\/agendadelsur.com\/index.php\/wp-json\/wp\/v2\/users\/2"}],"replies":[{"embeddable":true,"href":"https:\/\/agendadelsur.com\/index.php\/wp-json\/wp\/v2\/comments?post=23278"}],"version-history":[{"count":2,"href":"https:\/\/agendadelsur.com\/index.php\/wp-json\/wp\/v2\/posts\/23278\/revisions"}],"predecessor-version":[{"id":23284,"href":"https:\/\/agendadelsur.com\/index.php\/wp-json\/wp\/v2\/posts\/23278\/revisions\/23284"}],"wp:featuredmedia":[{"embeddable":true,"href":"https:\/\/agendadelsur.com\/index.php\/wp-json\/wp\/v2\/media\/23280"}],"wp:attachment":[{"href":"https:\/\/agendadelsur.com\/index.php\/wp-json\/wp\/v2\/media?parent=23278"}],"wp:term":[{"taxonomy":"category","embeddable":true,"href":"https:\/\/agendadelsur.com\/index.php\/wp-json\/wp\/v2\/categories?post=23278"},{"taxonomy":"post_tag","embeddable":true,"href":"https:\/\/agendadelsur.com\/index.php\/wp-json\/wp\/v2\/tags?post=23278"}],"curies":[{"name":"wp","href":"https:\/\/api.w.org\/{rel}","templated":true}]}}