{"id":23291,"date":"2022-08-01T00:32:53","date_gmt":"2022-08-01T03:32:53","guid":{"rendered":"https:\/\/agendadelsur.com\/?p=23291"},"modified":"2022-08-01T00:32:54","modified_gmt":"2022-08-01T03:32:54","slug":"acuerdo-de-argentina-y-bolivia-para-la-produccion-de-celdas-y-baterias-de-litio","status":"publish","type":"post","link":"https:\/\/agendadelsur.com\/index.php\/2022\/08\/01\/acuerdo-de-argentina-y-bolivia-para-la-produccion-de-celdas-y-baterias-de-litio\/","title":{"rendered":"Acuerdo de Argentina y Bolivia para la producci\u00f3n de celdas y bater\u00edas de litio"},"content":{"rendered":"\n<h5 class=\"has-text-color wp-block-heading\" style=\"color:#f20206\">El convenio de cooperaci\u00f3n cient\u00edfico-tecnol\u00f3gico fue celebrado entre YPF Tecnolog\u00eda y la Empresa P\u00fablica Nacional Estrat\u00e9gica de Yacimientos de Litio Bolivianos. Abordar\u00e1 actividades y tem\u00e1ticas vinculadas con la producci\u00f3n de materiales cat\u00f3dicos a partir de sales de litio producidos localmente, el desarrollo de una planta de producci\u00f3n, y la colaboraci\u00f3n y capacitaci\u00f3n t\u00e9cnica y cient\u00edfica de profesionales e investigadores.<\/h5>\n\n\n\n<div class=\"wp-block-image\"><figure class=\"aligncenter size-full is-resized\"><img loading=\"lazy\" decoding=\"async\" src=\"https:\/\/agendadelsur.com\/wp-content\/uploads\/2022\/08\/4..jpg\" alt=\"\" class=\"wp-image-23292\" width=\"663\" height=\"373\" srcset=\"https:\/\/agendadelsur.com\/wp-content\/uploads\/2022\/08\/4..jpg 500w, https:\/\/agendadelsur.com\/wp-content\/uploads\/2022\/08\/4.-300x169.jpg 300w\" sizes=\"auto, (max-width: 663px) 100vw, 663px\" \/><\/figure><\/div>\n\n\n\n<p class=\"wp-block-paragraph\">En el marco del memorando de entendimiento en investigaci\u00f3n cient\u00edfico-tecnol\u00f3gica en el \u00e1rea de recursos evapor\u00edticos y litio, firmado por los ministros de Ciencia de Argentina y Bolivia en el mes de abril en Casa Rosada, ante la presencia del Presidente de la Naci\u00f3n, Alberto Fern\u00e1ndez, y de su par boliviano Luis Arce, este jueves se dio firma a un convenio marco para la promoci\u00f3n, planificaci\u00f3n, coordinaci\u00f3n y ejecuci\u00f3n de actividades de cooperaci\u00f3n cient\u00edfico-tecnol\u00f3gica para la producci\u00f3n de celdas y bater\u00edas de ion litio con tecnolog\u00eda aut\u00f3noma entre <a>YPF Tecnolog\u00eda <\/a>(Y-TEC) y la Empresa P\u00fablica Nacional Estrat\u00e9gica de Yacimientos de Litio Bolivianos (YLB).<\/p>\n\n\n\n<p class=\"wp-block-paragraph\">La firma del acuerdo estuvo a cargo del Presidente del Directorio de Y-TEC, Roberto Salvarezza y el Presidente Ejecutivo de YLB, Carlos Humberto Ramos Mamani. El acuerdo cont\u00f3 con el respaldo del Ministro de Ciencia, Tecnolog\u00eda e Innovaci\u00f3n, Daniel Filmus; el Ministro de Hidrocarburos y Energ\u00edas del Estado Plurinacional de Bolivia, Franklin Molina Ort\u00edz; y el presidente de YPF, Pablo Gonz\u00e1lez. Por su parte, la Canciller\u00eda argentina acompa\u00f1\u00f3 las gestiones que permitieron la firma del instrumento.<\/p>\n\n\n\n<p class=\"wp-block-paragraph\">Filmus expres\u00f3 que la firma del acuerdo \u201cconsolida la cooperaci\u00f3n cient\u00edfico-tecnol\u00f3gica entre Argentina y Bolivia y va en l\u00ednea con el memorando que firmamos en abril en Casa Rosada con la presencia de ambos presidentes. El litio es un recurso natural estrat\u00e9gico y este acuerdo nos permitir\u00e1 sumar sinergia para la investigaci\u00f3n, el intercambio de conocimiento, la capacitaci\u00f3n de profesionales, la explotaci\u00f3n y la producci\u00f3n con agregado de valor\u201d.<\/p>\n\n\n\n<p class=\"wp-block-paragraph\">Con relaci\u00f3n a este \u00faltimo punto, Filmus subray\u00f3 la necesidad de \u201cdejar de ser un pa\u00eds que solo exporta recursos primarios y pasar a darles valor agregado, industrializarlos y posicionarnos en el mundo ante un escenario que transiciona hacia este mineral. Debemos cambiar la matriz productiva y potenciar nuestras exportaciones\u201d.<\/p>\n\n\n\n<p class=\"wp-block-paragraph\">Por su parte, Molina Ort\u00edz ponder\u00f3 el trabajo conjunto entre ambas instituciones y resalt\u00f3 que el acuerdo \u201cprofundiza los lazos de hermandad, a la vez que posibilita el intercambio tecnol\u00f3gico y de experiencias entre ambos pa\u00edses, a partir de los procesos de industrializaci\u00f3n y desarrollo en ciencia y tecnolog\u00eda. Se da en el marco de las acciones que venimos realizando, con la voluntad de nuestros presidentes, desde la firma del memorando en Buenos Aires\u201d.<\/p>\n\n\n\n<p class=\"wp-block-paragraph\">Seguidamente, Pablo Gonz\u00e1lez manifest\u00f3: \u201cEl litio es lo que viene en materia energ\u00e9tica, clave para el futuro. Tenemos que ganar velocidad en el avance tecnol\u00f3gico. Todo aquello que nos permita estrechar lazos con socios estrat\u00e9gicos, como es el caso de Bolivia, siempre nos tendr\u00e1 con las puertas abiertas\u201d.<\/p>\n\n\n\n<p class=\"wp-block-paragraph\">A su turno, Salvarezza destac\u00f3: \u201cEsta alianza para nosotros es estrat\u00e9gica. La cooperaci\u00f3n regional nos permitir\u00e1 generar avances tecnol\u00f3gicos locales, y generar conocimiento conjunto necesario para empezar a desarrollar toda la cadena de valor del litio, incluida la producci\u00f3n de celdas y bater\u00edas\u201d.<\/p>\n\n\n\n<p class=\"wp-block-paragraph\">Por \u00faltimo, Ramos Mamani sostuvo que el convenio \u201cnos permite abrir un camino m\u00e1s de cooperaci\u00f3n entre Argentina y Bolivia. Tenemos que generar un desarrollo regional estrat\u00e9gico conjunto para la industria del litio que es muy importante para ambos pa\u00edses.<\/p>\n\n\n\n<p class=\"wp-block-paragraph\">Del encuentro participaron, adem\u00e1s, la Directora General Ejecutiva de la Agencia Boliviana de Energ\u00eda Nuclear, Hortensia Jim\u00e9nez; el Embajador Argentino en Bolivia, Ariel Basteiro; el Embajador del Estado Plurinacional de Bolivia en Argentina, Jorge Ramiro Tapia Sainz, y el asesor del MINCyT, Guillermo Salvatierra.<\/p>\n\n\n\n<p class=\"wp-block-paragraph\">Fuente: Ministerio de Ciencia y Tecnolog\u00eda d la Naci\u00f3n<\/p>\n","protected":false},"excerpt":{"rendered":"<p>El convenio de cooperaci\u00f3n cient\u00edfico-tecnol\u00f3gico fue celebrado entre YPF Tecnolog\u00eda y la Empresa P\u00fablica Nacional Estrat\u00e9gica de Yacimientos de Litio Bolivianos. Abordar\u00e1 actividades y tem\u00e1ticas vinculadas con la producci\u00f3n de materiales cat\u00f3dicos a partir de sales de litio producidos localmente, el desarrollo de una planta de producci\u00f3n, y la colaboraci\u00f3n y capacitaci\u00f3n t\u00e9cnica y cient\u00edfica [&hellip;]<\/p>\n","protected":false},"author":2,"featured_media":23293,"comment_status":"closed","ping_status":"open","sticky":false,"template":"","format":"standard","meta":{"_jetpack_newsletter_access":"","_jetpack_dont_email_post_to_subs":false,"_jetpack_newsletter_tier_id":0,"_jetpack_memberships_contains_paywalled_content":false,"_jetpack_feature_clip_id":0,"_jetpack_memberships_contains_paid_content":false,"footnotes":"","jetpack_post_was_ever_published":false},"categories":[576,9],"tags":[6904,2664],"class_list":["post-23291","post","type-post","status-publish","format-standard","has-post-thumbnail","hentry","category-internacionales","category-noticias-nacionales","tag-argentina-y-bolivia-litio","tag-litio"],"jetpack_sharing_enabled":true,"jetpack_featured_media_url":"https:\/\/agendadelsur.com\/wp-content\/uploads\/2022\/08\/2.-litio.jpg","_links":{"self":[{"href":"https:\/\/agendadelsur.com\/index.php\/wp-json\/wp\/v2\/posts\/23291","targetHints":{"allow":["GET"]}}],"collection":[{"href":"https:\/\/agendadelsur.com\/index.php\/wp-json\/wp\/v2\/posts"}],"about":[{"href":"https:\/\/agendadelsur.com\/index.php\/wp-json\/wp\/v2\/types\/post"}],"author":[{"embeddable":true,"href":"https:\/\/agendadelsur.com\/index.php\/wp-json\/wp\/v2\/users\/2"}],"replies":[{"embeddable":true,"href":"https:\/\/agendadelsur.com\/index.php\/wp-json\/wp\/v2\/comments?post=23291"}],"version-history":[{"count":1,"href":"https:\/\/agendadelsur.com\/index.php\/wp-json\/wp\/v2\/posts\/23291\/revisions"}],"predecessor-version":[{"id":23294,"href":"https:\/\/agendadelsur.com\/index.php\/wp-json\/wp\/v2\/posts\/23291\/revisions\/23294"}],"wp:featuredmedia":[{"embeddable":true,"href":"https:\/\/agendadelsur.com\/index.php\/wp-json\/wp\/v2\/media\/23293"}],"wp:attachment":[{"href":"https:\/\/agendadelsur.com\/index.php\/wp-json\/wp\/v2\/media?parent=23291"}],"wp:term":[{"taxonomy":"category","embeddable":true,"href":"https:\/\/agendadelsur.com\/index.php\/wp-json\/wp\/v2\/categories?post=23291"},{"taxonomy":"post_tag","embeddable":true,"href":"https:\/\/agendadelsur.com\/index.php\/wp-json\/wp\/v2\/tags?post=23291"}],"curies":[{"name":"wp","href":"https:\/\/api.w.org\/{rel}","templated":true}]}}