{"id":23305,"date":"2022-08-01T16:14:55","date_gmt":"2022-08-01T19:14:55","guid":{"rendered":"https:\/\/agendadelsur.com\/?p=23305"},"modified":"2022-08-01T16:14:56","modified_gmt":"2022-08-01T19:14:56","slug":"mas-de-136-mil-personas-disfrutaron-las-vacaciones-de-invierno-en-avellaneda","status":"publish","type":"post","link":"https:\/\/agendadelsur.com\/index.php\/2022\/08\/01\/mas-de-136-mil-personas-disfrutaron-las-vacaciones-de-invierno-en-avellaneda\/","title":{"rendered":"M\u00e1s de 136 mil personas disfrutaron las vacaciones de invierno en Avellaneda"},"content":{"rendered":"\n<h5 class=\"has-text-color wp-block-heading\" style=\"color:#f0070b\">El municipio brind\u00f3 una gran variedad de espect\u00e1culos gratuitos en diferentes barrios de la ciudad durante la quincena del receso invernal y en el cierre organiz\u00f3 la mega expo \u201cAvellaneda Gamer\u201d.\u00a0<\/h5>\n\n\n\n<div class=\"wp-block-image\"><figure class=\"aligncenter size-large is-resized\"><img loading=\"lazy\" decoding=\"async\" src=\"https:\/\/agendadelsur.com\/wp-content\/uploads\/2022\/08\/296929091_461192192494787_5902294896896051540_n-1024x680.jpg\" alt=\"\" class=\"wp-image-23306\" width=\"520\" height=\"345\" srcset=\"https:\/\/agendadelsur.com\/wp-content\/uploads\/2022\/08\/296929091_461192192494787_5902294896896051540_n-1024x680.jpg 1024w, https:\/\/agendadelsur.com\/wp-content\/uploads\/2022\/08\/296929091_461192192494787_5902294896896051540_n-300x199.jpg 300w, https:\/\/agendadelsur.com\/wp-content\/uploads\/2022\/08\/296929091_461192192494787_5902294896896051540_n-768x510.jpg 768w, https:\/\/agendadelsur.com\/wp-content\/uploads\/2022\/08\/296929091_461192192494787_5902294896896051540_n.jpg 1080w\" sizes=\"auto, (max-width: 520px) 100vw, 520px\" \/><\/figure><\/div>\n\n\n\n<p class=\"wp-block-paragraph\">Como todos los a\u00f1os en vacaciones de invierno, el Municipio de Avellaneda puso a disposici\u00f3n de su comunidad una variada oferta de actividades que culmin\u00f3 el fin de semana con la organizaci\u00f3n de la expo&nbsp;\u201cAvellaneda Gamer\u201d en el Parque La Estaci\u00f3n.&nbsp;<\/p>\n\n\n\n<p class=\"wp-block-paragraph\">Por primera vez en la ciudad se desarroll\u00f3 una exposici\u00f3n dedicada exclusivamente a distintas formas de juegos, con PCs gamer, dispositivos de realidad virtual, arcades, torneos y la presencia del influencer Joaco L\u00f3pez y Los Pibes de La Esquina, que convoc\u00f3 a una multitud de m\u00e1s de 70 mil ni\u00f1xs y j\u00f3venes durante el fin de semana y que cont\u00f3 con la visita del intendente Alejo Chornobroff en ambas jornadas.<\/p>\n\n\n\n<div class=\"wp-block-image\"><figure class=\"aligncenter size-large is-resized\"><img loading=\"lazy\" decoding=\"async\" src=\"https:\/\/agendadelsur.com\/wp-content\/uploads\/2022\/08\/295536156_1714910685509273_5970012595131325022_n-1024x683.jpg\" alt=\"\" class=\"wp-image-23307\" width=\"524\" height=\"349\" srcset=\"https:\/\/agendadelsur.com\/wp-content\/uploads\/2022\/08\/295536156_1714910685509273_5970012595131325022_n-1024x683.jpg 1024w, https:\/\/agendadelsur.com\/wp-content\/uploads\/2022\/08\/295536156_1714910685509273_5970012595131325022_n-300x200.jpg 300w, https:\/\/agendadelsur.com\/wp-content\/uploads\/2022\/08\/295536156_1714910685509273_5970012595131325022_n-768x512.jpg 768w, https:\/\/agendadelsur.com\/wp-content\/uploads\/2022\/08\/295536156_1714910685509273_5970012595131325022_n.jpg 1440w\" sizes=\"auto, (max-width: 524px) 100vw, 524px\" \/><\/figure><\/div>\n\n\n\n<p class=\"wp-block-paragraph\">Esta iniciativa se sum\u00f3 a las propuestas de shows y proyecciones gratuitas que se llevaron a cabo durante el receso escolar en el Teatro Roma, el Centro Municipal de Arte, las Escuelas Municipales de Circo, el Cine Teatro Municipal de Wilde, el Instituto Municipal de Teatro, el Parque La Estaci\u00f3n y el edificio Leonardo Favio.<\/p>\n\n\n\n<div class=\"wp-block-image\"><figure class=\"aligncenter size-full is-resized\"><img loading=\"lazy\" decoding=\"async\" src=\"https:\/\/agendadelsur.com\/wp-content\/uploads\/2022\/08\/295485915_461191749161498_6720785893626808940_n.jpg\" alt=\"\" class=\"wp-image-23308\" width=\"520\" height=\"345\" srcset=\"https:\/\/agendadelsur.com\/wp-content\/uploads\/2022\/08\/295485915_461191749161498_6720785893626808940_n.jpg 960w, https:\/\/agendadelsur.com\/wp-content\/uploads\/2022\/08\/295485915_461191749161498_6720785893626808940_n-300x199.jpg 300w, https:\/\/agendadelsur.com\/wp-content\/uploads\/2022\/08\/295485915_461191749161498_6720785893626808940_n-768x510.jpg 768w\" sizes=\"auto, (max-width: 520px) 100vw, 520px\" \/><\/figure><\/div>\n\n\n\n<p class=\"wp-block-paragraph\">En cada edici\u00f3n de vacaciones, son m\u00e1s los chicos y las chicas que se suman y disfrutan en familia las m\u00faltiples actividades culturales, recreativas y deportivas, gratuitas y de calidad, que propone la comuna.<\/p>\n\n\n\n<h2 class=\"wp-block-heading\">\u00a0\u00a0<\/h2>\n\n\n\n<div class=\"wp-block-image\"><figure class=\"aligncenter size-full\"><img loading=\"lazy\" decoding=\"async\" width=\"300\" height=\"250\" src=\"https:\/\/agendadelsur.com\/wp-content\/uploads\/2022\/08\/agenda-del-sur.png\" alt=\"\" class=\"wp-image-23310\"\/><\/figure><\/div>\n\n\n\n<div class=\"wp-block-image\"><figure class=\"aligncenter size-full\"><img loading=\"lazy\" decoding=\"async\" width=\"300\" height=\"300\" src=\"https:\/\/agendadelsur.com\/wp-content\/uploads\/2022\/08\/Agregar-un-titulo.png\" alt=\"\" class=\"wp-image-23311\" srcset=\"https:\/\/agendadelsur.com\/wp-content\/uploads\/2022\/08\/Agregar-un-titulo.png 300w, https:\/\/agendadelsur.com\/wp-content\/uploads\/2022\/08\/Agregar-un-titulo-150x150.png 150w\" sizes=\"auto, (max-width: 300px) 100vw, 300px\" \/><\/figure><\/div>\n","protected":false},"excerpt":{"rendered":"<p>El municipio brind\u00f3 una gran variedad de espect\u00e1culos gratuitos en diferentes barrios de la ciudad durante la quincena del receso invernal y en el cierre organiz\u00f3 la mega expo \u201cAvellaneda Gamer\u201d.\u00a0 Como todos los a\u00f1os en vacaciones de invierno, el Municipio de Avellaneda puso a disposici\u00f3n de su comunidad una variada oferta de actividades que [&hellip;]<\/p>\n","protected":false},"author":2,"featured_media":23309,"comment_status":"closed","ping_status":"open","sticky":false,"template":"","format":"standard","meta":{"_jetpack_newsletter_access":"","_jetpack_dont_email_post_to_subs":false,"_jetpack_newsletter_tier_id":0,"_jetpack_memberships_contains_paywalled_content":false,"_jetpack_feature_clip_id":0,"_jetpack_memberships_contains_paid_content":false,"footnotes":"","jetpack_post_was_ever_published":false},"categories":[4],"tags":[2788],"class_list":["post-23305","post","type-post","status-publish","format-standard","has-post-thumbnail","hentry","category-avellaneda","tag-vacaciones-de-invierno-en-avellaneda"],"jetpack_sharing_enabled":true,"jetpack_featured_media_url":"https:\/\/agendadelsur.com\/wp-content\/uploads\/2022\/08\/294481559_421642746677540_528398779089742539_n.jpg","_links":{"self":[{"href":"https:\/\/agendadelsur.com\/index.php\/wp-json\/wp\/v2\/posts\/23305","targetHints":{"allow":["GET"]}}],"collection":[{"href":"https:\/\/agendadelsur.com\/index.php\/wp-json\/wp\/v2\/posts"}],"about":[{"href":"https:\/\/agendadelsur.com\/index.php\/wp-json\/wp\/v2\/types\/post"}],"author":[{"embeddable":true,"href":"https:\/\/agendadelsur.com\/index.php\/wp-json\/wp\/v2\/users\/2"}],"replies":[{"embeddable":true,"href":"https:\/\/agendadelsur.com\/index.php\/wp-json\/wp\/v2\/comments?post=23305"}],"version-history":[{"count":1,"href":"https:\/\/agendadelsur.com\/index.php\/wp-json\/wp\/v2\/posts\/23305\/revisions"}],"predecessor-version":[{"id":23312,"href":"https:\/\/agendadelsur.com\/index.php\/wp-json\/wp\/v2\/posts\/23305\/revisions\/23312"}],"wp:featuredmedia":[{"embeddable":true,"href":"https:\/\/agendadelsur.com\/index.php\/wp-json\/wp\/v2\/media\/23309"}],"wp:attachment":[{"href":"https:\/\/agendadelsur.com\/index.php\/wp-json\/wp\/v2\/media?parent=23305"}],"wp:term":[{"taxonomy":"category","embeddable":true,"href":"https:\/\/agendadelsur.com\/index.php\/wp-json\/wp\/v2\/categories?post=23305"},{"taxonomy":"post_tag","embeddable":true,"href":"https:\/\/agendadelsur.com\/index.php\/wp-json\/wp\/v2\/tags?post=23305"}],"curies":[{"name":"wp","href":"https:\/\/api.w.org\/{rel}","templated":true}]}}