{"id":23475,"date":"2022-08-05T21:52:12","date_gmt":"2022-08-06T00:52:12","guid":{"rendered":"https:\/\/agendadelsur.com\/?p=23475"},"modified":"2022-08-05T22:17:21","modified_gmt":"2022-08-06T01:17:21","slug":"persecucion-politica-en-jujuy","status":"publish","type":"post","link":"https:\/\/agendadelsur.com\/index.php\/2022\/08\/05\/persecucion-politica-en-jujuy\/","title":{"rendered":"Persecuci\u00f3n pol\u00edtica en Jujuy"},"content":{"rendered":"\n<h5 class=\"has-text-color wp-block-heading\" style=\"color:#f10408\">Un \u00a0militante del Movimiento de Trabajadores Excluidos (MTE), fue secuestrado por tres personas que dijeron ser polic\u00edas, lo tuvieron encerrado en un cuarto toda la noche y lo liberaron a la ma\u00f1ana siguiente.<\/h5>\n\n\n\n<div class=\"wp-block-image\"><figure class=\"aligncenter size-full is-resized\"><img loading=\"lazy\" decoding=\"async\" src=\"https:\/\/agendadelsur.com\/wp-content\/uploads\/2022\/08\/allanamientos-06jul2022-FOL-01-600x330-1.jpg\" alt=\"\" class=\"wp-image-23477\" width=\"567\" height=\"389\" srcset=\"https:\/\/agendadelsur.com\/wp-content\/uploads\/2022\/08\/allanamientos-06jul2022-FOL-01-600x330-1.jpg 700w, https:\/\/agendadelsur.com\/wp-content\/uploads\/2022\/08\/allanamientos-06jul2022-FOL-01-600x330-1-300x206.jpg 300w\" sizes=\"(max-width: 567px) 100vw, 567px\" \/><\/figure><\/div>\n\n\n\n<p>Este peligroso hecho -que rememora la represi\u00f3n parapolicial- se produce a d\u00edas de los distintos allanamientos simult\u00e1neos contra referentes de organizaciones pol\u00edticas y sociales en Jujuy.<\/p>\n\n\n\n<p>La Secretar\u00eda de Derechos Humanos de la Naci\u00f3n repudi\u00f3 el hecho mediante un comunicado.<\/p>\n\n\n\n<p>El Comunicado<\/p>\n\n\n\n<p>Seguimos con mucha atenci\u00f3n y preocupaci\u00f3n un nuevo hecho de violencia pol\u00edtica en la provincia de Jujuy. Un joven militante del MTE, de 24 a\u00f1os, fue secuestrado por tres personas que dijeron ser polic\u00edas al momento del hecho. Lo redujeron, lo encapucharon, lo subieron a un auto y lo tiraron en el piso del asiento trasero.<\/p>\n\n\n\n<p>Luego, lo ingresaron a un cuarto con un colch\u00f3n. Lo tuvieron ah\u00ed toda la noche y a la ma\u00f1ana lo volvieron a subir encapuchado al auto y lo liberaron en el mismo lugar en donde lo hab\u00edan levantado. Al celular, que se lo quitaron mientras estuvo secuestrado, se lo devolvieron sin el chip.<\/p>\n\n\n\n<p>Este grave hecho fue denunciado en la Comisar\u00eda 33 de Alto Comedero y la Secretar\u00eda de Derechos Humanos de la Naci\u00f3n se va a presentar en la causa para impulsar la investigaci\u00f3n. Los\/as compa\u00f1eros\/as del MTE agregan que permanentemente est\u00e1n siendo perseguidos por veh\u00edculos, tanto de civil como patrulleros.<\/p>\n\n\n\n<p>Este episodio se da d\u00edas despu\u00e9s de los allanamientos simult\u00e1neos contra referentes de organizaciones pol\u00edticas y sociales en Jujuy.<\/p>\n\n\n\n<p>A casi 40 a\u00f1os de la recuperaci\u00f3n de la democracia, no se pueden pasar por alto estas acciones que se vienen repitiendo y son propias del terrorismo de Estado.<\/p>\n\n\n\n<p>Secretar\u00eda de Derechos Humanos de la Naci\u00f3n<\/p>\n\n\n\n<div class=\"wp-block-image\"><figure class=\"aligncenter size-full\"><img loading=\"lazy\" decoding=\"async\" width=\"300\" height=\"250\" src=\"https:\/\/agendadelsur.com\/wp-content\/uploads\/2022\/08\/VITALAB-AAABBB.jpg\" alt=\"\" class=\"wp-image-23297\"\/><\/figure><\/div>\n\n\n\n<div class=\"wp-block-image\"><figure class=\"aligncenter size-full\"><img loading=\"lazy\" decoding=\"async\" width=\"300\" height=\"300\" src=\"https:\/\/agendadelsur.com\/wp-content\/uploads\/2022\/07\/MILLANEL-INT.-1-66.jpg\" alt=\"\" class=\"wp-image-23282\" srcset=\"https:\/\/agendadelsur.com\/wp-content\/uploads\/2022\/07\/MILLANEL-INT.-1-66.jpg 300w, https:\/\/agendadelsur.com\/wp-content\/uploads\/2022\/07\/MILLANEL-INT.-1-66-150x150.jpg 150w\" sizes=\"(max-width: 300px) 100vw, 300px\" \/><\/figure><\/div>\n","protected":false},"excerpt":{"rendered":"<p>Un \u00a0militante del Movimiento de Trabajadores Excluidos (MTE), fue secuestrado por tres personas que dijeron ser polic\u00edas, lo tuvieron encerrado en un cuarto toda la noche y lo liberaron a la ma\u00f1ana siguiente. Este peligroso hecho -que rememora la represi\u00f3n parapolicial- se produce a d\u00edas de los distintos allanamientos simult\u00e1neos contra referentes de organizaciones pol\u00edticas [&hellip;]<\/p>\n","protected":false},"author":2,"featured_media":23478,"comment_status":"closed","ping_status":"open","sticky":false,"template":"","format":"standard","meta":{"footnotes":""},"categories":[6490],"tags":[6963,6964],"_links":{"self":[{"href":"https:\/\/agendadelsur.com\/index.php\/wp-json\/wp\/v2\/posts\/23475"}],"collection":[{"href":"https:\/\/agendadelsur.com\/index.php\/wp-json\/wp\/v2\/posts"}],"about":[{"href":"https:\/\/agendadelsur.com\/index.php\/wp-json\/wp\/v2\/types\/post"}],"author":[{"embeddable":true,"href":"https:\/\/agendadelsur.com\/index.php\/wp-json\/wp\/v2\/users\/2"}],"replies":[{"embeddable":true,"href":"https:\/\/agendadelsur.com\/index.php\/wp-json\/wp\/v2\/comments?post=23475"}],"version-history":[{"count":2,"href":"https:\/\/agendadelsur.com\/index.php\/wp-json\/wp\/v2\/posts\/23475\/revisions"}],"predecessor-version":[{"id":23480,"href":"https:\/\/agendadelsur.com\/index.php\/wp-json\/wp\/v2\/posts\/23475\/revisions\/23480"}],"wp:featuredmedia":[{"embeddable":true,"href":"https:\/\/agendadelsur.com\/index.php\/wp-json\/wp\/v2\/media\/23478"}],"wp:attachment":[{"href":"https:\/\/agendadelsur.com\/index.php\/wp-json\/wp\/v2\/media?parent=23475"}],"wp:term":[{"taxonomy":"category","embeddable":true,"href":"https:\/\/agendadelsur.com\/index.php\/wp-json\/wp\/v2\/categories?post=23475"},{"taxonomy":"post_tag","embeddable":true,"href":"https:\/\/agendadelsur.com\/index.php\/wp-json\/wp\/v2\/tags?post=23475"}],"curies":[{"name":"wp","href":"https:\/\/api.w.org\/{rel}","templated":true}]}}